{"id":2266,"date":"2023-06-04T14:50:55","date_gmt":"2023-06-04T17:50:55","guid":{"rendered":"https:\/\/xn--tuvozdiasporaespaola-k7b.com\/?p=2266"},"modified":"2023-07-31T03:11:00","modified_gmt":"2023-07-31T06:11:00","slug":"el-voto-cera-influye-en-algunas-comunidades-autonomas-consolidando-o-recuperando-diputades","status":"publish","type":"post","link":"https:\/\/xn--tuvozdiasporaespaola-k7b.com\/page\/2\/el-voto-cera-influye-en-algunas-comunidades-autonomas-consolidando-o-recuperando-diputades\/","title":{"rendered":"El voto CERA influye en Algunas comunidades Aut\u00f3nomas consolidando o recuperando Diputades."},"content":{"rendered":"\n<p>En estas elecciones CERA la participaci\u00f3n fue  muy por debajo de lo previsto, el correo en muchos casos, la lejan\u00eda de los centros de Votaci\u00f3n o la casi nula campa\u00f1a institucional en el exterior para movilizar al electorado ser\u00edan algunas de las causas.<\/p>\n\n\n\n<p>En cuanto a resultados los m\u00e1s significativos e que&nbsp; VOX gana un diputado en la Asamblea de Madrid (Vox se hab\u00eda quedado a 656 votos de la diputada \u2018popular\u2019. Ana Mar\u00eda G\u00f3mez Rodr\u00edguez)&nbsp; a costa del PP gracias al voto exterior pasando el PP&nbsp; de los 71 a los 70 diputades y VOX&nbsp; de 10 a 11 , pero no se ve condicionada su mayor\u00eda absoluta.<\/p>\n\n\n\n<figure class=\"wp-block-gallery has-nested-images columns-default is-cropped wp-block-gallery-1 is-layout-flex wp-block-gallery-is-layout-flex\">\n<figure class=\"wp-block-image size-large\"><img fetchpriority=\"high\" decoding=\"async\" width=\"660\" height=\"439\" data-id=\"2267\" src=\"https:\/\/xn--tuvozdiasporaespaola-k7b.com\/wp-content\/uploads\/2023\/06\/abascal-660x439-1.jpg\" alt=\"\" class=\"wp-image-2267\" srcset=\"https:\/\/xn--tuvozdiasporaespaola-k7b.com\/wp-content\/uploads\/2023\/06\/abascal-660x439-1.jpg 660w, https:\/\/xn--tuvozdiasporaespaola-k7b.com\/wp-content\/uploads\/2023\/06\/abascal-660x439-1-300x200.jpg 300w\" sizes=\"(max-width: 660px) 100vw, 660px\" \/><\/figure>\n<\/figure>\n\n\n\n<p>Tambi\u00e9n en&nbsp; Madrid, hab\u00eda dudas por Alcorc\u00f3n: 42 votos pod\u00edan dar un esca\u00f1o m\u00e1s al bloque PP-Vox. finalmente, tras un recuento sin incidentes, el Ayuntamiento ser\u00e1&nbsp; progresista con PSOE y PODEMOS-IU y M\u00e1s Madrid.<\/p>\n\n\n\n<p>En Asturias el&nbsp; PSOE mantiene su \u00faltimo esca\u00f1o y Adri\u00e1n Barb\u00f3n podr\u00e1 gobernar con apoyos de IU y PODEMOS&nbsp; con lo que  consolida su victoria tras&nbsp; contar&nbsp; los&nbsp; votos asturianos del exterior. La derecha ha estado pendiente de unos 900 votos que pod\u00edan truncar la mayor\u00eda de izquierdas pero los  populares no han conseguido darle la vuelta al resultado y empatar en el n\u00famero de esca\u00f1os en el parlamento regional. Finalmente  en el exterior el PSOE ha conseguido 431 frente a los 539 del PP.<\/p>\n\n\n\n<figure class=\"wp-block-gallery has-nested-images columns-default is-cropped wp-block-gallery-2 is-layout-flex wp-block-gallery-is-layout-flex\">\n<figure class=\"wp-block-image size-large\"><img decoding=\"async\" width=\"1024\" height=\"481\" data-id=\"2268\" src=\"https:\/\/xn--tuvozdiasporaespaola-k7b.com\/wp-content\/uploads\/2023\/06\/adrian-barbon-1024x481.jpeg\" alt=\"\" class=\"wp-image-2268\" srcset=\"https:\/\/xn--tuvozdiasporaespaola-k7b.com\/wp-content\/uploads\/2023\/06\/adrian-barbon-1024x481.jpeg 1024w, https:\/\/xn--tuvozdiasporaespaola-k7b.com\/wp-content\/uploads\/2023\/06\/adrian-barbon-300x141.jpeg 300w, https:\/\/xn--tuvozdiasporaespaola-k7b.com\/wp-content\/uploads\/2023\/06\/adrian-barbon-768x361.jpeg 768w, https:\/\/xn--tuvozdiasporaespaola-k7b.com\/wp-content\/uploads\/2023\/06\/adrian-barbon.jpeg 1200w\" sizes=\"(max-width: 1024px) 100vw, 1024px\" \/><figcaption class=\"wp-element-caption\">Adri\u00e1n Barb\u00f3n <\/figcaption><\/figure>\n<\/figure>\n\n\n\n<p>En La Rioja, PODEMOS&nbsp; se la jugaba con el conteo de los mil votos v\u00e1lidos del exterior,  a punto ha estado de quedarse fuera del Parlamento riojano sin esca\u00f1os, sin embargo, tras concluir el escrutinio de los votos remitidos por los riojanos inscritos en el CERA (Censo de los Electores Residentes Ausentes), el Parlamento riojano no ha sufrido ning\u00fan cambio consolidando el segundo Diputado de PODEMOS.&nbsp;<\/p>\n\n\n\n<figure class=\"wp-block-gallery has-nested-images columns-default is-cropped wp-block-gallery-3 is-layout-flex wp-block-gallery-is-layout-flex\">\n<figure class=\"wp-block-image size-large\"><img decoding=\"async\" width=\"1024\" height=\"1006\" data-id=\"2269\" src=\"https:\/\/xn--tuvozdiasporaespaola-k7b.com\/wp-content\/uploads\/2023\/06\/Screenshot_20230604_143945_Gallery-1024x1006.jpg\" alt=\"\" class=\"wp-image-2269\" srcset=\"https:\/\/xn--tuvozdiasporaespaola-k7b.com\/wp-content\/uploads\/2023\/06\/Screenshot_20230604_143945_Gallery-1024x1006.jpg 1024w, https:\/\/xn--tuvozdiasporaespaola-k7b.com\/wp-content\/uploads\/2023\/06\/Screenshot_20230604_143945_Gallery-300x295.jpg 300w, https:\/\/xn--tuvozdiasporaespaola-k7b.com\/wp-content\/uploads\/2023\/06\/Screenshot_20230604_143945_Gallery-768x754.jpg 768w, https:\/\/xn--tuvozdiasporaespaola-k7b.com\/wp-content\/uploads\/2023\/06\/Screenshot_20230604_143945_Gallery.jpg 1080w\" sizes=\"(max-width: 1024px) 100vw, 1024px\" \/><figcaption class=\"wp-element-caption\">Diputades Electos por Unidas Podemos<\/figcaption><\/figure>\n<\/figure>\n\n\n\n<p>Este recuento hab\u00eda provocado expectaci\u00f3n ante la posibilidad de que Vox pudiera sumar un tercer diputado en detrimento de Podemos-IU, coalici\u00f3n que obtuvo un 5,07 % de los votos escrutados el 28 de mayo, cercano al 5 % m\u00ednimo para acceder a un esca\u00f1o en la C\u00e1mara riojana.<\/p>\n\n\n\n<p>En el recuento del voto exterior 352 votos el PP, el PSOE  282, Vox  132,Podemos-IU 82, Pacma 38, PR Espa\u00f1a Vaciada 31, Por La Rioja, 34, Ciudadanos 23, Vinea  13 y Esca\u00f1os en Blanco 11. Adem\u00e1s ha habido 3 votos en blanco y 8 nulos. En total se hab\u00edan recibido 1.408 votos, de los que han sido admitidos como v\u00e1lidos 1.009 y como no v\u00e1lidos 399, con lo que El PP se queda con 17 esca\u00f1os; el PSOE, con 12; y Vox y Podemos-IU, con dos cada uno.<\/p>\n\n\n\n<p>En Mallorca entre los isle\u00f1os residentes en el extranjero el&nbsp; PSOE ha ganado las elecciones en Mallorca los 2.286 sufragios del CERA no cambian ning\u00fan resultado los socialistas&nbsp;siendo estos resultados : el PSOE  394 votos, 354 el PP, 163 Vox, 124 M\u00e9s, 95 Podemos, 48 Pacma, 22 Ciudadanos y 28 El Pi.<\/p>\n\n\n\n<p>La izquierda tambi\u00e9n gana en Formentera aunque la derecha gan\u00f3 un diputado de Formentera por 73 votos. En este caso tampoco cambia nada, ya que el partido de la izquierda, Gent per Formentera, ha sumado seis votos y sa Uni\u00f3 solo uno. En este caso la diferencia entre izquierda y derecha se ha reducido en 68 votos.<\/p>\n\n\n\n<p>Los populares son la lista m\u00e1s votada en&nbsp; Menorca&nbsp; donde el PP  gano por un solo voto al PSOE, 34 los populares y 33 los socialistas. M\u00e9s per Menorca han obtenido 19 votos, Podemos 25, Vox 12 y Ciudadanos 3.<\/p>\n\n\n\n<p>Por su parte, en IBIZA&nbsp; el PP ha obtenido 39 votos de los isle\u00f1os residentes en el extranjero, el PSOE 29, Podemos 20, Vox 11, 5 Ara Eivissa y 7 Ciudadanos Aqu\u00ed&nbsp; se estaba pendiente de si PODEMOS&nbsp; pod\u00eda quitar un diputado al PSOE&nbsp; ya que hab\u00eda una diferencia de s\u00f3lo 20 votos&nbsp; lo que significa que el PSIB incrementa su ventaja con los morados.<\/p>\n\n\n\n<p>En Castilla-La Mancha el voto de la Di\u00e1spora en la provincia de Ciudad Real certifica la mayor\u00eda del PSOE.<\/p>\n\n\n\n<p>Tras concluir el escrutinio en esta provincia,&nbsp;el PSOE ha logrado 191 votos en el recuento del voto exterior, frente a los 125 del PP, 88 de Unidas Podemos, 55 de Vox, y 24 de Ciudadanos.<\/p>\n\n\n\n<p>El&nbsp; voto CERA en Cantabria da al&nbsp; Partido Popular ganador entre los c\u00e1ntabros residentes en el extranjero,&nbsp; cuyo recuento realizado este viernes no supone variaciones en el reparto de esca\u00f1os en el Parlamento regional, el PSOE ha sido la segunda fuerza m\u00e1s votada, seguida del PRC ,&nbsp; VOX, seguido de cerca por la coalici\u00f3n PODEMOS-IU.<\/p>\n\n\n\n<p>En la Comunidad Valenciana el PSPV ha sido el partido m\u00e1s votado del Censo de Residentes Extranjeros en la provincia de Alicante con 895 votos. Le sigue el PP con 800 papeletas; Vox, con 392, Comprom\u00eds,  con 336; y Unides Podem, con 267 y Ciudadanos, con 98.<\/p>\n\n\n\n<p> Todas estas papeletas se han sumado este viernes a los resultados del pasado domingo 28M en el recuento del escrutinio que se est\u00e1 haciendo en casi todas las juntas electorales, sobre todo, en aquellos municipios en los que hay estrechos m\u00e1rgenes y todav\u00eda pueden variar el resultado final. Pese a la victoria del PSOE  en el CERA, la distribuci\u00f3n de diputados en la provincia de Alicante no var\u00eda: el PP sigue con 15; el PSPV, con 11, Vox, con 5 y Comprom\u00eds, con cuatro. Pese a que en la p\u00e1gina web de la Generalitat se fijaba que los socialistas estaban a 283 votos del siguiente diputado, que ser\u00eda el 12 y que lo perder\u00eda Vox, la suma de los votos del CERA al c\u00f3mputo general no ha variado la distribuci\u00f3n final.<\/p>\n\n\n\n<p>En el Parlamento de Navarra  tampoco se altera el reparto de esca\u00f1os tras sumar&nbsp; los votos emitidos por las personas residentes en el exterior,  al igual que en&nbsp;Extremadura, Murcia o Canarias.<\/p>\n\n\n\n<figure class=\"wp-block-gallery has-nested-images columns-default is-cropped wp-block-gallery-4 is-layout-flex wp-block-gallery-is-layout-flex\">\n<figure class=\"wp-block-image size-large\"><img loading=\"lazy\" decoding=\"async\" width=\"1005\" height=\"638\" data-id=\"2270\" src=\"https:\/\/xn--tuvozdiasporaespaola-k7b.com\/wp-content\/uploads\/2023\/06\/Screenshot_20230603_215016_Twitter.jpg\" alt=\"\" class=\"wp-image-2270\" srcset=\"https:\/\/xn--tuvozdiasporaespaola-k7b.com\/wp-content\/uploads\/2023\/06\/Screenshot_20230603_215016_Twitter.jpg 1005w, https:\/\/xn--tuvozdiasporaespaola-k7b.com\/wp-content\/uploads\/2023\/06\/Screenshot_20230603_215016_Twitter-300x190.jpg 300w, https:\/\/xn--tuvozdiasporaespaola-k7b.com\/wp-content\/uploads\/2023\/06\/Screenshot_20230603_215016_Twitter-768x488.jpg 768w\" sizes=\"(max-width: 1005px) 100vw, 1005px\" \/><figcaption class=\"wp-element-caption\">En  Madrid Mas Pa\u00eds perdi\u00f3 7 concejales <\/figcaption><\/figure>\n<\/figure>\n\n\n\n<p>Aun siendo muy baja la participaci\u00f3n queda claro que el voto exterior influye en los resultados, si este hubiera estado en torno al 30% seguramente el mapa pol\u00edtico en estas elecciones hubiera sido distinto y hoy estar\u00edamos hablando de otra cosa .<\/p>\n\n\n\n<p>Resaltar igualmente la cantidad de votos nulos con incidencias no contabilizados y recibidos  o los votos que nunca llegaron a las juntas electorales por no llegar a tiempo los correos a los consulados, siendo esto de forma masiva en Argentina por la festividad del 25 y 26 de Mayo.<\/p>\n\n\n\n<p>Sin lugar a dudas nos invita a reflexionar en el sistema de voto por correo y su baja repercision en participacion validada, por poner un ejemplo en la Rioja de 1.009 votos no fueron v\u00e1lidos 399 por incidencias, como no firmar el certificado electoral o poner la Junta Electoral de recepci\u00f3n del voto.<\/p>\n\n\n\n<p>Ahora sin tiempo para la subsanaci\u00f3n nos enfrentamos a  las generales del 23J,  donde la falta de centros de Votaci\u00f3n, la complejidad de confeccionar  el voto con los requerimientos solicitados o un correo deficiente en Latinoam\u00e9rica volver\u00e1 a dejar fuera del C\u00edrculo democr\u00e1tico a una gran cantidad de Espa\u00f1oles que si quieren votar y no se plasmaran sus voluntades.<\/p>\n\n\n\n<p>Redacci\u00f3n Revista TU VOZ, Argentina <\/p>\n","protected":false},"excerpt":{"rendered":"<p>En estas elecciones CERA la participaci\u00f3n fue muy por debajo de lo previsto, el correo en muchos casos, la lejan\u00eda de los centros de &#8230; <\/p>\n<p class=\"read-more-container\"><a title=\"El voto CERA influye en Algunas comunidades Aut\u00f3nomas consolidando o recuperando Diputades.\" class=\"read-more button\" href=\"https:\/\/xn--tuvozdiasporaespaola-k7b.com\/page\/2\/el-voto-cera-influye-en-algunas-comunidades-autonomas-consolidando-o-recuperando-diputades\/#more-2266\" aria-label=\"M\u00e1s en El voto CERA influye en Algunas comunidades Aut\u00f3nomas consolidando o recuperando Diputades.\">Leer m\u00e1s<\/a><\/p>\n","protected":false},"author":222560522,"featured_media":2271,"comment_status":"open","ping_status":"open","sticky":false,"template":"","format":"standard","meta":{"footnotes":""},"categories":[121853],"tags":[],"class_list":["post-2266","post","type-post","status-publish","format-standard","has-post-thumbnail","hentry","category-elecciones","resize-featured-image"],"_links":{"self":[{"href":"https:\/\/xn--tuvozdiasporaespaola-k7b.com\/page\/2\/wp-json\/wp\/v2\/posts\/2266","targetHints":{"allow":["GET"]}}],"collection":[{"href":"https:\/\/xn--tuvozdiasporaespaola-k7b.com\/page\/2\/wp-json\/wp\/v2\/posts"}],"about":[{"href":"https:\/\/xn--tuvozdiasporaespaola-k7b.com\/page\/2\/wp-json\/wp\/v2\/types\/post"}],"author":[{"embeddable":true,"href":"https:\/\/xn--tuvozdiasporaespaola-k7b.com\/page\/2\/wp-json\/wp\/v2\/users\/222560522"}],"replies":[{"embeddable":true,"href":"https:\/\/xn--tuvozdiasporaespaola-k7b.com\/page\/2\/wp-json\/wp\/v2\/comments?post=2266"}],"version-history":[{"count":1,"href":"https:\/\/xn--tuvozdiasporaespaola-k7b.com\/page\/2\/wp-json\/wp\/v2\/posts\/2266\/revisions"}],"predecessor-version":[{"id":3430,"href":"https:\/\/xn--tuvozdiasporaespaola-k7b.com\/page\/2\/wp-json\/wp\/v2\/posts\/2266\/revisions\/3430"}],"wp:featuredmedia":[{"embeddable":true,"href":"https:\/\/xn--tuvozdiasporaespaola-k7b.com\/page\/2\/wp-json\/wp\/v2\/media\/2271"}],"wp:attachment":[{"href":"https:\/\/xn--tuvozdiasporaespaola-k7b.com\/page\/2\/wp-json\/wp\/v2\/media?parent=2266"}],"wp:term":[{"taxonomy":"category","embeddable":true,"href":"https:\/\/xn--tuvozdiasporaespaola-k7b.com\/page\/2\/wp-json\/wp\/v2\/categories?post=2266"},{"taxonomy":"post_tag","embeddable":true,"href":"https:\/\/xn--tuvozdiasporaespaola-k7b.com\/page\/2\/wp-json\/wp\/v2\/tags?post=2266"}],"curies":[{"name":"wp","href":"https:\/\/api.w.org\/{rel}","templated":true}]}}