{"id":2254,"date":"2023-06-02T01:56:27","date_gmt":"2023-06-02T04:56:27","guid":{"rendered":"https:\/\/xn--tuvozdiasporaespaola-k7b.com\/?p=2254"},"modified":"2023-06-02T01:56:51","modified_gmt":"2023-06-02T04:56:51","slug":"podemos-mantiene-la-calma-como-partido-de-estado-con-vision-de-pais","status":"publish","type":"post","link":"https:\/\/xn--tuvozdiasporaespaola-k7b.com\/page\/2\/podemos-mantiene-la-calma-como-partido-de-estado-con-vision-de-pais\/","title":{"rendered":"Podemos mantiene la calma como partido de Estado con visi\u00f3n de Pais."},"content":{"rendered":"\n<p>M\u00e1s Madrid y Comprom\u00eds exigen a D\u00edaz liderar listas para integrarse en Sumar y  Podemos no se ha manifestado p\u00fablicamente, si bien su ex secretario general, Pablo Iglesias, se ha mostrado cr\u00edtico con las peticiones de Comprom\u00eds nada m\u00e1s comenzar la negociaci\u00f3n con Sumar. <\/p>\n\n\n\n<p>No obstante, en la direcci\u00f3n de PODEMOS impera, por ahora, la calma, y fuentes de Podemos se limitan a se\u00f1alar que no van a comentar las posiciones negociadoras de otros partidos porque es D\u00edaz la que tiene que llegar a acuerdos con cada formaci\u00f3n y despu\u00e9s ponerlos en com\u00fan. Los morados, eso s\u00ed, no est\u00e1n especialmente preocupados por lo que consideran una posici\u00f3n de m\u00e1ximos de Comprom\u00eds que podr\u00e1 relajarse seg\u00fan avancen las conversaciones,  lo que est\u00e1 claro que PODEMOS  en estas negociaciones est\u00e1 demostrando ser un Partido de estado que lucha por el bien global de la ciudadan\u00eda Espa\u00f1ola al margen declas luchas en los bastiones territoriales por defender sus feudos electorales ef\u00edmeros en las federales e importantes en las Auton\u00f3micas.<\/p>\n\n\n\n<p>Mientras tanto, Sumar, la plataforma de la vicepresidenta y ministra de Trabajo, Yolanda D\u00edaz, lucha a contrarreloj para evitar la fragmentaci\u00f3n de la izquierda y acudir en unidad de acci\u00f3n a la cita electoral a un ritmo  vertiginoso.<\/p>\n\n\n\n<figure class=\"wp-block-gallery has-nested-images columns-default is-cropped wp-block-gallery-1 is-layout-flex wp-block-gallery-is-layout-flex\">\n<figure class=\"wp-block-image size-large\"><img fetchpriority=\"high\" decoding=\"async\" width=\"414\" height=\"276\" data-id=\"2255\" src=\"https:\/\/xn--tuvozdiasporaespaola-k7b.com\/wp-content\/uploads\/2023\/06\/SSGDULYH7XI34TJ5SYG4HWAHL4.jpg\" alt=\"\" class=\"wp-image-2255\" srcset=\"https:\/\/xn--tuvozdiasporaespaola-k7b.com\/wp-content\/uploads\/2023\/06\/SSGDULYH7XI34TJ5SYG4HWAHL4.jpg 414w, https:\/\/xn--tuvozdiasporaespaola-k7b.com\/wp-content\/uploads\/2023\/06\/SSGDULYH7XI34TJ5SYG4HWAHL4-300x200.jpg 300w\" sizes=\"(max-width: 414px) 100vw, 414px\" \/><figcaption class=\"wp-element-caption\">Yolanda Diaz , Ione Belarra y Garz\u00f3n. <\/figcaption><\/figure>\n<\/figure>\n\n\n\n<p>Las negociaciones para poner en marcha la coalici\u00f3n Sumar,pretende reunir a toda la izquierda no independentista a la izquierda del PSOE,  con poco margen de maniobra por lo  apretado del calendario, todos los partidos han empezado ya a hablar.<\/p>\n\n\n\n<p>Comprom\u00eds como M\u00e1s Madrid han expresado p\u00fablicamente su deseo de ser cabezas en  las listas de las provincias valencianas y de Madrid, respectivamente, algo que perjudicar\u00eda directamente a Podemos que hay que recordar que en elecciones Nacionales emergi\u00f3 como partido prioritario.<\/p>\n\n\n\n<figure class=\"wp-block-gallery has-nested-images columns-default is-cropped wp-block-gallery-2 is-layout-flex wp-block-gallery-is-layout-flex\">\n<figure class=\"wp-block-image size-large\"><img decoding=\"async\" width=\"1024\" height=\"476\" data-id=\"2256\" src=\"https:\/\/xn--tuvozdiasporaespaola-k7b.com\/wp-content\/uploads\/2023\/06\/monica-garcia-joan-baldovi-1024x476.jpg\" alt=\"\" class=\"wp-image-2256\" srcset=\"https:\/\/xn--tuvozdiasporaespaola-k7b.com\/wp-content\/uploads\/2023\/06\/monica-garcia-joan-baldovi-1024x476.jpg 1024w, https:\/\/xn--tuvozdiasporaespaola-k7b.com\/wp-content\/uploads\/2023\/06\/monica-garcia-joan-baldovi-300x139.jpg 300w, https:\/\/xn--tuvozdiasporaespaola-k7b.com\/wp-content\/uploads\/2023\/06\/monica-garcia-joan-baldovi-768x357.jpg 768w, https:\/\/xn--tuvozdiasporaespaola-k7b.com\/wp-content\/uploads\/2023\/06\/monica-garcia-joan-baldovi-1536x713.jpg 1536w, https:\/\/xn--tuvozdiasporaespaola-k7b.com\/wp-content\/uploads\/2023\/06\/monica-garcia-joan-baldovi.jpg 1897w\" sizes=\"(max-width: 1024px) 100vw, 1024px\" \/><figcaption class=\"wp-element-caption\">Monica Garc\u00eda  y Baldov\u00ed. <\/figcaption><\/figure>\n<\/figure>\n\n\n\n<p>El estilo de M\u00e1s Madrid y de Comprom\u00eds  ha sido muy diferente en el tono y las propuestas, pero el mensaje el mismo declarando ambos que  las elecciones locales y auton\u00f3micas han demostrado que son el partido m\u00e1s fuerte a la izquierda del PSOE en sus respectivos territorios y eso debe reflejarse en las listas de Sumar para las generales.<\/p>\n\n\n\n<p>Recordamos nuevamente que ese argumento,no tiene en cuenta que hasta ahora, el voto auton\u00f3mico y el nacional han sido distintos ya en 2019, Comprom\u00eds y M\u00e1s Madrid fueron mucho m\u00e1s fuertes que Unidas Podemos en las auton\u00f3micas y  PODEMOS  dio  la vuelta en las generales.<\/p>\n\n\n\n<p>2019 Auton\u00f3micas en Comunidad Valenciana   <\/p>\n\n\n\n<p>  Compromis:  439.000  ?Podemos : 213.000       <\/p>\n\n\n\n<p> 2019 Generales  en la C. Valenciana  <\/p>\n\n\n\n<p>Podemos:       339.556  ?Comprom\u00eds :176.000<\/p>\n\n\n\n<p> 2023 Autonomicascen Comunidad Valenciana  <\/p>\n\n\n\n<p>Comprom\u00eds:   349.096 ? Podemos : 85.571     <\/p>\n\n\n\n<p>  En estas elecciones Auton\u00f3micas Compromis perdi\u00f3  89.904 <\/p>\n\n\n\n<div class=\"wp-block-group\"><div class=\"wp-block-group__inner-container is-layout-constrained wp-block-group-is-layout-constrained\">\n<figure class=\"wp-block-gallery has-nested-images columns-default is-cropped wp-block-gallery-3 is-layout-flex wp-block-gallery-is-layout-flex\">\n<figure class=\"wp-block-image size-large\"><img decoding=\"async\" width=\"1024\" height=\"996\" data-id=\"2260\" src=\"https:\/\/xn--tuvozdiasporaespaola-k7b.com\/wp-content\/uploads\/2023\/06\/Screenshot_20230602_014910_Gallery-1024x996.jpg\" alt=\"\" class=\"wp-image-2260\" srcset=\"https:\/\/xn--tuvozdiasporaespaola-k7b.com\/wp-content\/uploads\/2023\/06\/Screenshot_20230602_014910_Gallery-1024x996.jpg 1024w, https:\/\/xn--tuvozdiasporaespaola-k7b.com\/wp-content\/uploads\/2023\/06\/Screenshot_20230602_014910_Gallery-300x292.jpg 300w, https:\/\/xn--tuvozdiasporaespaola-k7b.com\/wp-content\/uploads\/2023\/06\/Screenshot_20230602_014910_Gallery-768x747.jpg 768w, https:\/\/xn--tuvozdiasporaespaola-k7b.com\/wp-content\/uploads\/2023\/06\/Screenshot_20230602_014910_Gallery.jpg 1080w\" sizes=\"(max-width: 1024px) 100vw, 1024px\" \/><\/figure>\n<\/figure>\n<\/div><\/div>\n\n\n\n<p>M\u00e1s Madrid y Comprom\u00eds tambi\u00e9n bajaron en votos,  diputades y concejales aunque   han resistido mejor el empuje del PP (m\u00e1s los madrile\u00f1os que los valencianos, que tambi\u00e9n han retrocedido)  con lo que ante esta realidad creo deberian hacer reflexion de Humildad y no pedir abiertamente a D\u00edaz que les d\u00e9 mayor\u00eda en las listas de Sumar en sus provincias.<\/p>\n\n\n\n<p>2021 Auton\u00f3micas en Comunidad Madrid   <\/p>\n\n\n\n<p>  Mas Madrid :  614.000   ? Podemos : 261.000     <\/p>\n\n\n\n<p>   2019 Generales  en la Comunidad  Madrid<\/p>\n\n\n\n<p>   Podemos: 463.629       ? M\u00e1s Madrid: 201.389 <\/p>\n\n\n\n<p>2023 Autonomicas en Comunidad Madrid<\/p>\n\n\n\n<p>   Mas Madrid : 615.000  ? Podemos : 158.831   <\/p>\n\n\n\n<p>   En estas elecciones Auton\u00f3micas de Madrid   Podemos Perdi\u00f3 102.169 y Mas Madrid gan\u00f3  1.000 votos  pero perdio concejales en el Ayuntamiento de Madrid.<\/p>\n\n\n\n<figure class=\"wp-block-gallery has-nested-images columns-default is-cropped wp-block-gallery-4 is-layout-flex wp-block-gallery-is-layout-flex\">\n<figure class=\"wp-block-image size-large\"><img loading=\"lazy\" decoding=\"async\" width=\"1018\" height=\"1024\" data-id=\"2261\" src=\"https:\/\/xn--tuvozdiasporaespaola-k7b.com\/wp-content\/uploads\/2023\/06\/Screenshot_20230602_014940_Gallery-1018x1024.jpg\" alt=\"\" class=\"wp-image-2261\" srcset=\"https:\/\/xn--tuvozdiasporaespaola-k7b.com\/wp-content\/uploads\/2023\/06\/Screenshot_20230602_014940_Gallery-1018x1024.jpg 1018w, https:\/\/xn--tuvozdiasporaespaola-k7b.com\/wp-content\/uploads\/2023\/06\/Screenshot_20230602_014940_Gallery-298x300.jpg 298w, https:\/\/xn--tuvozdiasporaespaola-k7b.com\/wp-content\/uploads\/2023\/06\/Screenshot_20230602_014940_Gallery-150x150.jpg 150w, https:\/\/xn--tuvozdiasporaespaola-k7b.com\/wp-content\/uploads\/2023\/06\/Screenshot_20230602_014940_Gallery-768x772.jpg 768w, https:\/\/xn--tuvozdiasporaespaola-k7b.com\/wp-content\/uploads\/2023\/06\/Screenshot_20230602_014940_Gallery.jpg 1080w\" sizes=\"(max-width: 1018px) 100vw, 1018px\" \/><\/figure>\n<\/figure>\n\n\n\n<p>El martes lo hizo Comprom\u00eds con  \u00c1gueda Mic\u00f3, asegurando  que su partido est\u00e1 \u00aben disposici\u00f3n de liderar\u00bb las candidaturas valencianas, encabezando las lista en las tres provincias.En M\u00e1s Madrid, M\u00f3nica Garc\u00eda, se pronunci\u00f3  en la misma l\u00ednea. \u00abEstamos muchos sentados en la mesa del espacio progresista, y creo que cada uno de nosotros tenemos que ser conscientes de que acabamos de tener unas elecciones y ha habido unos resultados\u00bb matizando que no pone \u00abl\u00edneas rojas o condiciones\u00bb a Sumar.<\/p>\n\n\n\n<p>Fuentes de M\u00e1s Madrid exponen en un tono m\u00e1s suave  con respecto a Comprom\u00eds (aunque  pretenda  lo mismo que el partido valenciano),  su deseo de control de la lista y  mayor\u00eda de los puestos  pero detalla que  no es tan capital que la papeleta incluya su marca, como s\u00ed ha exigido Comprom\u00eds.<\/p>\n\n\n\n<p>En cualquier caso, las negociaciones no han hecho m\u00e1s que empezar, si bien lo apretado de los tiempos va a obligar a que se cierren en tiempo r\u00e9cord y sin las elecciones primarias que ped\u00eda Podemos para dise\u00f1ar las listas. A la izquierda del  PSOE le quedan nueve d\u00edas para registrar la coalici\u00f3n y para determinar el reparto de los puestos en las candidaturas, as\u00ed como otras cuestiones imprescindibles, portavoc\u00edas en el grupo parlamentario, qui\u00e9n paga la campa\u00f1a electoral o c\u00f3mo se repartir\u00e1n posteriormente los recursos econ\u00f3micos y de personal de la alianza as\u00ed como un programa com\u00fan de m\u00ednimos.<\/p>\n\n\n\n<p>Comprom\u00eds, M\u00e1s Pa\u00eds, Chunta Aragonesista (CHA), M\u00e9s por Mallorca y Verdes Equo Proyecto Drago han expresado junto a PODEMOS  , IU o Alianza Verde   su voluntad adherirse al Movimiento Sumar  que tendr\u00eda que ser un espacio donde se dialoga de t\u00fa a t\u00fa respeto a las siglas  de cada uno y con unos ejes de justicia social, feminismo y sostenibilidad con el que sirvan para hacer acciones conjuntas en un futuro gobierno de Coalici\u00f3n.<\/p>\n\n\n\n<figure class=\"wp-block-gallery has-nested-images columns-default is-cropped wp-block-gallery-5 is-layout-flex wp-block-gallery-is-layout-flex\">\n<figure class=\"wp-block-image size-large\"><img loading=\"lazy\" decoding=\"async\" width=\"1024\" height=\"576\" data-id=\"2262\" src=\"https:\/\/xn--tuvozdiasporaespaola-k7b.com\/wp-content\/uploads\/2023\/06\/Los-partidos-del-Acuerdo-del-Turia-reunidos-en-Las-Palmas-el-pasado-mes-de-marzo-1024x576.jpg\" alt=\"\" class=\"wp-image-2262\" srcset=\"https:\/\/xn--tuvozdiasporaespaola-k7b.com\/wp-content\/uploads\/2023\/06\/Los-partidos-del-Acuerdo-del-Turia-reunidos-en-Las-Palmas-el-pasado-mes-de-marzo-1024x576.jpg 1024w, https:\/\/xn--tuvozdiasporaespaola-k7b.com\/wp-content\/uploads\/2023\/06\/Los-partidos-del-Acuerdo-del-Turia-reunidos-en-Las-Palmas-el-pasado-mes-de-marzo-300x169.jpg 300w, https:\/\/xn--tuvozdiasporaespaola-k7b.com\/wp-content\/uploads\/2023\/06\/Los-partidos-del-Acuerdo-del-Turia-reunidos-en-Las-Palmas-el-pasado-mes-de-marzo-768x432.jpg 768w, https:\/\/xn--tuvozdiasporaespaola-k7b.com\/wp-content\/uploads\/2023\/06\/Los-partidos-del-Acuerdo-del-Turia-reunidos-en-Las-Palmas-el-pasado-mes-de-marzo.jpg 1200w\" sizes=\"(max-width: 1024px) 100vw, 1024px\" \/><\/figure>\n<\/figure>\n\n\n\n<p>Un di\u00e1logo  con el objetivo de conformar la posibilidad de una lista unitaria de formaciones a la izquierda del PSOE  entre   susurros, con una discreci\u00f3n absoluta y con un hermetismo casi total. <\/p>\n\n\n\n<p>Ning\u00fan l\u00edder de Podemos y de  los otros partidos implicados e interpelados  dieron  pistas sobre las negociaciones del acuerdo  para una papeleta conjunta en las elecciones generales,  al margen de las escaramuzas de trincheras de Comprom\u00eds que es el \u00fanico que pone condiciones desde su feudo de Valencia.  Podemos da una imagen de partido de miras nacionales  preocupado en  mejorar la vida de los y las espa\u00f1olas,  desde  el respeto a los dem\u00e1s  partidos implicados.<\/p>\n\n\n\n<p>Vicente Garc\u00eda  Revista TU VOZ, Salta- Argentina.<\/p>\n","protected":false},"excerpt":{"rendered":"<p>M\u00e1s Madrid y Comprom\u00eds exigen a D\u00edaz liderar listas para integrarse en Sumar y Podemos no se ha manifestado p\u00fablicamente, si bien su ex &#8230; <\/p>\n<p class=\"read-more-container\"><a title=\"Podemos mantiene la calma como partido de Estado con visi\u00f3n de Pais.\" class=\"read-more button\" href=\"https:\/\/xn--tuvozdiasporaespaola-k7b.com\/page\/2\/podemos-mantiene-la-calma-como-partido-de-estado-con-vision-de-pais\/#more-2254\" aria-label=\"M\u00e1s en Podemos mantiene la calma como partido de Estado con visi\u00f3n de Pais.\">Leer m\u00e1s<\/a><\/p>\n","protected":false},"author":222560522,"featured_media":2263,"comment_status":"open","ping_status":"open","sticky":false,"template":"","format":"standard","meta":{"footnotes":""},"categories":[121853,121850,1771],"tags":[],"class_list":["post-2254","post","type-post","status-publish","format-standard","has-post-thumbnail","hentry","category-elecciones","category-politica","category-sociales","resize-featured-image"],"_links":{"self":[{"href":"https:\/\/xn--tuvozdiasporaespaola-k7b.com\/page\/2\/wp-json\/wp\/v2\/posts\/2254","targetHints":{"allow":["GET"]}}],"collection":[{"href":"https:\/\/xn--tuvozdiasporaespaola-k7b.com\/page\/2\/wp-json\/wp\/v2\/posts"}],"about":[{"href":"https:\/\/xn--tuvozdiasporaespaola-k7b.com\/page\/2\/wp-json\/wp\/v2\/types\/post"}],"author":[{"embeddable":true,"href":"https:\/\/xn--tuvozdiasporaespaola-k7b.com\/page\/2\/wp-json\/wp\/v2\/users\/222560522"}],"replies":[{"embeddable":true,"href":"https:\/\/xn--tuvozdiasporaespaola-k7b.com\/page\/2\/wp-json\/wp\/v2\/comments?post=2254"}],"version-history":[{"count":0,"href":"https:\/\/xn--tuvozdiasporaespaola-k7b.com\/page\/2\/wp-json\/wp\/v2\/posts\/2254\/revisions"}],"wp:featuredmedia":[{"embeddable":true,"href":"https:\/\/xn--tuvozdiasporaespaola-k7b.com\/page\/2\/wp-json\/wp\/v2\/media\/2263"}],"wp:attachment":[{"href":"https:\/\/xn--tuvozdiasporaespaola-k7b.com\/page\/2\/wp-json\/wp\/v2\/media?parent=2254"}],"wp:term":[{"taxonomy":"category","embeddable":true,"href":"https:\/\/xn--tuvozdiasporaespaola-k7b.com\/page\/2\/wp-json\/wp\/v2\/categories?post=2254"},{"taxonomy":"post_tag","embeddable":true,"href":"https:\/\/xn--tuvozdiasporaespaola-k7b.com\/page\/2\/wp-json\/wp\/v2\/tags?post=2254"}],"curies":[{"name":"wp","href":"https:\/\/api.w.org\/{rel}","templated":true}]}}