{"id":2249,"date":"2023-06-01T22:55:29","date_gmt":"2023-06-02T01:55:29","guid":{"rendered":"https:\/\/xn--tuvozdiasporaespaola-k7b.com\/?p=2249"},"modified":"2023-07-31T03:11:49","modified_gmt":"2023-07-31T06:11:49","slug":"28m-electoral-aviso-para-la-unidad","status":"publish","type":"post","link":"https:\/\/xn--tuvozdiasporaespaola-k7b.com\/page\/2\/28m-electoral-aviso-para-la-unidad\/","title":{"rendered":"\u00bf28M\u00a0 electoral, aviso para la UNIDAD?"},"content":{"rendered":"\n<p>Algo m\u00e1s de 35,5 millones de personas han sido llamadas a participar en alguna de las elecciones municipales, provinciales, insulares y auton\u00f3micas convocadas en Espa\u00f1a este domingo, 28 de mayo, en las que se renovaron casi 8.100 ayuntamientos y doce Parlamentos auton\u00f3micos, entre otras instituciones.<\/p>\n\n\n\n<p>Se trata de Arag\u00f3n, Asturias, Illes Balears, Canarias, Cantabria, Castilla-La Mancha, Extremadura, Comunidad de Madrid, Comunitat Valenciana, Regi\u00f3n de Murcia, Comunidad Foral de Navarra y La Rioja. En total, los electores elegiron a 736 diputados auton\u00f3micos.<\/p>\n\n\n\n<p>El PP logro la mayor\u00eda absoluta en Madrid y se hace de nuevo con Arag\u00f3n y la Comunidad Valenciana, la victoria de los populares fue especialmente contundente en Madrid, donde tanto Isabel D\u00edaz Ayuso como Jos\u00e9 Luis Mart\u00ednez Almeida consiguieron mayor\u00eda absoluta en la Comunidad de Madrid y en el Ayuntamiento de la capital, tambi\u00e9n alcanz\u00f3 la mayor\u00eda absoluta en La Rioja, una regi\u00f3n donde tradicionalmente siempre gobernaron los populares pero que hace cuatro a\u00f1os perdi\u00f3 en beneficio del PSOE. Ahora, el candidato popular Gonzalo Capell\u00e1n arrebata el mando a la socialista Concha Andreu.<\/p>\n\n\n\n<figure class=\"wp-block-gallery has-nested-images columns-default is-cropped wp-block-gallery-1 is-layout-flex wp-block-gallery-is-layout-flex\">\n<figure class=\"wp-block-image size-large\"><img fetchpriority=\"high\" decoding=\"async\" width=\"420\" height=\"280\" data-id=\"2250\" src=\"https:\/\/xn--tuvozdiasporaespaola-k7b.com\/wp-content\/uploads\/2023\/06\/fotonoticia_20230529004746_420_v2.jpg\" alt=\"\" class=\"wp-image-2250\" srcset=\"https:\/\/xn--tuvozdiasporaespaola-k7b.com\/wp-content\/uploads\/2023\/06\/fotonoticia_20230529004746_420_v2.jpg 420w, https:\/\/xn--tuvozdiasporaespaola-k7b.com\/wp-content\/uploads\/2023\/06\/fotonoticia_20230529004746_420_v2-300x200.jpg 300w\" sizes=\"(max-width: 420px) 100vw, 420px\" \/><\/figure>\n<\/figure>\n\n\n\n<p>La \u00aboleada\u00bb azul, como lleg\u00f3 a definirla el hasta ahora presidente de Cantabria, Miguel \u00c1ngel Revilla, al reconocer su derrota en esta comunidad, se extendi\u00f3 tambi\u00e9n al resto de Espa\u00f1a, con victorias en esca\u00f1os y votos en Cantabria, en Arag\u00f3n, en Baleares, en Comunidad Valenciana y en Murcia. En todas estas autonom\u00edas el PP podr\u00e1 gobernar, pero necesitar\u00e1 apoyarse en Vox para sumar mayor\u00eda absoluta, adem\u00e1s, en Extremadura tiene en su mano echar del poder al socialista Guillermo Fern\u00e1ndez Vara si consigue una alianza con Vox. <\/p>\n\n\n\n<p>El recuento de las elecciones municipales de este domingo ha alcanzado el 90% y el PP se confirma como ganador con un 31,27% y 22.134 concejales, aventajando en medio mill\u00f3n de voto al PSOE, que se queda en un 28,37% y 19.618 ediles que obtiene el PSOE. Detr\u00e1s se mantiene Vox con un 7,16% de los votos y 1.642 concejales, mientras que Ciudadanos, que en 2019 fue la tercera fuerza, s\u00f3lo obtiene un 1,34% y 365 concejales. El voto de Unidas Podemos aparece repartido entre el 0,60% de Podemos m\u00e1s IU, el 1,20% de la coalici\u00f3n Con Andaluc\u00eda y el 0,28% de Elkarrekin Podemos, entre otras alianzas.<\/p>\n\n\n\n<p>En las municipales la candidatura de Xavier Trias (TriasxBCN) se ha desmarcado con 11 concejales del empate que manten\u00eda con Jaume Collboni (PSC) y Ada Colau (BCom\u00fa) Con el cien por cien de los votos escrutados, Tr\u00edas fue el m\u00e1s apoyado por los ciudadanos con 149.235 sufragios y 11 ediles en el Consistorio de la ciudad condal. El segundo puesto fue para el candidato del PSC, Jaume Collboni, que logr\u00f3 10 representantes con 131.735 votos.<\/p>\n\n\n\n<p>La participaci\u00f3n en las elecciones del 28M: baja un punto hasta el 63,91%, la tercera m\u00e1s baja de la historia y se trata, adem\u00e1s, del tercer dato hist\u00f3rico m\u00e1s bajo, por encima del de 1991, con un 62,78% y de 1979, con un 62,51%, en una jornada en la que los dos avances anteriores la movilizaci\u00f3n hab\u00eda crecido frente a lo registrado en a\u00f1os previos, La participaci\u00f3n en grandes ciudades como Madrid o Valencia ha aumentado, mientras que en Barcelona ha ca\u00eddo.<\/p>\n\n\n\n<figure class=\"wp-block-gallery has-nested-images columns-default is-cropped wp-block-gallery-2 is-layout-flex wp-block-gallery-is-layout-flex\">\n<figure class=\"wp-block-image size-large\"><img decoding=\"async\" width=\"1024\" height=\"1024\" data-id=\"2251\" src=\"https:\/\/xn--tuvozdiasporaespaola-k7b.com\/wp-content\/uploads\/2023\/06\/ione-belarra-yolanda-diaz_104-1024x1024.webp\" alt=\"\" class=\"wp-image-2251\" srcset=\"https:\/\/xn--tuvozdiasporaespaola-k7b.com\/wp-content\/uploads\/2023\/06\/ione-belarra-yolanda-diaz_104-1024x1024.webp 1024w, https:\/\/xn--tuvozdiasporaespaola-k7b.com\/wp-content\/uploads\/2023\/06\/ione-belarra-yolanda-diaz_104-300x300.webp 300w, https:\/\/xn--tuvozdiasporaespaola-k7b.com\/wp-content\/uploads\/2023\/06\/ione-belarra-yolanda-diaz_104-150x150.webp 150w, https:\/\/xn--tuvozdiasporaespaola-k7b.com\/wp-content\/uploads\/2023\/06\/ione-belarra-yolanda-diaz_104-768x768.webp 768w, https:\/\/xn--tuvozdiasporaespaola-k7b.com\/wp-content\/uploads\/2023\/06\/ione-belarra-yolanda-diaz_104.webp 1200w\" sizes=\"(max-width: 1024px) 100vw, 1024px\" \/><\/figure>\n<\/figure>\n\n\n\n<p>Este ser\u00eda el informe generalizado de resultados , \u00bfcu\u00e1les son los hechos que facilitaron este resultado? creemos dos principales.<\/p>\n\n\n\n<p>Uno el relato impuesto por la derecha basando la campa\u00f1a en tres temas,&nbsp; el resurgimiento del fantasma de&nbsp; ETA, el cuestionamiento de La ley solo Si es Si y la Liberaci\u00f3n de Violadores partiendo  en dos el movimiento feminista&nbsp; y los Okupas, cuestionando la Ley de Vivienda todo ello fogoneado por los medios de comunicaci\u00f3n cloaqueros medi\u00e1ticos afines.<\/p>\n\n\n\n<p>Otro la disgregaci\u00f3n de una izquierda en mil familias y una l\u00edder sin saber en qu\u00e9 silla sentarse el  error de Andaluc\u00eda multiplicado por diez.<\/p>\n\n\n\n<p>Y por \u00faltimo la nula valoraci\u00f3n de un electorado de Izquierda desenga\u00f1ado de los pol\u00edticos por estimar que  no defienden sus derechos o vidibilizan sus necesidades,  estimando que estan m\u00e1s por la conquista del  sillon de los pol\u00edticos de casta que en  escuchar a sus bases electorales.Esto gener\u00f3 que la izquierda en todas sus versiones ( PSOE, MAS Madrid, Comprom\u00eds o Unidas Pormos, etc&#8230;) fuera siempre a remolque del relato impuesto y aceptado de facto.<\/p>\n\n\n\n<p>En el momento que dedicas tus medios o comunicaciones para defenderte y visibilizar respuestas, a la vez que a generas una campa\u00f1a en la que solo te preocupas en destapar la corrupci\u00f3n pol\u00edtica de Ayuso o las pol\u00edticas corruptas del PP en materia de vivienda caemos en el error.Las campa\u00f1as tienen que visibilizar las sensibilizaciones del pueblo, sus necesidades, comparar un antes y un despu\u00e9s y llegar al sentimiento, al sufrimiento\u2026 En definitiva conocer las necesidades y transmitirlas o visualizarlas, con todo ello hay que generar la expectativas de soluci\u00f3n o los cambios efectuados en estos a\u00f1os de gobiernos progresistas&nbsp; y ofrecer los remedios desde la pol\u00edtica,&nbsp; en definitiva&nbsp; que esas soluciones sean las que el pueblo pida.<\/p>\n\n\n\n<p>La pregunta es: \u00bflo hemos hecho? O simplemente hemos ca\u00eddo en el relato de la derecha.<\/p>\n\n\n\n<p>Las preocupaciones de la ciudadan\u00eda espa\u00f1ola van&nbsp; en como&nbsp; llegar a fin de mes con un sueldo m\u00ednimo, el aumento de la cesta de la compra, encontrar un trabajo estable, tener una vivienda digna, poder ser atendido en una sanidad p\u00fablica&nbsp; o poder acceder a una&nbsp; educaci\u00f3n de calidad. No vimos ninguna publicidad partidaria que marcar\u00e1 estos&nbsp; problemas con nombres y apellidos de personas cotidianas e im\u00e1genes de confirmaci\u00f3n de esas carencias. En la Izquierda cambiamos toda esa  visibilizaci\u00f3n del sentimiento, en la empat\u00eda del otro,&nbsp; del que tiene todo y cree que no va con ellos el no tener nada&nbsp; o estas pol\u00edticas de Izquierda que tratan de transformar la sociedad en un mundo m\u00e1s justo en definitiva cambiar las utop\u00edas en realidad desde el reconocimiento de las necesidades al aporte de soluciones por estar confrontando luchas fratricida del tu m\u00e1s. <\/p>\n\n\n\n<p>Ning\u00fan recuerdo al gobierno de Rajoy o las crisis que provoc\u00f3 la derecha solo  nos marcaron el relato y nos llevaron al olvido.Creo que los partidos progresistas tienen que escuchar y ser la voz&nbsp; y Podemos junto con Sumar y otras fuerzas como M\u00e1s Pa\u00eds o Compromis visibilizar que son diferentes y que no todos los pol\u00edticos son iguales tienen que ser esperanza de progreso y no retroceso y visibilizar un antes&nbsp; y un despu\u00e9s en derechos y crecimiento.Ese es el relato y no otro \u00bfEstamos a la altura?<\/p>\n\n\n\n<p>Convocaron elecciones para el 23 de Julio hay tiempo y hay partido, seamos inteligentes y recuperemos esas d\u00e9cimas que nos faltaron para conquistar Baleares, Valencia, Canaria o Madrid.M\u00e1s Madrid, Comprom\u00eds y Unidas Podemos perdieron&nbsp; votos, no volvamos a caer en el error \u00a1UNIDAD! y fuerza progresista para cambiar las cosas.<\/p>\n\n\n\n<p>Juan Fern\u00e1ndez, Redacci\u00f3n de Revista TU VOZ, Argentina.<\/p>\n","protected":false},"excerpt":{"rendered":"<p>Algo m\u00e1s de 35,5 millones de personas han sido llamadas a participar en alguna de las elecciones municipales, provinciales, insulares y auton\u00f3micas convocadas en &#8230; <\/p>\n<p class=\"read-more-container\"><a title=\"\u00bf28M\u00a0 electoral, aviso para la UNIDAD?\" class=\"read-more button\" href=\"https:\/\/xn--tuvozdiasporaespaola-k7b.com\/page\/2\/28m-electoral-aviso-para-la-unidad\/#more-2249\" aria-label=\"M\u00e1s en \u00bf28M\u00a0 electoral, aviso para la UNIDAD?\">Leer m\u00e1s<\/a><\/p>\n","protected":false},"author":222560522,"featured_media":2252,"comment_status":"open","ping_status":"open","sticky":false,"template":"","format":"standard","meta":{"footnotes":""},"categories":[121850],"tags":[],"class_list":["post-2249","post","type-post","status-publish","format-standard","has-post-thumbnail","hentry","category-politica","resize-featured-image"],"_links":{"self":[{"href":"https:\/\/xn--tuvozdiasporaespaola-k7b.com\/page\/2\/wp-json\/wp\/v2\/posts\/2249","targetHints":{"allow":["GET"]}}],"collection":[{"href":"https:\/\/xn--tuvozdiasporaespaola-k7b.com\/page\/2\/wp-json\/wp\/v2\/posts"}],"about":[{"href":"https:\/\/xn--tuvozdiasporaespaola-k7b.com\/page\/2\/wp-json\/wp\/v2\/types\/post"}],"author":[{"embeddable":true,"href":"https:\/\/xn--tuvozdiasporaespaola-k7b.com\/page\/2\/wp-json\/wp\/v2\/users\/222560522"}],"replies":[{"embeddable":true,"href":"https:\/\/xn--tuvozdiasporaespaola-k7b.com\/page\/2\/wp-json\/wp\/v2\/comments?post=2249"}],"version-history":[{"count":1,"href":"https:\/\/xn--tuvozdiasporaespaola-k7b.com\/page\/2\/wp-json\/wp\/v2\/posts\/2249\/revisions"}],"predecessor-version":[{"id":3431,"href":"https:\/\/xn--tuvozdiasporaespaola-k7b.com\/page\/2\/wp-json\/wp\/v2\/posts\/2249\/revisions\/3431"}],"wp:featuredmedia":[{"embeddable":true,"href":"https:\/\/xn--tuvozdiasporaespaola-k7b.com\/page\/2\/wp-json\/wp\/v2\/media\/2252"}],"wp:attachment":[{"href":"https:\/\/xn--tuvozdiasporaespaola-k7b.com\/page\/2\/wp-json\/wp\/v2\/media?parent=2249"}],"wp:term":[{"taxonomy":"category","embeddable":true,"href":"https:\/\/xn--tuvozdiasporaespaola-k7b.com\/page\/2\/wp-json\/wp\/v2\/categories?post=2249"},{"taxonomy":"post_tag","embeddable":true,"href":"https:\/\/xn--tuvozdiasporaespaola-k7b.com\/page\/2\/wp-json\/wp\/v2\/tags?post=2249"}],"curies":[{"name":"wp","href":"https:\/\/api.w.org\/{rel}","templated":true}]}}