{"id":2243,"date":"2023-06-01T22:44:23","date_gmt":"2023-06-02T01:44:23","guid":{"rendered":"https:\/\/xn--tuvozdiasporaespaola-k7b.com\/?p=2243"},"modified":"2023-07-31T03:12:33","modified_gmt":"2023-07-31T06:12:33","slug":"podemos-anuncia-que-concurrira-con-sumar-a-las-elecciones-generales-del-23-de-julio","status":"publish","type":"post","link":"https:\/\/xn--tuvozdiasporaespaola-k7b.com\/page\/2\/podemos-anuncia-que-concurrira-con-sumar-a-las-elecciones-generales-del-23-de-julio\/","title":{"rendered":"\u00bfPodemos anuncia que concurrir\u00e1 con Sumar a las elecciones generales del 23 de julio?"},"content":{"rendered":"\n<p>La plataforma de Yolanda D\u00edaz ha registrado un partido instrumental que bajo el nombre de &#8216;Movimiento Sumar&#8217; que cuenta con el visto bueno de todos los partidos consultados, inclu\u00eddo Podemos, y que quiere \u00abgarantizar la participaci\u00f3n de personas independientes y profesionales en la confluencia\u00bb.el objetivo es ser \u00abla casa grande de la democracia\u00bb. \u00abSomos un movimiento europe\u00edsta, plural, con una firme voluntad de enfrentar el reto de la emergencia clim\u00e1tica y avanzar hacia una sociedad m\u00e1s libre, m\u00e1s feminista y m\u00e1s igualitaria\u00bb comentaron.<\/p>\n\n\n\n<p>\u00abTrabajamos para que SUMAR concurra a las elecciones generales agrupando a todas las formaciones pol\u00edticas que compartan el proyecto de pa\u00eds para la pr\u00f3xima d\u00e9cada. Nuestro objetivo est\u00e1 claro: convertir a Yolanda D\u00edaz en la primera presidenta del Gobierno de Espa\u00f1a y garantizar una mayor\u00eda progresista que nos permita defender los derechos conquistados y seguir avanzando\u00bb, a\u00f1aden.<\/p>\n\n\n\n<p>El exl\u00edder de Podemos y exvicepresidente del Gobierno Pablo Iglesias pidi\u00f3 unidad entre PODEMOS y SUMAR , la plataforma de Yolanda D\u00edaz, para las elecciones generales, pues la falta de uni\u00f3n en la izquierda conduce a \u00abconsecuencias dram\u00e1ticas\u00bb.<\/p>\n\n\n\n<figure class=\"wp-block-gallery has-nested-images columns-default is-cropped wp-block-gallery-1 is-layout-flex wp-block-gallery-is-layout-flex\">\n<figure class=\"wp-block-image size-large\"><img fetchpriority=\"high\" decoding=\"async\" width=\"1024\" height=\"576\" data-id=\"2244\" src=\"https:\/\/xn--tuvozdiasporaespaola-k7b.com\/wp-content\/uploads\/2023\/06\/761434539_232928273_1706x960-1024x576.jpg\" alt=\"\" class=\"wp-image-2244\" srcset=\"https:\/\/xn--tuvozdiasporaespaola-k7b.com\/wp-content\/uploads\/2023\/06\/761434539_232928273_1706x960-1024x576.jpg 1024w, https:\/\/xn--tuvozdiasporaespaola-k7b.com\/wp-content\/uploads\/2023\/06\/761434539_232928273_1706x960-300x169.jpg 300w, https:\/\/xn--tuvozdiasporaespaola-k7b.com\/wp-content\/uploads\/2023\/06\/761434539_232928273_1706x960-768x432.jpg 768w, https:\/\/xn--tuvozdiasporaespaola-k7b.com\/wp-content\/uploads\/2023\/06\/761434539_232928273_1706x960-1536x864.jpg 1536w, https:\/\/xn--tuvozdiasporaespaola-k7b.com\/wp-content\/uploads\/2023\/06\/761434539_232928273_1706x960.jpg 1706w\" sizes=\"(max-width: 1024px) 100vw, 1024px\" \/><\/figure>\n<\/figure>\n\n\n\n<p>Mientras Iglesias realizaba estas declaraciones, la secretaria general de Podemos, Ione Belarra, ha anunciado que los morados y Sumar est\u00e1n trabajando ya \u00abpara que este espacio se presente unido a las elecciones\u00bb y poder revalidar el Gobierno de coalici\u00f3n en las elecciones adelantadas del 23 de julio, dijo  en una declaraci\u00f3n institucional. \u00bfPodemos anuncia que concurrir\u00e1 con Sumar a las elecciones generales del 23 de julio? A\u00fan siguen las negociaciones esperemos que terminen.<\/p>\n\n\n\n<p>A la vez otras fuerzas ya anuncian su predisposici\u00f3n  de igual manera que Podemos en el movimiento de la Unidad.La Comisi\u00f3n Ejecutiva Nacional de Comprom\u00eds aboga por sumarse al &#8216;Movimiento Sumar&#8217;, que busca ser partido de confluencia de las izquierdas, para las elecciones del 23 de julio. As\u00ed, han decidido abrir una comisi\u00f3n negociadora con la formaci\u00f3n para explorar la v\u00eda de ir juntos. Despu\u00e9s, lo que salga de estas negociaciones, se llevar\u00e1 a los \u00f3rganos de votaci\u00f3n de Comprom\u00eds.<\/p>\n\n\n\n<p>IU se une a Sumar en las elecciones generales seg\u00fan manifest\u00f3  Alberto Garz\u00f3n haci\u00e9ndolo p\u00fablico en  un comunicado de Izquierda Unida en el que la formaci\u00f3n expone que \u00abSumar y la candidatura de Yolanda D\u00edaz son la mejor oportunidad para ofrecer ese proyecto de pa\u00eds y ganar las elecciones generales\u00bb.<\/p>\n\n\n\n<figure class=\"wp-block-embed is-type-rich is-provider-twitter wp-block-embed-twitter\"><div class=\"wp-block-embed__wrapper\">\n<blockquote class=\"twitter-tweet\" data-width=\"550\" data-dnt=\"true\"><p lang=\"es\" dir=\"ltr\">\u00abSumar y la candidatura de Yolanda D\u00edaz son la mejor oportunidad para ofrecer ese proyecto de pa\u00eds y ganar las elecciones generales\u00bb. <br><br>Comunicado completo de la direcci\u00f3n de <a href=\"https:\/\/twitter.com\/IzquierdaUnida?ref_src=twsrc%5Etfw\">@IzquierdaUnida<\/a> <br><br>Ni un minuto que perder: todos a trabajar unitariamente dentro de Sumar. <a href=\"https:\/\/t.co\/Iyhm2hqRYu\">pic.twitter.com\/Iyhm2hqRYu<\/a><\/p>&mdash; Alberto Garz\u00f3n? (@agarzon) <a href=\"https:\/\/twitter.com\/agarzon\/status\/1663427997553049600?ref_src=twsrc%5Etfw\">May 30, 2023<\/a><\/blockquote><script async src=\"https:\/\/platform.twitter.com\/widgets.js\" charset=\"utf-8\"><\/script>\n<\/div><\/figure>\n\n\n\n<p>Alianza verde tambi\u00e9n confirma que estar\u00e1 en Sumar.<\/p>\n\n\n\n<figure class=\"wp-block-embed is-type-rich is-provider-twitter wp-block-embed-twitter\"><div class=\"wp-block-embed__wrapper\">\n<blockquote class=\"twitter-tweet\" data-width=\"550\" data-dnt=\"true\"><p lang=\"es\" dir=\"ltr\">&quot;Alianza Verde es una formaci\u00f3n pol\u00edtica que apuesta porque la ecolog\u00eda pol\u00edtica sume  en la izquierda. En coherencia con ello, nosotros siempre hemos apostado por la unidad, en Unidas Podemos y desde ahora en Sumar&quot;.<br><br>Hoy <a href=\"https:\/\/twitter.com\/juralde?ref_src=twsrc%5Etfw\">@juralde<\/a> lo ha contado en <a href=\"https:\/\/twitter.com\/radiolacafetera?ref_src=twsrc%5Etfw\">@radiolacafetera<\/a> <br><br>? <a href=\"https:\/\/t.co\/yeHR3Dnzko\">pic.twitter.com\/yeHR3Dnzko<\/a><\/p>&mdash; Alianza Verde ? (@AlianzaVerde_) <a href=\"https:\/\/twitter.com\/AlianzaVerde_\/status\/1663458220105424896?ref_src=twsrc%5Etfw\">May 30, 2023<\/a><\/blockquote><script async src=\"https:\/\/platform.twitter.com\/widgets.js\" charset=\"utf-8\"><\/script>\n<\/div><\/figure>\n\n\n\n<p>Por su parte la  ministra de Educaci\u00f3n y portavoz del PSOE, Pilar Alegr\u00eda, ha pedido a Podemos y Sumar que lleguen a un acuerdo de unidad para las elecciones generales del pr\u00f3ximo 23 de julio y lo hagan con \u00abresponsabilidad\u00bb para impedir que mande en Espa\u00f1a la \u00abola ultraconservadora\u00bb que gobierna actualmente en Hungr\u00eda o Italia o que lo hizo hasta hace poco en Estados Unidos y Brasil, ha comparado.<\/p>\n\n\n\n<p>\u00abSi queremos evitar que a Espa\u00f1a llegue tambi\u00e9n esa ola ultraconservadora es importante que tambi\u00e9n esos partidos a la izquierda ejerzan ese ejercicio de responsabilidad y unidad que ser\u00eda muy importante de cara a las elecciones de julio\u00bb, <\/p>\n\n\n\n<p>Estas \u00faltimas votaciones confirman que si hubieran sido elecciones generales con la incorporaci\u00f3n del voto  en Catalunya, Pa\u00eds Vasco ( donde el PP es residual ) Andaluc\u00eda Castilla y Le\u00f3n y Galicia el resultado ser\u00eda favorable a un triunfo progresista en el global a\u00fan perdiendo el PSOE  ya que una unidad a la Izquierda del PSOE facilitar\u00eda la nula perdida en formaciones dispersas y centrar\u00eda un voto unificado.<\/p>\n\n\n\n<figure class=\"wp-block-gallery has-nested-images columns-default is-cropped wp-block-gallery-2 is-layout-flex wp-block-gallery-is-layout-flex\">\n<figure class=\"wp-block-image size-large\"><img decoding=\"async\" width=\"1024\" height=\"481\" data-id=\"2245\" src=\"https:\/\/xn--tuvozdiasporaespaola-k7b.com\/wp-content\/uploads\/2023\/06\/Screenshot_20230531_015340_Telegram-1024x481.jpg\" alt=\"\" class=\"wp-image-2245\" srcset=\"https:\/\/xn--tuvozdiasporaespaola-k7b.com\/wp-content\/uploads\/2023\/06\/Screenshot_20230531_015340_Telegram-1024x481.jpg 1024w, https:\/\/xn--tuvozdiasporaespaola-k7b.com\/wp-content\/uploads\/2023\/06\/Screenshot_20230531_015340_Telegram-300x141.jpg 300w, https:\/\/xn--tuvozdiasporaespaola-k7b.com\/wp-content\/uploads\/2023\/06\/Screenshot_20230531_015340_Telegram-768x361.jpg 768w, https:\/\/xn--tuvozdiasporaespaola-k7b.com\/wp-content\/uploads\/2023\/06\/Screenshot_20230531_015340_Telegram.jpg 1080w\" sizes=\"(max-width: 1024px) 100vw, 1024px\" \/><figcaption class=\"wp-element-caption\">Si fueran elecciones generales estos hubieran sido los resultados de las Auton\u00f3micas. <\/figcaption><\/figure>\n<\/figure>\n\n\n\n<p>En las elecciones de Julio con una izquierda progresista unificada se puede parar a la derecha ese ser\u00e1 el reto de los y las dem\u00f3cratas y la responsabilidad con miras de  los y las dirigentes de todas las fuerzas pol\u00edticas progresistas UNIDAD para vencer y transformar.Asi el Movimiento Sumar, la plataforma de la vicepresidenta Yolanda D\u00edaz,  seria la tercera fuerza m\u00e1s votada por delante de Vox.Yolanda D\u00edaz .<\/p>\n\n\n\n<figure class=\"wp-block-gallery has-nested-images columns-default is-cropped wp-block-gallery-3 is-layout-flex wp-block-gallery-is-layout-flex\">\n<figure class=\"wp-block-image size-large\"><img decoding=\"async\" width=\"974\" height=\"534\" data-id=\"2246\" src=\"https:\/\/xn--tuvozdiasporaespaola-k7b.com\/wp-content\/uploads\/2023\/06\/Screenshot_20230531_002448_Facebook.jpg\" alt=\"\" class=\"wp-image-2246\" srcset=\"https:\/\/xn--tuvozdiasporaespaola-k7b.com\/wp-content\/uploads\/2023\/06\/Screenshot_20230531_002448_Facebook.jpg 974w, https:\/\/xn--tuvozdiasporaespaola-k7b.com\/wp-content\/uploads\/2023\/06\/Screenshot_20230531_002448_Facebook-300x164.jpg 300w, https:\/\/xn--tuvozdiasporaespaola-k7b.com\/wp-content\/uploads\/2023\/06\/Screenshot_20230531_002448_Facebook-768x421.jpg 768w\" sizes=\"(max-width: 974px) 100vw, 974px\" \/><figcaption class=\"wp-element-caption\">Ultimas encuestas del diario El Pa\u00eds.<\/figcaption><\/figure>\n<\/figure>\n\n\n\n<p>Yolanda D\u00edaz: \u00abAsumo el reto\u00bbLa vicepresidenta segunda del Gobierno y l\u00edder de Sumar, Yolanda D\u00edaz, ha indicado por su parte que asume \u00abel reto\u00bb de \u00abhacer las cosas de otra manera\u00bb en su \u00e1mbito pol\u00edtico y que, \u00abdesde este mismo momento\u00bb, est\u00e1n ya trabajando para salir \u00aba ganar\u00bb al PP.<\/p>\n\n\n\n<p>Redacci\u00f3n Revista TU VOZ, Argentina <\/p>\n","protected":false},"excerpt":{"rendered":"<p>La plataforma de Yolanda D\u00edaz ha registrado un partido instrumental que bajo el nombre de &#8216;Movimiento Sumar&#8217; que cuenta con el visto bueno de &#8230; <\/p>\n<p class=\"read-more-container\"><a title=\"\u00bfPodemos anuncia que concurrir\u00e1 con Sumar a las elecciones generales del 23 de julio?\" class=\"read-more button\" href=\"https:\/\/xn--tuvozdiasporaespaola-k7b.com\/page\/2\/podemos-anuncia-que-concurrira-con-sumar-a-las-elecciones-generales-del-23-de-julio\/#more-2243\" aria-label=\"M\u00e1s en \u00bfPodemos anuncia que concurrir\u00e1 con Sumar a las elecciones generales del 23 de julio?\">Leer m\u00e1s<\/a><\/p>\n","protected":false},"author":222560522,"featured_media":2247,"comment_status":"open","ping_status":"open","sticky":false,"template":"","format":"standard","meta":{"footnotes":""},"categories":[121850],"tags":[],"class_list":["post-2243","post","type-post","status-publish","format-standard","has-post-thumbnail","hentry","category-politica","resize-featured-image"],"_links":{"self":[{"href":"https:\/\/xn--tuvozdiasporaespaola-k7b.com\/page\/2\/wp-json\/wp\/v2\/posts\/2243","targetHints":{"allow":["GET"]}}],"collection":[{"href":"https:\/\/xn--tuvozdiasporaespaola-k7b.com\/page\/2\/wp-json\/wp\/v2\/posts"}],"about":[{"href":"https:\/\/xn--tuvozdiasporaespaola-k7b.com\/page\/2\/wp-json\/wp\/v2\/types\/post"}],"author":[{"embeddable":true,"href":"https:\/\/xn--tuvozdiasporaespaola-k7b.com\/page\/2\/wp-json\/wp\/v2\/users\/222560522"}],"replies":[{"embeddable":true,"href":"https:\/\/xn--tuvozdiasporaespaola-k7b.com\/page\/2\/wp-json\/wp\/v2\/comments?post=2243"}],"version-history":[{"count":1,"href":"https:\/\/xn--tuvozdiasporaespaola-k7b.com\/page\/2\/wp-json\/wp\/v2\/posts\/2243\/revisions"}],"predecessor-version":[{"id":3432,"href":"https:\/\/xn--tuvozdiasporaespaola-k7b.com\/page\/2\/wp-json\/wp\/v2\/posts\/2243\/revisions\/3432"}],"wp:featuredmedia":[{"embeddable":true,"href":"https:\/\/xn--tuvozdiasporaespaola-k7b.com\/page\/2\/wp-json\/wp\/v2\/media\/2247"}],"wp:attachment":[{"href":"https:\/\/xn--tuvozdiasporaespaola-k7b.com\/page\/2\/wp-json\/wp\/v2\/media?parent=2243"}],"wp:term":[{"taxonomy":"category","embeddable":true,"href":"https:\/\/xn--tuvozdiasporaespaola-k7b.com\/page\/2\/wp-json\/wp\/v2\/categories?post=2243"},{"taxonomy":"post_tag","embeddable":true,"href":"https:\/\/xn--tuvozdiasporaespaola-k7b.com\/page\/2\/wp-json\/wp\/v2\/tags?post=2243"}],"curies":[{"name":"wp","href":"https:\/\/api.w.org\/{rel}","templated":true}]}}