{"id":2229,"date":"2023-05-23T00:22:15","date_gmt":"2023-05-23T03:22:15","guid":{"rendered":"https:\/\/xn--tuvozdiasporaespaola-k7b.com\/?p=2229"},"modified":"2023-05-23T00:22:17","modified_gmt":"2023-05-23T03:22:17","slug":"en-el-exterior-las-encuestas-dan-al-psoe-la-primera-opcion-de-voto-seguido-de-cerca-por-podemos-y-confluencia-a-22-de-mayo","status":"publish","type":"post","link":"https:\/\/xn--tuvozdiasporaespaola-k7b.com\/page\/2\/en-el-exterior-las-encuestas-dan-al-psoe-la-primera-opcion-de-voto-seguido-de-cerca-por-podemos-y-confluencia-a-22-de-mayo\/","title":{"rendered":"En el Exterior\u00a0 las encuestas dan al PSOE la primera opci\u00f3n de Voto,  seguido de cerca por Podemos y confluencia a 22 de Mayo."},"content":{"rendered":"\n<p>En una encuesta realizada por&nbsp; la Revista TU VOZ&nbsp; conjuntamente&nbsp; con voluntarias a pie de calle en las puertas de los Consulados espa\u00f1oles,&nbsp; hasta el dia de la fecha se produce un afianzamiento del PSOE como primera opci\u00f3n de Voto&nbsp; con un 26,40 % seguido de cerca por Podemos y confluencia&nbsp; con un 25,10% ,&nbsp; el Partido Popular incrementa la intenci\u00f3n de voto en 3 puntos con respecto al mes de Abril pasando de los 17 a los 20 puntos a costa de VOX que baja en intenci\u00f3n de voto. Con respecto a las opciones Nacionalistas y Regionalistas&nbsp;con EH-BILDU, Partido Regionalista de Cantabria, Coalici\u00f3n Canaria, M\u00e1s Madrid o Compromis&nbsp; bajan en general en intenci\u00f3n de voto.<\/p>\n\n\n\n<p>Esto confirma el incremento del voto progresista en el exterior y con ello la posibilidad de reeditar los gobiernos de progreso en comunidades como Asturias, Baleares, Canarias, La Rioja, Aragon, Valencia&nbsp; Canarias, Extremadura y la entrada en Parlamentos Auton\u00f3micos como Cantabria o Castilla la Mancha.<\/p>\n\n\n\n<figure class=\"wp-block-gallery has-nested-images columns-default is-cropped wp-block-gallery-1 is-layout-flex wp-block-gallery-is-layout-flex\">\n<figure class=\"wp-block-image size-large\"><img fetchpriority=\"high\" decoding=\"async\" width=\"1024\" height=\"1007\" data-id=\"2231\" src=\"https:\/\/xn--tuvozdiasporaespaola-k7b.com\/wp-content\/uploads\/2023\/05\/Screenshot_20230523_002047_Editor-Lite-1024x1007.jpg\" alt=\"\" class=\"wp-image-2231\" srcset=\"https:\/\/xn--tuvozdiasporaespaola-k7b.com\/wp-content\/uploads\/2023\/05\/Screenshot_20230523_002047_Editor-Lite-1024x1007.jpg 1024w, https:\/\/xn--tuvozdiasporaespaola-k7b.com\/wp-content\/uploads\/2023\/05\/Screenshot_20230523_002047_Editor-Lite-300x295.jpg 300w, https:\/\/xn--tuvozdiasporaespaola-k7b.com\/wp-content\/uploads\/2023\/05\/Screenshot_20230523_002047_Editor-Lite-768x755.jpg 768w, https:\/\/xn--tuvozdiasporaespaola-k7b.com\/wp-content\/uploads\/2023\/05\/Screenshot_20230523_002047_Editor-Lite.jpg 1080w\" sizes=\"(max-width: 1024px) 100vw, 1024px\" \/><\/figure>\n<\/figure>\n","protected":false},"excerpt":{"rendered":"<p>En una encuesta realizada por&nbsp; la Revista TU VOZ&nbsp; conjuntamente&nbsp; con voluntarias a pie de calle en las puertas de los Consulados espa\u00f1oles,&nbsp; hasta &#8230; <\/p>\n<p class=\"read-more-container\"><a title=\"En el Exterior\u00a0 las encuestas dan al PSOE la primera opci\u00f3n de Voto,  seguido de cerca por Podemos y confluencia a 22 de Mayo.\" class=\"read-more button\" href=\"https:\/\/xn--tuvozdiasporaespaola-k7b.com\/page\/2\/en-el-exterior-las-encuestas-dan-al-psoe-la-primera-opcion-de-voto-seguido-de-cerca-por-podemos-y-confluencia-a-22-de-mayo\/#more-2229\" aria-label=\"M\u00e1s en En el Exterior\u00a0 las encuestas dan al PSOE la primera opci\u00f3n de Voto,  seguido de cerca por Podemos y confluencia a 22 de Mayo.\">Leer m\u00e1s<\/a><\/p>\n","protected":false},"author":222560522,"featured_media":2230,"comment_status":"open","ping_status":"open","sticky":false,"template":"","format":"standard","meta":{"footnotes":""},"categories":[121853,1771],"tags":[],"class_list":["post-2229","post","type-post","status-publish","format-standard","has-post-thumbnail","hentry","category-elecciones","category-sociales","resize-featured-image"],"_links":{"self":[{"href":"https:\/\/xn--tuvozdiasporaespaola-k7b.com\/page\/2\/wp-json\/wp\/v2\/posts\/2229","targetHints":{"allow":["GET"]}}],"collection":[{"href":"https:\/\/xn--tuvozdiasporaespaola-k7b.com\/page\/2\/wp-json\/wp\/v2\/posts"}],"about":[{"href":"https:\/\/xn--tuvozdiasporaespaola-k7b.com\/page\/2\/wp-json\/wp\/v2\/types\/post"}],"author":[{"embeddable":true,"href":"https:\/\/xn--tuvozdiasporaespaola-k7b.com\/page\/2\/wp-json\/wp\/v2\/users\/222560522"}],"replies":[{"embeddable":true,"href":"https:\/\/xn--tuvozdiasporaespaola-k7b.com\/page\/2\/wp-json\/wp\/v2\/comments?post=2229"}],"version-history":[{"count":0,"href":"https:\/\/xn--tuvozdiasporaespaola-k7b.com\/page\/2\/wp-json\/wp\/v2\/posts\/2229\/revisions"}],"wp:featuredmedia":[{"embeddable":true,"href":"https:\/\/xn--tuvozdiasporaespaola-k7b.com\/page\/2\/wp-json\/wp\/v2\/media\/2230"}],"wp:attachment":[{"href":"https:\/\/xn--tuvozdiasporaespaola-k7b.com\/page\/2\/wp-json\/wp\/v2\/media?parent=2229"}],"wp:term":[{"taxonomy":"category","embeddable":true,"href":"https:\/\/xn--tuvozdiasporaespaola-k7b.com\/page\/2\/wp-json\/wp\/v2\/categories?post=2229"},{"taxonomy":"post_tag","embeddable":true,"href":"https:\/\/xn--tuvozdiasporaespaola-k7b.com\/page\/2\/wp-json\/wp\/v2\/tags?post=2229"}],"curies":[{"name":"wp","href":"https:\/\/api.w.org\/{rel}","templated":true}]}}