{"id":2213,"date":"2023-05-22T12:23:11","date_gmt":"2023-05-22T15:23:11","guid":{"rendered":"https:\/\/xn--tuvozdiasporaespaola-k7b.com\/?p=2213"},"modified":"2023-07-31T03:15:08","modified_gmt":"2023-07-31T06:15:08","slug":"carta-abierta-al-sr-ministro-de-asuntos-exteriores-union-europea-y-cooperacion-jose-luis-albares","status":"publish","type":"post","link":"https:\/\/xn--tuvozdiasporaespaola-k7b.com\/page\/2\/carta-abierta-al-sr-ministro-de-asuntos-exteriores-union-europea-y-cooperacion-jose-luis-albares\/","title":{"rendered":"CARTA ABIERTA AL SR. MINISTRO DE ASUNTOS EXTERIORES UNION EUROPEA Y COOPERACION, JOSE LUIS ALBARES"},"content":{"rendered":"\n<p>Venimos a trav\u00e9s del presente escrito a poner en su conocimiento como m\u00e1xima autoridad de la Diplomacia Espa\u00f1ola, toda vez que son varias las dependencias bajo su \u00f3rbita que est\u00e1n aplicando err\u00f3neamente la Disposici\u00f3n adicional 8va de la Ley de Memoria Democr\u00e1tica.<\/p>\n\n\n\n<p>En una decisi\u00f3n hist\u00f3rica, Espa\u00f1a ha venido a reparar los agravios comparativos producidos por una deuda arrastrada por d\u00e9cadas con los descendientes de espa\u00f1oles nacidos el exterior. Fue as\u00ed, que se emiti\u00f3 la Instrucci\u00f3n del 25 de octubre de 2022 de la Direcci\u00f3n General de Seguridad Jur\u00eddica y Fe P\u00fablica sobre el derecho de opci\u00f3n a la nacionalidad espa\u00f1ola establecido en la disposici\u00f3n adicional octava de la Ley de Memoria Democr\u00e1tica, conocida fuera de Espa\u00f1a como la \u201cLey de Nietos\u201d. Con su vigencia se procedi\u00f3 a efectuar oportunas rectificaciones, tanto en su implementaci\u00f3n y procedimientos, con la finalidad de reducir el riesgo de toda clase de interpretaciones posibles que conspiren contra el acceso a la ciudadan\u00eda espa\u00f1ola.<\/p>\n\n\n\n<p>De acuerdo con dicho esp\u00edritu, diligentes en su estricta aplicaci\u00f3n se han mostrado representaciones consulares espa\u00f1olas en el exterior que est\u00e1n atendiendo las solicitudes de los futuros ciudadanos, todas llenas de ilusi\u00f3n que se hab\u00edan visto privados por a\u00f1os de la nacionalidad de sus antepasados.  En este proceso que, como se sabe, durar\u00e1 dos a\u00f1os desde la su promulgaci\u00f3n, destacamos la correcta aplicaci\u00f3n en los consulados de Buenos Aires, Montevideo y Caracas por poner algunos ejemplos. <\/p>\n\n\n\n<p>No obstante ello, el seguimiento que realiza el Centro de Descendientes de Espa\u00f1oles Unidos (CE.DEU), hemos tomado conocimiento de procederes re\u00f1idos con lo normado por la Ley de Memoria Democr\u00e1tica y sus Instructivos por parte de funcionarios de directa dependencia del Ministerio a su cargo, que es necesario corregir de manera inmediata. Tal es el caso de lo ocurrido la semana pasada cuando el responsable del Consulado General de Espa\u00f1a en Montreal, el se\u00f1or Ernesto de Zulueta y Habsburgo-Lorena quien rechaz\u00f3 una solicitud de acceso a un nieto de espa\u00f1ol , nacido en Brasil, que hizo su recuperaci\u00f3n de nacionalidad espa\u00f1ola.<\/p>\n\n\n\n<p>El referido funcionario, violando tanto la Ley como la instrucci\u00f3n, ha venido a se\u00f1alar que se es originariamente espa\u00f1ol solo cuando se ha nacido en Espa\u00f1a. De esta manera, ese Se\u00f1or se ha arrogado la potestad de reinterpretar lo dispuesto en el C\u00f3digo Civil vigente y sus antecedentes, as\u00ed como lo establecido en la Ley de Memoria Democr\u00e1tica arriba referida. No es posible consentir ni tolerar semejantes excesos que cruzan y vulneran la delgada l\u00ednea de la legalidad por parte de un funcionario jer\u00e1rquico del servicio exterior de Espa\u00f1a. Lo que m\u00e1s nos alarma de ese acto administrativo es que fue producida por un funcionario nacido fuera de Espa\u00f1a, como lo es el Sr. Ernesto de Zulueta y Habsburgo-Lorena.<\/p>\n\n\n\n<figure class=\"wp-block-gallery has-nested-images columns-default is-cropped wp-block-gallery-1 is-layout-flex wp-block-gallery-is-layout-flex\">\n<figure class=\"wp-block-image size-large\"><img fetchpriority=\"high\" decoding=\"async\" width=\"1024\" height=\"682\" data-id=\"2214\" src=\"https:\/\/xn--tuvozdiasporaespaola-k7b.com\/wp-content\/uploads\/2023\/05\/consul-general-9486-w-1024x682.jpg\" alt=\"\" class=\"wp-image-2214\" srcset=\"https:\/\/xn--tuvozdiasporaespaola-k7b.com\/wp-content\/uploads\/2023\/05\/consul-general-9486-w-1024x682.jpg 1024w, https:\/\/xn--tuvozdiasporaespaola-k7b.com\/wp-content\/uploads\/2023\/05\/consul-general-9486-w-300x200.jpg 300w, https:\/\/xn--tuvozdiasporaespaola-k7b.com\/wp-content\/uploads\/2023\/05\/consul-general-9486-w-768x512.jpg 768w, https:\/\/xn--tuvozdiasporaespaola-k7b.com\/wp-content\/uploads\/2023\/05\/consul-general-9486-w-1536x1024.jpg 1536w, https:\/\/xn--tuvozdiasporaespaola-k7b.com\/wp-content\/uploads\/2023\/05\/consul-general-9486-w.jpg 2000w\" sizes=\"(max-width: 1024px) 100vw, 1024px\" \/><figcaption class=\"wp-element-caption\">Ernesto de Zulueta y Habsburgo-Lorena<\/figcaption><\/figure>\n<\/figure>\n\n\n\n<p>Para no cargar las tintas sobre el antes mencionado funcionario de manera exclusiva y excluyente, ponemos en conocimiento del MAEC que comportamientos similares se replican casi en forma sim\u00e9trica, en Consulados como los de Rotterdam, Monterrey, Mendoza, Rio de Janeiro, San Salvador de Bah\u00eda, San Jos\u00e9 de Costa Rica, entre otros. Cabe tambi\u00e9n se\u00f1alar que el referido funcionario ha hecho caso omiso de las reglas de procedimiento para los nacidos en el exterior, domiciliados fuera de Espa\u00f1a, pero en un pa\u00eds distinto al de nacimiento, dispuestas en la Ley de Registro Civil y Circulares Procedimentales del Ministerio de Justicia ya que resolvi\u00f3 sobre una solicitud que debe ser resuelta por el consulado competente al del nacimiento del interesado. <\/p>\n\n\n\n<p>Como consecuencia de lo anterior, un descendiente de espa\u00f1ol que legal y leg\u00edtimamente aspiraba a ver reconocida su nacionalidad, al amparo de la LMD, ha sido afectado por un C\u00f3nsul General quien se ha arrogado atribuciones competencias que no le son propias. Solo bastaba con que se hubiera limitado a cumplir con la Ley, y que dicha solicitud fuera enviada desde el Consulado espa\u00f1ol en Montreal al de Sao Paulo, quien es quien deb\u00eda emitir criterio \u00fanico y definitivo.<\/p>\n\n\n\n<p>Cabe se\u00f1alar que el Consejo de Residentes de Espa\u00f1oles correspondiente a la demarcaci\u00f3n consular de Montreal deber\u00e1 tomar cartas en el asunto, solicitando las debidas explicaciones por lo sucedido al referido Consulado y su titular, y de resultar necesario solicitar los correctivos que correspondan.<\/p>\n\n\n\n<p>Tal anomal\u00eda constituye una situaci\u00f3n tan preocupante como a todas luces inaceptable, toda vez que pueda llegar concursar hasta en la comisi\u00f3n de delitos.<\/p>\n\n\n\n<p>Obliga a un enorme esfuerzo, intentar concluir los motivos  por los cuales el Estado Espa\u00f1ol mantiene activos en su servicio exterior funcionarios que act\u00faan en abierta contravenci\u00f3n de las Leyes vigentes y sus respectivos reglamentos e instructivos. <\/p>\n\n\n\n<p>Ante tal situaci\u00f3n, hacemos un llamamiento al Ministerio de Relaciones Exteriores, Uni\u00f3n Europea y Cooperaci\u00f3n del Gobierno de Espa\u00f1a y en particular a su titular, Se\u00f1or Jos\u00e9 Manuel Albares Bueno, solicitando su inmediata intervenci\u00f3n no solamente para rectificar el mal obrar del ya citado funcionario, y algunos de sus hom\u00f3logos en otras ciudades del mundo, para que situaciones tan bochornosas no se repitan. Es por eso que tambi\u00e9n venimos a requerirle, una reiteraci\u00f3n y notificaci\u00f3n del Instructivo que est\u00e1 siendo correctamente aplicado por los Consulados Generales de Espa\u00f1a que corresponden a la mayor cantidad de ciudadanos espa\u00f1oles residentes fuera de la Pen\u00ednsula Ib\u00e9rica, ya mencionados.<\/p>\n\n\n\n<figure class=\"wp-block-gallery has-nested-images columns-default is-cropped wp-block-gallery-2 is-layout-flex wp-block-gallery-is-layout-flex\">\n<figure class=\"wp-block-image size-large\"><img decoding=\"async\" width=\"480\" height=\"270\" data-id=\"2215\" src=\"https:\/\/xn--tuvozdiasporaespaola-k7b.com\/wp-content\/uploads\/2023\/05\/eup_20210804_090237856.jpg\" alt=\"\" class=\"wp-image-2215\" srcset=\"https:\/\/xn--tuvozdiasporaespaola-k7b.com\/wp-content\/uploads\/2023\/05\/eup_20210804_090237856.jpg 480w, https:\/\/xn--tuvozdiasporaespaola-k7b.com\/wp-content\/uploads\/2023\/05\/eup_20210804_090237856-300x169.jpg 300w\" sizes=\"(max-width: 480px) 100vw, 480px\" \/><figcaption class=\"wp-element-caption\">Se\u00f1or Albares  ministro de Asuntos Exteriores y Uni\u00f3n Europea <\/figcaption><\/figure>\n<\/figure>\n\n\n\n<p>Apenas un a\u00f1o y medio  queda de vigencia de la Ley, y que una vez cumplido el mismo muchos espa\u00f1oles quedar\u00edan  ilegalmente fuera de su acceso. Estimamos que es urgente y necesario establecer los canales de informaci\u00f3n que de manera indubitada den el conocimiento adecuado y estricto de la Instrucci\u00f3n del 25 de octubre de 2022 de la Direcci\u00f3n General de Seguridad Jur\u00eddica y Fe P\u00fablica sobre el derecho de opci\u00f3n a la nacionalidad espa\u00f1ola establecido en la disposici\u00f3n adicional octava de la Ley 20\/2022.<\/p>\n\n\n\n<p>Urge adoptar a tiempo las determinaciones que posibiliten su estricto cumplimiento, evitando que vuelvan a repetirse interpretaciones subjetivas como las que ha mostrado el se\u00f1or Ernesto de Zulueta y Habsburgo-Lorena. <\/p>\n\n\n\n<p>La situaci\u00f3n en la que \u00e9l incurri\u00f3 y que debidamente denunciamos por la presente pudo haberse evitado, y que esperamos se tome en car\u00e1cter de denuncia, toda vez que ese funcionario ha hecho propias atribuciones propias que no le corresponden, afectando derechos de futuros ciudadanos. Se estuvo a punto de hacer un petitorio de firmas reprobando tal situaci\u00f3n, pero creemos esta instancia como previa, sobre todo si Espa\u00f1a aspira a proyectar la imagen de un cuerpo diplom\u00e1tico y, en especial, una red de servicio consular de vanguardia y adecuado a los desaf\u00edos del siglo XXI que muchos ya proyectan actualmente, pero que estos casos los empa\u00f1an. <\/p>\n\n\n\n<p>Comunicado de Ce.DEU, <\/p>\n","protected":false},"excerpt":{"rendered":"<p>Venimos a trav\u00e9s del presente escrito a poner en su conocimiento como m\u00e1xima autoridad de la Diplomacia Espa\u00f1ola, toda vez que son varias las &#8230; <\/p>\n<p class=\"read-more-container\"><a title=\"CARTA ABIERTA AL SR. MINISTRO DE ASUNTOS EXTERIORES UNION EUROPEA Y COOPERACION, JOSE LUIS ALBARES\" class=\"read-more button\" href=\"https:\/\/xn--tuvozdiasporaespaola-k7b.com\/page\/2\/carta-abierta-al-sr-ministro-de-asuntos-exteriores-union-europea-y-cooperacion-jose-luis-albares\/#more-2213\" aria-label=\"M\u00e1s en CARTA ABIERTA AL SR. MINISTRO DE ASUNTOS EXTERIORES UNION EUROPEA Y COOPERACION, JOSE LUIS ALBARES\">Leer m\u00e1s<\/a><\/p>\n","protected":false},"author":222560522,"featured_media":2216,"comment_status":"open","ping_status":"open","sticky":false,"template":"","format":"standard","meta":{"footnotes":""},"categories":[121854],"tags":[],"class_list":["post-2213","post","type-post","status-publish","format-standard","has-post-thumbnail","hentry","category-consejo-de-residentes-espanoles","resize-featured-image"],"_links":{"self":[{"href":"https:\/\/xn--tuvozdiasporaespaola-k7b.com\/page\/2\/wp-json\/wp\/v2\/posts\/2213","targetHints":{"allow":["GET"]}}],"collection":[{"href":"https:\/\/xn--tuvozdiasporaespaola-k7b.com\/page\/2\/wp-json\/wp\/v2\/posts"}],"about":[{"href":"https:\/\/xn--tuvozdiasporaespaola-k7b.com\/page\/2\/wp-json\/wp\/v2\/types\/post"}],"author":[{"embeddable":true,"href":"https:\/\/xn--tuvozdiasporaespaola-k7b.com\/page\/2\/wp-json\/wp\/v2\/users\/222560522"}],"replies":[{"embeddable":true,"href":"https:\/\/xn--tuvozdiasporaespaola-k7b.com\/page\/2\/wp-json\/wp\/v2\/comments?post=2213"}],"version-history":[{"count":1,"href":"https:\/\/xn--tuvozdiasporaespaola-k7b.com\/page\/2\/wp-json\/wp\/v2\/posts\/2213\/revisions"}],"predecessor-version":[{"id":3435,"href":"https:\/\/xn--tuvozdiasporaespaola-k7b.com\/page\/2\/wp-json\/wp\/v2\/posts\/2213\/revisions\/3435"}],"wp:featuredmedia":[{"embeddable":true,"href":"https:\/\/xn--tuvozdiasporaespaola-k7b.com\/page\/2\/wp-json\/wp\/v2\/media\/2216"}],"wp:attachment":[{"href":"https:\/\/xn--tuvozdiasporaespaola-k7b.com\/page\/2\/wp-json\/wp\/v2\/media?parent=2213"}],"wp:term":[{"taxonomy":"category","embeddable":true,"href":"https:\/\/xn--tuvozdiasporaespaola-k7b.com\/page\/2\/wp-json\/wp\/v2\/categories?post=2213"},{"taxonomy":"post_tag","embeddable":true,"href":"https:\/\/xn--tuvozdiasporaespaola-k7b.com\/page\/2\/wp-json\/wp\/v2\/tags?post=2213"}],"curies":[{"name":"wp","href":"https:\/\/api.w.org\/{rel}","templated":true}]}}