{"id":2203,"date":"2023-05-20T21:16:28","date_gmt":"2023-05-21T00:16:28","guid":{"rendered":"https:\/\/xn--tuvozdiasporaespaola-k7b.com\/?p=2203"},"modified":"2023-08-03T00:22:11","modified_gmt":"2023-08-03T03:22:11","slug":"comienza-la-transformacion","status":"publish","type":"post","link":"https:\/\/xn--tuvozdiasporaespaola-k7b.com\/page\/2\/comienza-la-transformacion\/","title":{"rendered":"COMIENZA LA TRANSFORMACI\u00d3N."},"content":{"rendered":"\n<p>Hoy d\u00eda 20 de Mayo, se abrieron las urnas que permanecer\u00e1n abiertas hasta el pr\u00f3ximo d\u00eda 25 del corriente  en distintas partes del mundo desde Suecia hasta la Patagonia&nbsp;Argentina, desde el Estrecho de Bering hasta el Cabo de Buena Esperanza y desde Vladivostok hasta el conf\u00edn de Australia, cerca de 1.325.000 espa\u00f1oles expresar\u00e1n su derecho a voto en las Elecciones Auton\u00f3micas del cercano 28 de mayo.<\/p>\n\n\n\n<p>La participaci\u00f3n&nbsp; presencial hasta este momento se asemeja mucho a la que hab\u00eda antes de la Ley  de rogar el voto,  con lo que se estima que se podr\u00eda llegar e incluso superar a las de entonces. Hoy es el primer d\u00eda&nbsp; y las votaciones van a buen ritmo.<\/p>\n\n\n\n<p>Hay que recordar que por ejemplo en el Consulado de Buenos Aires tienen derecho a voto cerca de 70.000 personas  y en el resto de Argentina se estima 145.000.<\/p>\n\n\n\n<figure class=\"wp-block-gallery has-nested-images columns-default is-cropped wp-block-gallery-1 is-layout-flex wp-block-gallery-is-layout-flex\">\n<figure class=\"wp-block-image size-large\"><img fetchpriority=\"high\" decoding=\"async\" width=\"1024\" height=\"1007\" data-id=\"2204\" src=\"https:\/\/xn--tuvozdiasporaespaola-k7b.com\/wp-content\/uploads\/2023\/05\/Screenshot_20230520_210701_Gallery-1024x1007.jpg\" alt=\"\" class=\"wp-image-2204\" srcset=\"https:\/\/xn--tuvozdiasporaespaola-k7b.com\/wp-content\/uploads\/2023\/05\/Screenshot_20230520_210701_Gallery-1024x1007.jpg 1024w, https:\/\/xn--tuvozdiasporaespaola-k7b.com\/wp-content\/uploads\/2023\/05\/Screenshot_20230520_210701_Gallery-300x295.jpg 300w, https:\/\/xn--tuvozdiasporaespaola-k7b.com\/wp-content\/uploads\/2023\/05\/Screenshot_20230520_210701_Gallery-768x755.jpg 768w, https:\/\/xn--tuvozdiasporaespaola-k7b.com\/wp-content\/uploads\/2023\/05\/Screenshot_20230520_210701_Gallery.jpg 1080w\" sizes=\"(max-width: 1024px) 100vw, 1024px\" \/><figcaption class=\"wp-element-caption\">Par\u00eds, Estocolmo, Bruselas, Londres, interventores de Podemos <\/figcaption><\/figure>\n<\/figure>\n\n\n\n<p>Puesto en contacto con la Embajadora de Espa\u00f1a, la Excma. Sra.  Mar\u00eda Jes\u00fas Alonso nos manifiesta que hasta las 16:00 horas, han depositado el voto en torno las 150 personas de forma presencial y 1.500 recibidos por correo e el primer d\u00eda, con lo que se estima ser\u00e1 una buena participaci\u00f3n. <\/p>\n\n\n\n<p>Las personas que participan muestran su alegr\u00eda por no tener que rogar el  voto y la facilidad para ejercerlo, en esta participaci\u00f3n encontramos personas mayores de 85 a\u00f1os y otras j\u00f3venes  de 18 a\u00f1os que ejercen por primera vez este derecho en las elecciones auton\u00f3micas. <\/p>\n\n\n\n<figure class=\"wp-block-gallery has-nested-images columns-default is-cropped wp-block-gallery-2 is-layout-flex wp-block-gallery-is-layout-flex\">\n<figure class=\"wp-block-image size-large\"><img decoding=\"async\" width=\"1024\" height=\"978\" data-id=\"2205\" src=\"https:\/\/xn--tuvozdiasporaespaola-k7b.com\/wp-content\/uploads\/2023\/05\/Screenshot_20230520_210612_Gallery-1024x978.jpg\" alt=\"\" class=\"wp-image-2205\" srcset=\"https:\/\/xn--tuvozdiasporaespaola-k7b.com\/wp-content\/uploads\/2023\/05\/Screenshot_20230520_210612_Gallery-1024x978.jpg 1024w, https:\/\/xn--tuvozdiasporaespaola-k7b.com\/wp-content\/uploads\/2023\/05\/Screenshot_20230520_210612_Gallery-300x286.jpg 300w, https:\/\/xn--tuvozdiasporaespaola-k7b.com\/wp-content\/uploads\/2023\/05\/Screenshot_20230520_210612_Gallery-768x733.jpg 768w, https:\/\/xn--tuvozdiasporaespaola-k7b.com\/wp-content\/uploads\/2023\/05\/Screenshot_20230520_210612_Gallery.jpg 1080w\" sizes=\"(max-width: 1024px) 100vw, 1024px\" \/><figcaption class=\"wp-element-caption\">La Espa\u00f1ola con 85 A\u00f1os que se desplaza a votar junto a emigrantes de Castilla la Mancha, Rioja y Asturias.<\/figcaption><\/figure>\n<\/figure>\n\n\n\n<p>En Par\u00eds, Francia, la votaci\u00f3n tambi\u00e9n transcurre con tranquilidad y alta participaci\u00f3n as\u00ed como en Londres, Estocolmo o Bruselas, ambas ciudades Europeas.<\/p>\n\n\n\n<p>Una fiesta democr\u00e1tica que simboliza la disponibilidad en el exterior para participar, cambiar las cosas y seguir transformando la vida a la di\u00e1spora espa\u00f1ola, desde distintas ideas o espacios.<\/p>\n\n\n\n<p>Una poblaci\u00f3n que vota pensando en el pasado por lo que fue, en el presente por los logros o retos conseguidos y sobre todo en un futuro donde los espacios progresistas simbolizan un vida mejor con derechos para todas y todos, en un respeto a lo diferente y a la diversidad de cada Comunidad Aut\u00f3noma.<\/p>\n\n\n\n<p>Redacci\u00f3n Revista TU VOZ. Argentina <\/p>\n","protected":false},"excerpt":{"rendered":"<p>Hoy d\u00eda 20 de Mayo, se abrieron las urnas que permanecer\u00e1n abiertas hasta el pr\u00f3ximo d\u00eda 25 del corriente en distintas partes del mundo &#8230; <\/p>\n<p class=\"read-more-container\"><a title=\"COMIENZA LA TRANSFORMACI\u00d3N.\" class=\"read-more button\" href=\"https:\/\/xn--tuvozdiasporaespaola-k7b.com\/page\/2\/comienza-la-transformacion\/#more-2203\" aria-label=\"M\u00e1s en COMIENZA LA TRANSFORMACI\u00d3N.\">Leer m\u00e1s<\/a><\/p>\n","protected":false},"author":222560522,"featured_media":2206,"comment_status":"open","ping_status":"open","sticky":false,"template":"","format":"standard","meta":{"footnotes":""},"categories":[121853,1771],"tags":[],"class_list":["post-2203","post","type-post","status-publish","format-standard","has-post-thumbnail","hentry","category-elecciones","category-sociales","resize-featured-image"],"_links":{"self":[{"href":"https:\/\/xn--tuvozdiasporaespaola-k7b.com\/page\/2\/wp-json\/wp\/v2\/posts\/2203","targetHints":{"allow":["GET"]}}],"collection":[{"href":"https:\/\/xn--tuvozdiasporaespaola-k7b.com\/page\/2\/wp-json\/wp\/v2\/posts"}],"about":[{"href":"https:\/\/xn--tuvozdiasporaespaola-k7b.com\/page\/2\/wp-json\/wp\/v2\/types\/post"}],"author":[{"embeddable":true,"href":"https:\/\/xn--tuvozdiasporaespaola-k7b.com\/page\/2\/wp-json\/wp\/v2\/users\/222560522"}],"replies":[{"embeddable":true,"href":"https:\/\/xn--tuvozdiasporaespaola-k7b.com\/page\/2\/wp-json\/wp\/v2\/comments?post=2203"}],"version-history":[{"count":1,"href":"https:\/\/xn--tuvozdiasporaespaola-k7b.com\/page\/2\/wp-json\/wp\/v2\/posts\/2203\/revisions"}],"predecessor-version":[{"id":3473,"href":"https:\/\/xn--tuvozdiasporaespaola-k7b.com\/page\/2\/wp-json\/wp\/v2\/posts\/2203\/revisions\/3473"}],"wp:featuredmedia":[{"embeddable":true,"href":"https:\/\/xn--tuvozdiasporaespaola-k7b.com\/page\/2\/wp-json\/wp\/v2\/media\/2206"}],"wp:attachment":[{"href":"https:\/\/xn--tuvozdiasporaespaola-k7b.com\/page\/2\/wp-json\/wp\/v2\/media?parent=2203"}],"wp:term":[{"taxonomy":"category","embeddable":true,"href":"https:\/\/xn--tuvozdiasporaespaola-k7b.com\/page\/2\/wp-json\/wp\/v2\/categories?post=2203"},{"taxonomy":"post_tag","embeddable":true,"href":"https:\/\/xn--tuvozdiasporaespaola-k7b.com\/page\/2\/wp-json\/wp\/v2\/tags?post=2203"}],"curies":[{"name":"wp","href":"https:\/\/api.w.org\/{rel}","templated":true}]}}