{"id":2199,"date":"2023-05-19T22:19:08","date_gmt":"2023-05-20T01:19:08","guid":{"rendered":"https:\/\/xn--tuvozdiasporaespaola-k7b.com\/?p=2199"},"modified":"2023-05-19T22:19:09","modified_gmt":"2023-05-20T01:19:09","slug":"podemos-argentina-en-la-red-america-de-podemos-exterior-muestran-su-apoyo-incondicional-al-pueblo-saharaui-con-ocasion-del-50-aniversario-del-polisario","status":"publish","type":"post","link":"https:\/\/xn--tuvozdiasporaespaola-k7b.com\/page\/2\/podemos-argentina-en-la-red-america-de-podemos-exterior-muestran-su-apoyo-incondicional-al-pueblo-saharaui-con-ocasion-del-50-aniversario-del-polisario\/","title":{"rendered":"Podemos Argentina en la  Red  Am\u00e9rica de Podemos Exterior, muestran su apoyo incondicional al Pueblo Saharaui con ocasi\u00f3n del 50 aniversario del Polisario"},"content":{"rendered":"\n<p><strong>Ante la celebraci\u00f3n del 50 Aniversario del Frente Polisario en Buenos Aires este s\u00e1bado 20 de mayo, la delegaci\u00f3n de Podemos en Latinoam\u00e9rica manifiesta su total apoyo a las reivindicaciones leg\u00edtimas del Frente Polisario que suponen el cumplimiento de las resoluciones de la ONU para la celebraci\u00f3n de un Refer\u00e9ndum de Autodeterminaci\u00f3n.<\/strong><\/p>\n\n\n\n<p>Por ello, a pesar de formar parte del Gobierno de Coalici\u00f3n en Espa\u00f1a,  Podemos Latinoam\u00e9rica y Podemos Exterior se desmarcan, como ya lo hicieron su Secretaria General Ione Belarra y las ministras de Podemos en el mismo, de la inexplicable y unilateral decisi\u00f3n adoptada por el presidente Pedro S\u00e1nchez y su partido el PSOE, sobre un cambio radical y contradictorio con los compromisos asumidos por Espa\u00f1a como potencia descolonizadora, en la l\u00ednea de ceder a los intereses anexionistas del Reino de Marruecos a trav\u00e9s de la aplicaci\u00f3n de una supuesta autonom\u00eda sin consulta alguna al pueblo saharaui.<\/p>\n\n\n\n<p>As\u00edmismo agradece al Frente Polisario que hayan diferenciado la pol\u00edtica emprendida por una parte del gobierno y su Presidente, cuyo partido se ha quedado totalmente aislado en el Parlamento espa\u00f1ol en este tema, de la actitud y apoyo favorable de la mayor\u00eda del Pueblo espa\u00f1ol, favorable a exigir a Marruecos el cumplimiento de las resoluciones de la ONU, cuya obstaculaci\u00f3n y dilaci\u00f3n, han provocado ya la vuelta al conflicto b\u00e9lico en la frontera con Argelia y los campamentos de refugiados de la RASD.<\/p>\n\n\n\n<p>Es por ello por lo que se acude a la conmemoraci\u00f3n de la fundaci\u00f3n del Frente Polisario, que arrastra 50 a\u00f1os de resistencia popular al R\u00e9gimen autocr\u00e1tico marroqu\u00ed y su pol\u00edtica genocida y colonizadora, y se pone del lado de la gran mayor\u00eda de fuerzas pol\u00edticas progresistas mundiales y de multitud de pa\u00edses cuyos gobiernos reconocen el derecho del Pueblo Saharaui a un Refer\u00e9ndum vinculante que garantice el retorno a sus tierras de origen, y con ello el logro de la Paz y la Democracia.<\/p>\n\n\n\n<figure class=\"wp-block-gallery has-nested-images columns-default is-cropped wp-block-gallery-1 is-layout-flex wp-block-gallery-is-layout-flex\">\n<figure class=\"wp-block-image size-large\"><img fetchpriority=\"high\" decoding=\"async\" width=\"1024\" height=\"857\" data-id=\"2200\" src=\"https:\/\/xn--tuvozdiasporaespaola-k7b.com\/wp-content\/uploads\/2023\/05\/Screenshot_20230519_214929_WhatsApp-1024x857.jpg\" alt=\"\" class=\"wp-image-2200\" srcset=\"https:\/\/xn--tuvozdiasporaespaola-k7b.com\/wp-content\/uploads\/2023\/05\/Screenshot_20230519_214929_WhatsApp-1024x857.jpg 1024w, https:\/\/xn--tuvozdiasporaespaola-k7b.com\/wp-content\/uploads\/2023\/05\/Screenshot_20230519_214929_WhatsApp-300x251.jpg 300w, https:\/\/xn--tuvozdiasporaespaola-k7b.com\/wp-content\/uploads\/2023\/05\/Screenshot_20230519_214929_WhatsApp-768x643.jpg 768w, https:\/\/xn--tuvozdiasporaespaola-k7b.com\/wp-content\/uploads\/2023\/05\/Screenshot_20230519_214929_WhatsApp.jpg 1080w\" sizes=\"(max-width: 1024px) 100vw, 1024px\" \/><\/figure>\n<\/figure>\n\n\n\n<p>Redacci\u00f3n Revista TU VOZ <\/p>\n","protected":false},"excerpt":{"rendered":"<p>Ante la celebraci\u00f3n del 50 Aniversario del Frente Polisario en Buenos Aires este s\u00e1bado 20 de mayo, la delegaci\u00f3n de Podemos en Latinoam\u00e9rica manifiesta &#8230; <\/p>\n<p class=\"read-more-container\"><a title=\"Podemos Argentina en la  Red  Am\u00e9rica de Podemos Exterior, muestran su apoyo incondicional al Pueblo Saharaui con ocasi\u00f3n del 50 aniversario del Polisario\" class=\"read-more button\" href=\"https:\/\/xn--tuvozdiasporaespaola-k7b.com\/page\/2\/podemos-argentina-en-la-red-america-de-podemos-exterior-muestran-su-apoyo-incondicional-al-pueblo-saharaui-con-ocasion-del-50-aniversario-del-polisario\/#more-2199\" aria-label=\"M\u00e1s en Podemos Argentina en la  Red  Am\u00e9rica de Podemos Exterior, muestran su apoyo incondicional al Pueblo Saharaui con ocasi\u00f3n del 50 aniversario del Polisario\">Leer m\u00e1s<\/a><\/p>\n","protected":false},"author":222560522,"featured_media":2201,"comment_status":"open","ping_status":"open","sticky":false,"template":"","format":"standard","meta":{"footnotes":""},"categories":[121850,1771],"tags":[],"class_list":["post-2199","post","type-post","status-publish","format-standard","has-post-thumbnail","hentry","category-politica","category-sociales","resize-featured-image"],"_links":{"self":[{"href":"https:\/\/xn--tuvozdiasporaespaola-k7b.com\/page\/2\/wp-json\/wp\/v2\/posts\/2199","targetHints":{"allow":["GET"]}}],"collection":[{"href":"https:\/\/xn--tuvozdiasporaespaola-k7b.com\/page\/2\/wp-json\/wp\/v2\/posts"}],"about":[{"href":"https:\/\/xn--tuvozdiasporaespaola-k7b.com\/page\/2\/wp-json\/wp\/v2\/types\/post"}],"author":[{"embeddable":true,"href":"https:\/\/xn--tuvozdiasporaespaola-k7b.com\/page\/2\/wp-json\/wp\/v2\/users\/222560522"}],"replies":[{"embeddable":true,"href":"https:\/\/xn--tuvozdiasporaespaola-k7b.com\/page\/2\/wp-json\/wp\/v2\/comments?post=2199"}],"version-history":[{"count":0,"href":"https:\/\/xn--tuvozdiasporaespaola-k7b.com\/page\/2\/wp-json\/wp\/v2\/posts\/2199\/revisions"}],"wp:featuredmedia":[{"embeddable":true,"href":"https:\/\/xn--tuvozdiasporaespaola-k7b.com\/page\/2\/wp-json\/wp\/v2\/media\/2201"}],"wp:attachment":[{"href":"https:\/\/xn--tuvozdiasporaespaola-k7b.com\/page\/2\/wp-json\/wp\/v2\/media?parent=2199"}],"wp:term":[{"taxonomy":"category","embeddable":true,"href":"https:\/\/xn--tuvozdiasporaespaola-k7b.com\/page\/2\/wp-json\/wp\/v2\/categories?post=2199"},{"taxonomy":"post_tag","embeddable":true,"href":"https:\/\/xn--tuvozdiasporaespaola-k7b.com\/page\/2\/wp-json\/wp\/v2\/tags?post=2199"}],"curies":[{"name":"wp","href":"https:\/\/api.w.org\/{rel}","templated":true}]}}