{"id":2195,"date":"2023-05-19T16:01:35","date_gmt":"2023-05-19T19:01:35","guid":{"rendered":"https:\/\/xn--tuvozdiasporaespaola-k7b.com\/?p=2195"},"modified":"2023-05-19T16:01:36","modified_gmt":"2023-05-19T19:01:36","slug":"podemos-exterior-garantizara-el-voto-emigrante-en-38-capitales-y-ciudades-de-america-y-europa-tras-recuperarse-los-derechos-electorales-y-como-ensayo-al-proceso-de-generales","status":"publish","type":"post","link":"https:\/\/xn--tuvozdiasporaespaola-k7b.com\/page\/2\/podemos-exterior-garantizara-el-voto-emigrante-en-38-capitales-y-ciudades-de-america-y-europa-tras-recuperarse-los-derechos-electorales-y-como-ensayo-al-proceso-de-generales\/","title":{"rendered":"Podemos Exterior garantizar\u00e1 el Voto emigrante en 38 capitales y ciudades de Am\u00e9rica y Europa tras recuperarse los derechos electorales y como ensayo al proceso de Generales"},"content":{"rendered":"\n<p>La formaci\u00f3n pol\u00edtica espa\u00f1ola Podemos, a trav\u00e9s de sus Redes de C\u00edrculos en el Exterior y la colaboraci\u00f3n estrecha de IU-Exterior, inicia ma\u00f1ana s\u00e1bado 20 de mayo, un proceso de supervisi\u00f3n y acompa\u00f1amiento electoral con motivo de las votaciones del 28M en los Consulados de 38 capitales y ciudades de mayor concentraci\u00f3n de la emigraci\u00f3n nacional.<\/p>\n\n\n\n<p>De esta forma, se estar\u00e1 presente con m\u00e1s de setenta representantes de la Coalici\u00f3n Unidas Podemos nombrados ante las autoridades consulares de 22 pa\u00edses que representan m\u00e1s del 90% de la poblaci\u00f3n espa\u00f1ola residente en el extranjero. <\/p>\n\n\n\n<p>La Red de Podemos Exterior se consolida de esta forma como la de mayor presencia de las formaciones de la izquierda espa\u00f1ola, garantizando durante los d\u00edas del proceso electoral (del s\u00e1bado 20 al jueves 24 a las 13h, hora del cierre y elaboraci\u00f3n de las Actas de cada Mesa) el derecho igualitario al voto de todos los espa\u00f1oles independientemente del lugar en donde vivan, truncado durante m\u00e1s de 11 a\u00f1os en numerosos procesos nacionales, auton\u00f3micos, locales y europeos por la obligaci\u00f3n y dificultades del Voto Rogado.<\/p>\n\n\n\n<p>Podemos Exterior ha llevado a cabo durante la pre-Campa\u00f1a y durante la misma esta semana toda una serie de Debates y videos en los que ha dado a conocer sus propuestas de cara a la emigraci\u00f3n as\u00ed como a los y las candidatas de la Coalici\u00f3n \u2018Unidas Podemos\u2019 en 10 Autonom\u00edas y de Podemos en Asturies y Arag\u00f3n.<\/p>\n\n\n\n<figure class=\"wp-block-gallery has-nested-images columns-default is-cropped wp-block-gallery-1 is-layout-flex wp-block-gallery-is-layout-flex\">\n<figure class=\"wp-block-image size-large\"><img fetchpriority=\"high\" decoding=\"async\" width=\"300\" height=\"206\" data-id=\"2197\" src=\"https:\/\/xn--tuvozdiasporaespaola-k7b.com\/wp-content\/uploads\/2023\/05\/2021111814414196924.jpg\" alt=\"\" class=\"wp-image-2197\"\/><\/figure>\n<\/figure>\n\n\n\n<p>El proceso de recuperaci\u00f3n de la emigraci\u00f3n como sujeto activo y a tener muy en cuenta en la pol\u00edtica representativa e institucional espa\u00f1ola, no acaba en la fecha del 28M, sino que tendr\u00e1 su m\u00e1xima expresi\u00f3n en las Elecciones Generales previstas para noviembre de este a\u00f1o en las cuales se pondr\u00e1n en marcha propuestas y mecanismos de presencia que garanticen la voz de la emigraci\u00f3n en la Campa\u00f1a electoral, tanto dentro como fuera del territorio nacional.<\/p>\n\n\n\n<p>Comunicaci\u00f3n de Redes de C\u00edrculos Podemos Exterior <\/p>\n","protected":false},"excerpt":{"rendered":"<p>La formaci\u00f3n pol\u00edtica espa\u00f1ola Podemos, a trav\u00e9s de sus Redes de C\u00edrculos en el Exterior y la colaboraci\u00f3n estrecha de IU-Exterior, inicia ma\u00f1ana s\u00e1bado &#8230; <\/p>\n<p class=\"read-more-container\"><a title=\"Podemos Exterior garantizar\u00e1 el Voto emigrante en 38 capitales y ciudades de Am\u00e9rica y Europa tras recuperarse los derechos electorales y como ensayo al proceso de Generales\" class=\"read-more button\" href=\"https:\/\/xn--tuvozdiasporaespaola-k7b.com\/page\/2\/podemos-exterior-garantizara-el-voto-emigrante-en-38-capitales-y-ciudades-de-america-y-europa-tras-recuperarse-los-derechos-electorales-y-como-ensayo-al-proceso-de-generales\/#more-2195\" aria-label=\"M\u00e1s en Podemos Exterior garantizar\u00e1 el Voto emigrante en 38 capitales y ciudades de Am\u00e9rica y Europa tras recuperarse los derechos electorales y como ensayo al proceso de Generales\">Leer m\u00e1s<\/a><\/p>\n","protected":false},"author":222560522,"featured_media":2196,"comment_status":"open","ping_status":"open","sticky":false,"template":"","format":"standard","meta":{"footnotes":""},"categories":[121853,1771],"tags":[],"class_list":["post-2195","post","type-post","status-publish","format-standard","has-post-thumbnail","hentry","category-elecciones","category-sociales","resize-featured-image"],"_links":{"self":[{"href":"https:\/\/xn--tuvozdiasporaespaola-k7b.com\/page\/2\/wp-json\/wp\/v2\/posts\/2195","targetHints":{"allow":["GET"]}}],"collection":[{"href":"https:\/\/xn--tuvozdiasporaespaola-k7b.com\/page\/2\/wp-json\/wp\/v2\/posts"}],"about":[{"href":"https:\/\/xn--tuvozdiasporaespaola-k7b.com\/page\/2\/wp-json\/wp\/v2\/types\/post"}],"author":[{"embeddable":true,"href":"https:\/\/xn--tuvozdiasporaespaola-k7b.com\/page\/2\/wp-json\/wp\/v2\/users\/222560522"}],"replies":[{"embeddable":true,"href":"https:\/\/xn--tuvozdiasporaespaola-k7b.com\/page\/2\/wp-json\/wp\/v2\/comments?post=2195"}],"version-history":[{"count":0,"href":"https:\/\/xn--tuvozdiasporaespaola-k7b.com\/page\/2\/wp-json\/wp\/v2\/posts\/2195\/revisions"}],"wp:featuredmedia":[{"embeddable":true,"href":"https:\/\/xn--tuvozdiasporaespaola-k7b.com\/page\/2\/wp-json\/wp\/v2\/media\/2196"}],"wp:attachment":[{"href":"https:\/\/xn--tuvozdiasporaespaola-k7b.com\/page\/2\/wp-json\/wp\/v2\/media?parent=2195"}],"wp:term":[{"taxonomy":"category","embeddable":true,"href":"https:\/\/xn--tuvozdiasporaespaola-k7b.com\/page\/2\/wp-json\/wp\/v2\/categories?post=2195"},{"taxonomy":"post_tag","embeddable":true,"href":"https:\/\/xn--tuvozdiasporaespaola-k7b.com\/page\/2\/wp-json\/wp\/v2\/tags?post=2195"}],"curies":[{"name":"wp","href":"https:\/\/api.w.org\/{rel}","templated":true}]}}