{"id":2190,"date":"2023-05-18T21:28:21","date_gmt":"2023-05-19T00:28:21","guid":{"rendered":"https:\/\/xn--tuvozdiasporaespaola-k7b.com\/?p=2190"},"modified":"2023-08-03T14:11:31","modified_gmt":"2023-08-03T17:11:31","slug":"la-cultura-es-un-posibilitador-de-desarrollo-personal","status":"publish","type":"post","link":"https:\/\/xn--tuvozdiasporaespaola-k7b.com\/page\/2\/la-cultura-es-un-posibilitador-de-desarrollo-personal\/","title":{"rendered":"\u201cLa cultura es un posibilitador de desarrollo personal\u201d"},"content":{"rendered":"\n<p>Patricia Fesser se define como una \u201caventurera nata, una persona que acepta los retos\u201d. Militante del arte y del progresismo, la actual candidata a Concejala por Podemos en Bustarviejo asegur\u00f3 a \u201cCenizas de Babilonia. Di\u00e1spora Espa\u00f1ola\u201d que&nbsp; la cultura es un posibilitador de desarrollo personal, pero sobre todo de tejido social.<\/p>\n\n\n\n<p>Yo vengo del arte, estudi\u00e9 Profesorado de Artes en Madrid, luego con una beca Erasmus me fui a Berl\u00edn y all\u00ed, haciendo arte, pude tener la experiencia de trabajar en colectivos art\u00edsticos. \u00cdbamos por la ciudad imaginando y realizando intervenciones art\u00edsticas, trabaj\u00e1bamos a nivel de calle, camin\u00e1bamos el barrio, habl\u00e1bamos con los vecinos y las vecinas, trabaj\u00e1bamos sus ideas; en fin,  experiencias incre\u00edbles que sentaron la base del activismo. Pero dentro del contexto y el marco de incre\u00edble belleza y tremenda profundidad que es el arte\u201d.<\/p>\n\n\n\n<figure class=\"wp-block-gallery has-nested-images columns-default is-cropped wp-block-gallery-1 is-layout-flex wp-block-gallery-is-layout-flex\">\n<figure class=\"wp-block-image size-large\"><img fetchpriority=\"high\" decoding=\"async\" width=\"1024\" height=\"728\" data-id=\"2191\" src=\"https:\/\/xn--tuvozdiasporaespaola-k7b.com\/wp-content\/uploads\/2023\/05\/Screenshot_20230518_211531_Telegram-1024x728.jpg\" alt=\"\" class=\"wp-image-2191\" srcset=\"https:\/\/xn--tuvozdiasporaespaola-k7b.com\/wp-content\/uploads\/2023\/05\/Screenshot_20230518_211531_Telegram-1024x728.jpg 1024w, https:\/\/xn--tuvozdiasporaespaola-k7b.com\/wp-content\/uploads\/2023\/05\/Screenshot_20230518_211531_Telegram-300x213.jpg 300w, https:\/\/xn--tuvozdiasporaespaola-k7b.com\/wp-content\/uploads\/2023\/05\/Screenshot_20230518_211531_Telegram-768x546.jpg 768w, https:\/\/xn--tuvozdiasporaespaola-k7b.com\/wp-content\/uploads\/2023\/05\/Screenshot_20230518_211531_Telegram.jpg 1080w\" sizes=\"(max-width: 1024px) 100vw, 1024px\" \/><\/figure>\n<\/figure>\n\n\n\n<p><strong>Representante de Podemos Exterior en el Consejo Ciudadano Estatal, Patricia Fesser fue parte de la iniciativa para incentivar a que hubiera muchas candidaturas a las elecciones de los consejos de residentes. T\u00fa te presentas para Concejala en tu pueblo, Bustarviejo. \u00bfQu\u00e9 te ha llevado a la pol\u00edtica y a participar como Concejala?<\/strong><\/p>\n\n\n\n<p>A partir de la experiencia como activista en arte fui a parar a Berl\u00edn y all\u00ed encontr\u00e9 al c\u00edrculo de Podemos y encontr\u00e9 a la gente de exterior, conoc\u00ed a los compa\u00f1eros y cuando hubo que celebrar la tercera asamblea de exterior me propusieron presentarme de candidata. Y a m\u00ed me hizo mucha gracia porque yo estaba lejos de la pol\u00edtica. Pero di el paso adelante. Ha sido much\u00edsimo trabajo, tres a\u00f1os casi de mucho trabajo para estar en el momento en el que estamos, con una militancia muy activa, con muchos proyectos que salen adelante, con un Podemos Exterior y una di\u00e1spora espa\u00f1ola organizada y trabajando con muchas ganas e ilusi\u00f3n. Y yo decid\u00ed retornar hace menos de un a\u00f1o y he vuelto a Espa\u00f1a y he ido a parar a este pueblito en las monta\u00f1as, un pueblo de dos mil habitantes; estamos a mil doscientos metros, es un pueblo muy especial porque ha tenido gobiernos progresistas, de la izquierda, y se nota. Es un pueblo que tiene mucha gente del \u00e1mbito del arte, mucha gente progresista haciendo cosas en Cultura, mucho tejido social. Y Podemos Comunidad de Madrid supo que yo estaba aqu\u00ed, hablamos y me propusieron dar un paso adelante,  yo comenc\u00e9 a conocer a la gente, a ver qui\u00e9n hab\u00eda. Y aqu\u00ed estamos; voy segunda por la lista de Izquierda Unida Podemos Alianza Verde, con Eva Pinardo de Izquierda Unida a la cabeza. Y dentro de una semana ya armaremos el grupo municipal porque es seguro que voy a entrar. De Podemos Exterior a un pueblo maravilloso a hacer pol\u00edticas en el \u00e1mbito de lo municipal que es un territorio muy interesante, muy diferente de Podemos Exterior pero sin duda va a ser una experiencia muy valiosa. <\/p>\n\n\n\n<p>\u00bf<strong>Qu\u00e9 les puedes decir a los habitantes de Bustarviejo? \u00bfQu\u00e9 propuestas lleva tu candidatura?<\/strong><\/p>\n\n\n\n<p>Yo creo que la cultura es un posibilitador de desarrollo personal, pero sobre todo de tejido social. Creo que estamos en las puertas de unos cambios muy profundos que nos sobrepasan en muchos casos; tanto el tema clim\u00e1tico como el tema pol\u00edtico; esta polarizaci\u00f3n de la sociedad, este fascismo que avanza internacionalmente. Y creo que es momento de tejer sociedad, de fortalecer ese tejido, esas relaciones, esos v\u00ednculos, esa salud mental y esa salud espiritual que el arte siempre nos posibilita, ese es mi foco. Obviamente somos Podemos, somos Izquierda Unida, somos Unidas-Podemos, somos quienes hacemos pol\u00edtica con valent\u00eda y vamos a hacer todo lo que est\u00e9 en nuestras manos para revertir esos a\u00f1os de gobiernos del PP junto con el PSOE, en los que lo primero que hicieron fue cerrar la escuela de m\u00fasica. Esto es algo que nos preocupa much\u00edsimo, tambi\u00e9n el tema clim\u00e1tico, el tema de los derecho sociales, de vivienda social, tratar de impulsar que el terreno municipal sea factible para destinar a viviendas sociales. <\/p>\n\n\n\n<p><strong>Podemos ha aprobado la ley de Viviendas, pero Ayuso ha dicho que no lo va a cumplir. \u00bfC\u00f3mo puede repercutir esto? \u00bfHay problemas de vivienda para la gente joven y c\u00f3mo est\u00e1 el tema de los alquileres en Bustarviejo? \u00bfHay ayudas para el retorno?<\/strong><\/p>\n\n\n\n<p>No, no he encontrado ayudas, como artistas tambi\u00e9n sabemos que no tenemos apoyos, y entonces nos organizamos para no necesitar esas ayudas. Me he encontrado con un pueblo en el que en el \u00faltimo tiempo ha habido un incremento brutal de los precios de alquiler, no hay viviendas en alquiler, hay gente que ha vivido aqu\u00ed mucho tiempo y que se est\u00e1 teniendo que ir porque no encuentra, que le rescinden el contrato, porque est\u00e1n vendiendo las casas, a\u00fan hoy  todav\u00eda tenemos fondos buitres, hay   un edificio que han dejado a medio construir, que han dejado abandonado y  es de un banco. Efectivamente es un problema la vivienda. Pondremos en marcha la ley de vivienda que se est\u00e1 aprobando en estos d\u00edas. Y es uno de los objetivos el facilitar el acceso al mercado e impulsar todo con nuestra fuerza para revertir esa situaci\u00f3n.<\/p>\n\n\n\n<figure class=\"wp-block-gallery has-nested-images columns-default is-cropped wp-block-gallery-2 is-layout-flex wp-block-gallery-is-layout-flex\">\n<figure class=\"wp-block-image size-large\"><img decoding=\"async\" width=\"778\" height=\"1024\" data-id=\"2192\" src=\"https:\/\/xn--tuvozdiasporaespaola-k7b.com\/wp-content\/uploads\/2023\/05\/Screenshot_20230517_115920_Telegram-778x1024.jpg\" alt=\"\" class=\"wp-image-2192\" srcset=\"https:\/\/xn--tuvozdiasporaespaola-k7b.com\/wp-content\/uploads\/2023\/05\/Screenshot_20230517_115920_Telegram-778x1024.jpg 778w, https:\/\/xn--tuvozdiasporaespaola-k7b.com\/wp-content\/uploads\/2023\/05\/Screenshot_20230517_115920_Telegram-228x300.jpg 228w, https:\/\/xn--tuvozdiasporaespaola-k7b.com\/wp-content\/uploads\/2023\/05\/Screenshot_20230517_115920_Telegram-768x1011.jpg 768w, https:\/\/xn--tuvozdiasporaespaola-k7b.com\/wp-content\/uploads\/2023\/05\/Screenshot_20230517_115920_Telegram.jpg 1080w\" sizes=\"(max-width: 778px) 100vw, 778px\" \/><figcaption class=\"wp-element-caption\">Patricia Fesser <\/figcaption><\/figure>\n<\/figure>\n\n\n\n<p>\u00bf<\/p>\n\n\n\n<p><strong>\u00bfC\u00f3mo se puede implementar la Ley de S\u00f3lo Si es Si en los pueblos, qu\u00e9 protocolos existen para la violencia de g\u00e9nero que tienen los propios municipios?<\/strong><\/p>\n\n\n\n<p>Vamos a tener en el foco a la problem\u00e1tica que pueda surgir de mujeres que necesiten ayuda, asistencia, lugar a donde ir. Obviamente esto est\u00e1 en el programa. Tambi\u00e9n llevamos en el programa la sensibilizaci\u00f3n respecto a los colectivos LGTBIQ+ en el sentido de darles visibilidad, de lograr que Bustarviejo sea un entorno seguro para estos colectivos, recuperar fiestas que hemos perdido, impulsar d\u00edas que den visibilidad a estos colectivos. Tambi\u00e9n terminar de realizar el plan de paridad en el Ayuntamiento, que todav\u00eda no est\u00e1 implementado.  Yo soy una reci\u00e9n llegada. Estoy viviendo en este pueblo desde agosto, de modo que es un poco delicado que yo, teniendo tan poco tiempo aqu\u00ed, me meta a dar un paso de este calibre; pero cuando reflexionaba dec\u00eda: es que yo vengo de representar una di\u00e1spora, que somos los que estamos fuera. Me encuentro en un pueblo, y lo que les est\u00e1 pasando a muchos pueblos de alrededor de Madrid es que se est\u00e1n convirtiendo de alguna manera en pueblos dormitorios; es decir que de alguna manera tienen tambi\u00e9n una di\u00e1spora, es la gente que est\u00e1 siendo expulsada por las burbujas inmobiliarias de las ciudades. Entonces aqu\u00ed me encuentro otra vez con una colisi\u00f3n de culturas, donde hay gente que viene de la ciudad con una cultura determinada, una cultura globalizada, muy moderna, muy urbanita, etc, que se encuentra con una poblaci\u00f3n local y se produce esa colisi\u00f3n de culturas. Hay una atracci\u00f3n, pero tambi\u00e9n un rechazo. Esto en cuanto al concepto de di\u00e1spora. Y en cuanto al concepto de las personas que estamos fuera, yo he estado nueve a\u00f1os fuera, he vuelto ahora por mi madre, que es mayor, por estar aqu\u00ed en su \u00faltimo tiempo. He escuchado de compa\u00f1eros que han estado fuera, que vuelven y que dan el paso al frente. De alguna manera somos sangre fresca. Que venimos con ganas, con esa fuerza que nos da el volver a nuestro territorio, a nuestra cultura. Y tenemos mucho que aportar. Toda esa cultura que hemos recogido fuera, que hemos tenido la oportunidad de conocer otras formas de funcionar, otros valores, otras formas de relacionarnos. Hay mucho que aportar, hay mucha fortaleza.<\/p>\n\n\n\n<p>Por Walter Medina Redacci\u00f3n de la revista TU VOZ <\/p>\n","protected":false},"excerpt":{"rendered":"<p>Patricia Fesser se define como una \u201caventurera nata, una persona que acepta los retos\u201d. Militante del arte y del progresismo, la actual candidata a &#8230; <\/p>\n<p class=\"read-more-container\"><a title=\"\u201cLa cultura es un posibilitador de desarrollo personal\u201d\" class=\"read-more button\" href=\"https:\/\/xn--tuvozdiasporaespaola-k7b.com\/page\/2\/la-cultura-es-un-posibilitador-de-desarrollo-personal\/#more-2190\" aria-label=\"M\u00e1s en \u201cLa cultura es un posibilitador de desarrollo personal\u201d\">Leer m\u00e1s<\/a><\/p>\n","protected":false},"author":222560522,"featured_media":2192,"comment_status":"open","ping_status":"open","sticky":false,"template":"","format":"standard","meta":{"footnotes":""},"categories":[1771],"tags":[],"class_list":["post-2190","post","type-post","status-publish","format-standard","has-post-thumbnail","hentry","category-sociales","resize-featured-image"],"_links":{"self":[{"href":"https:\/\/xn--tuvozdiasporaespaola-k7b.com\/page\/2\/wp-json\/wp\/v2\/posts\/2190","targetHints":{"allow":["GET"]}}],"collection":[{"href":"https:\/\/xn--tuvozdiasporaespaola-k7b.com\/page\/2\/wp-json\/wp\/v2\/posts"}],"about":[{"href":"https:\/\/xn--tuvozdiasporaespaola-k7b.com\/page\/2\/wp-json\/wp\/v2\/types\/post"}],"author":[{"embeddable":true,"href":"https:\/\/xn--tuvozdiasporaespaola-k7b.com\/page\/2\/wp-json\/wp\/v2\/users\/222560522"}],"replies":[{"embeddable":true,"href":"https:\/\/xn--tuvozdiasporaespaola-k7b.com\/page\/2\/wp-json\/wp\/v2\/comments?post=2190"}],"version-history":[{"count":1,"href":"https:\/\/xn--tuvozdiasporaespaola-k7b.com\/page\/2\/wp-json\/wp\/v2\/posts\/2190\/revisions"}],"predecessor-version":[{"id":3496,"href":"https:\/\/xn--tuvozdiasporaespaola-k7b.com\/page\/2\/wp-json\/wp\/v2\/posts\/2190\/revisions\/3496"}],"wp:featuredmedia":[{"embeddable":true,"href":"https:\/\/xn--tuvozdiasporaespaola-k7b.com\/page\/2\/wp-json\/wp\/v2\/media\/2192"}],"wp:attachment":[{"href":"https:\/\/xn--tuvozdiasporaespaola-k7b.com\/page\/2\/wp-json\/wp\/v2\/media?parent=2190"}],"wp:term":[{"taxonomy":"category","embeddable":true,"href":"https:\/\/xn--tuvozdiasporaespaola-k7b.com\/page\/2\/wp-json\/wp\/v2\/categories?post=2190"},{"taxonomy":"post_tag","embeddable":true,"href":"https:\/\/xn--tuvozdiasporaespaola-k7b.com\/page\/2\/wp-json\/wp\/v2\/tags?post=2190"}],"curies":[{"name":"wp","href":"https:\/\/api.w.org\/{rel}","templated":true}]}}