{"id":2183,"date":"2023-05-18T20:45:39","date_gmt":"2023-05-18T23:45:39","guid":{"rendered":"https:\/\/xn--tuvozdiasporaespaola-k7b.com\/?p=2183"},"modified":"2023-08-03T00:23:04","modified_gmt":"2023-08-03T03:23:04","slug":"vamos-a-tirar-para-el-lado-de-las-mayorias-sociales","status":"publish","type":"post","link":"https:\/\/xn--tuvozdiasporaespaola-k7b.com\/page\/2\/vamos-a-tirar-para-el-lado-de-las-mayorias-sociales\/","title":{"rendered":"\u201cVAMOS A TIRAR PARA EL LADO DE LAS MAYOR\u00cdAS SOCIALES\u201d"},"content":{"rendered":"\n<p>Diputado en el Congreso de Espa\u00f1a por Unidas Podemos y Secretario de Horizonte Republicano, Rafael Mayoral particip\u00f3 del programa radial \u201cCenizas de Babilonia. Di\u00e1spora Espa\u00f1ola\u201d que emite AM 830 Radio del Pueblo. Desde la secci\u00f3n \u201cLa Entrevista\u201d Mayoral se refiri\u00f3, entre otros temas, a la importancia de la participaci\u00f3n ciudadana en las pr\u00f3ximas elecciones. \u201cEl 28 hay que votar para cambiar las cosas. Es el \u00fanico d\u00eda en el que vales lo mismo que Ana Patricia Bot\u00edn, y eso hay que aprovecharlo, porque eso pasa una vez cada cierto tiempo. Ese d\u00eda el voto de cualquier persona trabajadora vale tanto como el del due\u00f1o de Mercadona\u201d.<\/p>\n\n\n\n<figure class=\"wp-block-gallery has-nested-images columns-default is-cropped wp-block-gallery-1 is-layout-flex wp-block-gallery-is-layout-flex\">\n<figure class=\"wp-block-image size-large\"><img fetchpriority=\"high\" decoding=\"async\" width=\"1024\" height=\"683\" data-id=\"2188\" src=\"https:\/\/xn--tuvozdiasporaespaola-k7b.com\/wp-content\/uploads\/2023\/05\/Rafa-Mayoral-secretario-de-Relacion-con-la-Sociedad-Civil-y-Movimientos-Sociales-de-Podemos-1024x683.jpg\" alt=\"\" class=\"wp-image-2188\" srcset=\"https:\/\/xn--tuvozdiasporaespaola-k7b.com\/wp-content\/uploads\/2023\/05\/Rafa-Mayoral-secretario-de-Relacion-con-la-Sociedad-Civil-y-Movimientos-Sociales-de-Podemos-1024x683.jpg 1024w, https:\/\/xn--tuvozdiasporaespaola-k7b.com\/wp-content\/uploads\/2023\/05\/Rafa-Mayoral-secretario-de-Relacion-con-la-Sociedad-Civil-y-Movimientos-Sociales-de-Podemos-300x200.jpg 300w, https:\/\/xn--tuvozdiasporaespaola-k7b.com\/wp-content\/uploads\/2023\/05\/Rafa-Mayoral-secretario-de-Relacion-con-la-Sociedad-Civil-y-Movimientos-Sociales-de-Podemos-768x512.jpg 768w, https:\/\/xn--tuvozdiasporaespaola-k7b.com\/wp-content\/uploads\/2023\/05\/Rafa-Mayoral-secretario-de-Relacion-con-la-Sociedad-Civil-y-Movimientos-Sociales-de-Podemos.jpg 1200w\" sizes=\"(max-width: 1024px) 100vw, 1024px\" \/><\/figure>\n<\/figure>\n\n\n\n<p><strong>Llevamos tres a\u00f1os en el gobierno de coalici\u00f3n. Se han conseguido muchas cosas, otras no. Hemos sufrido el bombardeo medi\u00e1tico, la difamaci\u00f3n, as\u00ed como tambi\u00e9n procesos judiciales imparciales, informes policiales falsos. Sin embargo Podemos  se haya presente en el gobierno y en estas elecciones auton\u00f3micas est\u00e1 entre coaliciones de izquierda en las diferentes elecciones que se dan en las regiones. Adem\u00e1s las estad\u00edsticas tambi\u00e9n dan un aumento de la participaci\u00f3n favorable a Podemos, incluso por delante de VOX como tercera fuerza pol\u00edtica. Frente a este paisaje, \u00bfqu\u00e9 balance se puede hacer al respecto de las expectativas y los resultados del proyecto de Podemos y por qu\u00e9 es necesario seguir votando a Podemos?<\/strong><\/p>\n\n\n\n<p>Yo creo que hechos son amores y no buenas razones; esa es una de las claves. Nos dijeron que el gobierno estaba vetado para un espacio pol\u00edtico como el nuestro, que para poder entrar en el gobierno hab\u00eda que convertirse en mon\u00e1rquicos y neoliberales, y no nos hemos hecho ni mon\u00e1rquicos ni neoliberales; seguimos siendo republicanos y seguimos planteando una salida democr\u00e1tica al modelo neoliberal y la necesidad de democratizar el Estado. Hemos demostrado que eso se puede hacer, lo hemos demostrado con la subida del salario, hemos demostrado que se puede fortalecer la capacidad de negociaci\u00f3n colectiva de los trabajadores,  se ha demostrado con la primera reforma laboral que recupera derechos en toda la democracia; hemos impulsado leyes que impulsan derechos feministas, hemos planteado una nueva forma de enfrentar la crisis, que no solamente es la m\u00e1s justa sino tambi\u00e9n la m\u00e1s eficiente, que es protegiendo a la poblaci\u00f3n como el elemento central  que tienen que priorizar las instituciones p\u00fablicas. Hemos revertido la l\u00f3gica de los recortes, se ha aumentado la inversi\u00f3n p\u00fablica como elemento de dinamizaci\u00f3n de la sociedad. Creo que hemos avanzado en muchas cosas y hemos demostrado que se pueden hacer cosas. Y creo que esas cosas que se han conseguido demuestran que las cosas que faltan se pueden conseguir. Y creo que esa es la clave. Lo que hace falta es que esto lo conjuguemos en primera persona del plural, que entendamos que la principal misi\u00f3n que tenemos las fuerzas pol\u00edticas es abrir v\u00eda para que la gente pueda participar del proceso pol\u00edtico y se convierta en protagonista de su propia vida, porque al final las instituciones p\u00fablicas deciden la vida de la gente, ponen reglas. Las instituciones pueden ponerse del lado de las multinacionales o del lado de la poblaci\u00f3n. Nosotros vamos a tirar para el lado de las mayor\u00edas sociales, y para esto depende mucho de la fuerza con la que llegas. Nosotros tenemos treinta y tantos diputados, pero nos hace falta tambi\u00e9n empujar desde lo social, que la gente participe del proceso todos los d\u00edas, no solamente una vez cada cuatro a\u00f1os. Hay que decirles que la pol\u00edtica es cosa suya, porque la pol\u00edtica decide su vida. El 28 hay que votar para cambiar las cosas. Es el \u00fanico d\u00eda en el que vales lo mismo que Ana Patricia Bot\u00edn, y eso hay que aprovecharlo, porque eso pasa una vez cada cierto tiempo. Ese d\u00eda el voto de cualquier persona trabajadora vale tanto como el del due\u00f1o de Mercadona. Y yo creo que eso es un valor muy importante porque no es un regalo, es una conquista de nuestro pueblo. Fue nuestro pueblo el que conquist\u00f3 la posibilidad de que pudi\u00e9ramos participar. Y hay algunos que dicen que un gobierno no puede gobernarse, que nos tienen que gobernar los listos que est\u00e1n en los consejos de administraci\u00f3n de las grandes empresas. Nosotros creemos que nuestro pueblo puede gobernarse y sabe gobernarse, y va a gobernarse. Y adem\u00e1s tenemos claro cu\u00e1l es el camino. Nosotros sabemos que esta es la salida democr\u00e1tica al modelo neoliberal para poner en el centro de la dignidad a la gente y que eso tiene un final pr\u00f3ximo, que es la posibilidad de que nuestro pa\u00eds definitivamente llegue a la Rep\u00fablica, una Rep\u00fablica solidaria y plurinacional que nos permita mirar al futuro con esperanza. Y en estas elecciones lo que hay que hacer es meter muchos votos que sigan diciendo que el proceso de cambio en nuestro pa\u00eds sigue en marcha y que adem\u00e1s en el pr\u00f3ximo periodo las administraciones que se van a decidir se van a poner del lado de la mayor\u00eda social. Y eso significa participar de la construcci\u00f3n de un pueblo sin miedo. <\/p>\n\n\n\n<figure class=\"wp-block-gallery has-nested-images columns-default is-cropped wp-block-gallery-2 is-layout-flex wp-block-gallery-is-layout-flex\">\n<figure class=\"wp-block-image size-large\"><img decoding=\"async\" width=\"1024\" height=\"893\" data-id=\"2186\" src=\"https:\/\/xn--tuvozdiasporaespaola-k7b.com\/wp-content\/uploads\/2023\/05\/Screenshot_20230518_203258_Gallery-1024x893.jpg\" alt=\"\" class=\"wp-image-2186\" srcset=\"https:\/\/xn--tuvozdiasporaespaola-k7b.com\/wp-content\/uploads\/2023\/05\/Screenshot_20230518_203258_Gallery-1024x893.jpg 1024w, https:\/\/xn--tuvozdiasporaespaola-k7b.com\/wp-content\/uploads\/2023\/05\/Screenshot_20230518_203258_Gallery-300x262.jpg 300w, https:\/\/xn--tuvozdiasporaespaola-k7b.com\/wp-content\/uploads\/2023\/05\/Screenshot_20230518_203258_Gallery-768x670.jpg 768w, https:\/\/xn--tuvozdiasporaespaola-k7b.com\/wp-content\/uploads\/2023\/05\/Screenshot_20230518_203258_Gallery.jpg 1080w\" sizes=\"(max-width: 1024px) 100vw, 1024px\" \/><figcaption class=\"wp-element-caption\">Acto de Rafa Mayoral en Berl\u00edn, Alemania junto a la di\u00e1spora espa\u00f1ola <\/figcaption><\/figure>\n<\/figure>\n\n\n\n<p><strong>En algunas comunidades Podemos ya ha acumulado tres legislaturas de experiencia en el gobierno; y tenemos una legislatura a nivel nacional que vamos a completar este a\u00f1o. En estas experiencias han surgido divergencias, sobre todo dentro del gobierno, con el PSOE, alguna vez con otras alternativas pol\u00edticas de la izquierda. A partir de estas divergencias que han surgido a nivel auton\u00f3mico y nacional, \u00bfqu\u00e9 estrategia ha seguido Podemos y c\u00f3mo se puede evitar que la derecha medi\u00e1tica aproveche estas discrepancias entre las diferentes agrupaciones de izquierda, por un lado, y por el otro con el PSOE?<\/strong><\/p>\n\n\n\n<p>Nosotros venimos de tratar con un PSOE previo a que hubiera un gobierno de coalici\u00f3n que era neoliberal. El PSOE de los recortes, de las reformas laborales, etc. La novedad es que hay acuerdos. La novedad no es que haya desacuerdos con el PSOE, la novedad es que ha habido acuerdos y ellos se han dado cuenta de que devaluar los salarios es mala idea y que tenemos que subir el salario m\u00ednimo, que hay que recuperar el derecho de los trabajadores. Es decir, la novedad es que han asumido algunas propuestas que no estaban dispuestos a asumir. Hay otras en las que siguen en el mismo sitio, ese es el problema. En pol\u00edticas de Interior, por ejemplo, siguen en el mismo lugar. En la mirada que tienen con respecto a la guerra, siguen en el mismo lugar. La \u00faltima novedad ha sido la ocurrencia de abrazar el plan Bot\u00edn para fomentar el mercado hipotecario en Espa\u00f1a, poniendo al Estado a avalar hipotecas. Al final de la legislatura piensan que pueden vernos un poco m\u00e1s d\u00e9biles. Despu\u00e9s de que vieron que pueden dejar a la derecha gobernando por un d\u00eda, aprobando la reforma de la ley del S\u00f3lo S\u00ed es S\u00ed con el PP, pues piensan que eso se puede seguir haciendo. Intentan privatizar las torres de control de los aeropuertos, los trenes de Renfe de mercanc\u00eda\u2026.. Nosotros necesitamos redoblar el impulso de cambio. Ya hemos conseguido aumentar la protecci\u00f3n social, revalorizar los salarios y regular los mercados. Ahora tenemos que poner encima de la mesa la desprivatizaci\u00f3n de los servicios p\u00fablicos y recuperarlos para que garanticen los intereses de la gente.<\/p>\n\n\n\n<p>\u00bf<strong>Qu\u00e9 estrategias podr\u00edamos implementar para que la derecha medi\u00e1tica deje de aprovechar estas grietas o deje de producirlas?<\/strong><\/p>\n\n\n\n<p>Determinados debates vienen impuestos previamente por parte de los medios de comunicaci\u00f3n. El asunto es si asumes o no asumes sus marcos. Nosotros no asumimos sus marcos. Y ellos han llegado a la conclusi\u00f3n de que la \u00fanica opci\u00f3n que tienen es no sacarnos. Hemos visto lo que ha ocurrido en TVE, estamos viendo lo que ocurre con ATRESMEDIA y con MEDIASET. Creo que tenemos que hacer un trabajo de hormiga, seguir trabajando en el \u00e1mbito de las redes sociales y de la construcci\u00f3n social para revertir esos mensajes. Y hay que apostar por los medios alternativos. Hay que impulsar medios de comunicaci\u00f3n alternativos de todo tipo, que est\u00e9n en manos de sectores que no sean grandes corporaciones<\/p>\n\n\n\n<figure class=\"wp-block-gallery has-nested-images columns-default is-cropped wp-block-gallery-3 is-layout-flex wp-block-gallery-is-layout-flex\">\n<figure class=\"wp-block-image size-large\"><img decoding=\"async\" width=\"1024\" height=\"682\" data-id=\"2187\" src=\"https:\/\/xn--tuvozdiasporaespaola-k7b.com\/wp-content\/uploads\/2023\/05\/1082857-1-1024x682.jpg\" alt=\"\" class=\"wp-image-2187\" srcset=\"https:\/\/xn--tuvozdiasporaespaola-k7b.com\/wp-content\/uploads\/2023\/05\/1082857-1-1024x682.jpg 1024w, https:\/\/xn--tuvozdiasporaespaola-k7b.com\/wp-content\/uploads\/2023\/05\/1082857-1-300x200.jpg 300w, https:\/\/xn--tuvozdiasporaespaola-k7b.com\/wp-content\/uploads\/2023\/05\/1082857-1-768x512.jpg 768w, https:\/\/xn--tuvozdiasporaespaola-k7b.com\/wp-content\/uploads\/2023\/05\/1082857-1.jpg 1280w\" sizes=\"(max-width: 1024px) 100vw, 1024px\" \/><\/figure>\n<\/figure>\n\n\n\n<p><strong>Actualmente hay unos dos millones de emigrados y emigradas de Espa\u00f1a. Se trata de un colectivo bastante grade, con unas necesidades muy importantes. En este binomio de tensi\u00f3n entre el gobierno nacional y la presi\u00f3n de los medios, y ahora con la derogaci\u00f3n del voto rogado y la posibilidad de los emigrados de empoderarnos, \u00bfen qu\u00e9 medida se toma en cuenta a este colectivo desde el gobierno y para cu\u00e1ndo una circunscripci\u00f3n exterior que tome en cuenta las necesidades de los emigrados?<\/strong><\/p>\n\n\n\n<p>La comunidad espa\u00f1ola en el exterior sigue teniendo muchas necesidades y el Estado est\u00e1 preocupado por esta situaci\u00f3n. Dentro del Estado hay una filosof\u00eda de gastos frente a inversi\u00f3n. Hay algo que se puede hacer en estas elecciones. Y es ense\u00f1arles a la comunidad en el exterior la papeleta porque es una papeleta del Si Se Puede. El voto de la comunidad en el exterior es un Si Se Puede a todos aquellos que le robaron el voto. Y si la comunidad en el exterior ha conseguido su voto y vota a fuerzas pol\u00edticas que estamos planteando que hay que aumentar la inversi\u00f3n social y que las necesidades se tienen que poner en el centro de los objetivos del Estado, se pueden hacer las cosas. Pero para eso hay que movilizarse. Hemos recuperado una herramienta y hay que usarla con determinaci\u00f3n. Y cuando pasen las elecciones, a organizar la comunidad y a presionar al Estado para que cumpla con sus obligaciones con la comunidad en el exterior. Derogar el voto rogado no es un regalo, es una conquista. Esa comunidad activa que ha recuperado el derecho al voto tiene un camino. Y es que se le termine reconociendo a la comunidad en el exterior como sujeto pol\u00edtico, y tenga en el Congreso de los Diputados sus propios representantes que lleven al parlamento la voz de su gente en el exterior.<\/p>\n\n\n\n<p>Walter C. Medina Redacci\u00f3n Revista TU VOZ <\/p>\n","protected":false},"excerpt":{"rendered":"<p>Diputado en el Congreso de Espa\u00f1a por Unidas Podemos y Secretario de Horizonte Republicano, Rafael Mayoral particip\u00f3 del programa radial \u201cCenizas de Babilonia. Di\u00e1spora &#8230; <\/p>\n<p class=\"read-more-container\"><a title=\"\u201cVAMOS A TIRAR PARA EL LADO DE LAS MAYOR\u00cdAS SOCIALES\u201d\" class=\"read-more button\" href=\"https:\/\/xn--tuvozdiasporaespaola-k7b.com\/page\/2\/vamos-a-tirar-para-el-lado-de-las-mayorias-sociales\/#more-2183\" aria-label=\"M\u00e1s en \u201cVAMOS A TIRAR PARA EL LADO DE LAS MAYOR\u00cdAS SOCIALES\u201d\">Leer m\u00e1s<\/a><\/p>\n","protected":false},"author":222560522,"featured_media":2188,"comment_status":"open","ping_status":"open","sticky":false,"template":"","format":"standard","meta":{"footnotes":""},"categories":[121850,1771],"tags":[],"class_list":["post-2183","post","type-post","status-publish","format-standard","has-post-thumbnail","hentry","category-politica","category-sociales","resize-featured-image"],"_links":{"self":[{"href":"https:\/\/xn--tuvozdiasporaespaola-k7b.com\/page\/2\/wp-json\/wp\/v2\/posts\/2183","targetHints":{"allow":["GET"]}}],"collection":[{"href":"https:\/\/xn--tuvozdiasporaespaola-k7b.com\/page\/2\/wp-json\/wp\/v2\/posts"}],"about":[{"href":"https:\/\/xn--tuvozdiasporaespaola-k7b.com\/page\/2\/wp-json\/wp\/v2\/types\/post"}],"author":[{"embeddable":true,"href":"https:\/\/xn--tuvozdiasporaespaola-k7b.com\/page\/2\/wp-json\/wp\/v2\/users\/222560522"}],"replies":[{"embeddable":true,"href":"https:\/\/xn--tuvozdiasporaespaola-k7b.com\/page\/2\/wp-json\/wp\/v2\/comments?post=2183"}],"version-history":[{"count":1,"href":"https:\/\/xn--tuvozdiasporaespaola-k7b.com\/page\/2\/wp-json\/wp\/v2\/posts\/2183\/revisions"}],"predecessor-version":[{"id":3474,"href":"https:\/\/xn--tuvozdiasporaespaola-k7b.com\/page\/2\/wp-json\/wp\/v2\/posts\/2183\/revisions\/3474"}],"wp:featuredmedia":[{"embeddable":true,"href":"https:\/\/xn--tuvozdiasporaespaola-k7b.com\/page\/2\/wp-json\/wp\/v2\/media\/2188"}],"wp:attachment":[{"href":"https:\/\/xn--tuvozdiasporaespaola-k7b.com\/page\/2\/wp-json\/wp\/v2\/media?parent=2183"}],"wp:term":[{"taxonomy":"category","embeddable":true,"href":"https:\/\/xn--tuvozdiasporaespaola-k7b.com\/page\/2\/wp-json\/wp\/v2\/categories?post=2183"},{"taxonomy":"post_tag","embeddable":true,"href":"https:\/\/xn--tuvozdiasporaespaola-k7b.com\/page\/2\/wp-json\/wp\/v2\/tags?post=2183"}],"curies":[{"name":"wp","href":"https:\/\/api.w.org\/{rel}","templated":true}]}}