{"id":218,"date":"2022-09-24T22:29:42","date_gmt":"2022-09-25T01:29:42","guid":{"rendered":"https:\/\/xn--tuvozdiasporaespaola-k7b.com\/2022\/09\/24\/ciudadania-exterior\/"},"modified":"2022-09-24T22:29:42","modified_gmt":"2022-09-25T01:29:42","slug":"ciudadania-exterior","status":"publish","type":"post","link":"https:\/\/xn--tuvozdiasporaespaola-k7b.com\/page\/2\/ciudadania-exterior\/","title":{"rendered":"CIUDADAN\u00cdA EXTERIOR"},"content":{"rendered":"\n<p>Voto rogado, voto recuperado<\/p>\n\n\n\n<p>Del 3% de los votos que ha habido en algunas de las \u00faltimas elecciones auton\u00f3micas desde el exterior habr\u00eda que superar el 30% de participaci\u00f3n.<\/p>\n\n\n\n<figure class=\"wp-block-image size-large\"><img fetchpriority=\"high\" decoding=\"async\" width=\"624\" height=\"385\" src=\"http:\/\/xn--tuvozdiasporaespaola-k7b.com\/wp-content\/uploads\/2022\/09\/elecciones-sobre-kb3b-u701029533808d8f-624x38540lasprovincias-kfof-u7010650498289kd-624x38540lasprovincias8583520933118483360..jpg?w=624\" alt=\"\" class=\"wp-image-212\" srcset=\"https:\/\/xn--tuvozdiasporaespaola-k7b.com\/wp-content\/uploads\/2022\/09\/elecciones-sobre-kb3b-u701029533808d8f-624x38540lasprovincias-kfof-u7010650498289kd-624x38540lasprovincias8583520933118483360..jpg 624w, https:\/\/xn--tuvozdiasporaespaola-k7b.com\/wp-content\/uploads\/2022\/09\/elecciones-sobre-kb3b-u701029533808d8f-624x38540lasprovincias-kfof-u7010650498289kd-624x38540lasprovincias8583520933118483360.-300x185.jpg 300w\" sizes=\"(max-width: 624px) 100vw, 624px\" \/><figcaption class=\"wp-element-caption\">Por fin el voto ser\u00e1 un derecho .<\/figcaption><\/figure>\n\n\n\n<p>La semana nos ha tra\u00eddo la conclusi\u00f3n de la saga del voto rogado impuesto a casi tres millones de espa\u00f1oles en el exterior desde 2011.<\/p>\n\n\n\n<p>La unanimidad en el voto del Senado nos hace plantearnos cu\u00e1les han sido las razones que imped\u00edan que ninguno de los gobiernos que hemos tenido todo este tiempo tuvieran la iniciativa de&nbsp;retirar esta traba que hemos sufrido&nbsp;y que al parecer todos los partidos han determinado que era una injusticia.<\/p>\n\n\n\n<p>El potencial incremento en n\u00fameros de votos se va a notar en unas provincias m\u00e1s que en otras, y provincias con grandes proporciones de emigrantes, tendr\u00e1n la obligaci\u00f3n de&nbsp;tener en cuenta la voz y el voto&nbsp;de la&nbsp;ciudadan\u00eda espa\u00f1ola en el exterior.<\/p>\n\n\n\n<figure class=\"wp-block-image size-large\"><img decoding=\"async\" width=\"1280\" height=\"720\" src=\"http:\/\/xn--tuvozdiasporaespaola-k7b.com\/wp-content\/uploads\/2022\/09\/20220609180251906846008996823511235634.png?w=1024\" alt=\"\" class=\"wp-image-213\" srcset=\"https:\/\/xn--tuvozdiasporaespaola-k7b.com\/wp-content\/uploads\/2022\/09\/20220609180251906846008996823511235634.png 1280w, https:\/\/xn--tuvozdiasporaespaola-k7b.com\/wp-content\/uploads\/2022\/09\/20220609180251906846008996823511235634-300x169.png 300w, https:\/\/xn--tuvozdiasporaespaola-k7b.com\/wp-content\/uploads\/2022\/09\/20220609180251906846008996823511235634-1024x576.png 1024w, https:\/\/xn--tuvozdiasporaespaola-k7b.com\/wp-content\/uploads\/2022\/09\/20220609180251906846008996823511235634-768x432.png 768w\" sizes=\"(max-width: 1280px) 100vw, 1280px\" \/><figcaption class=\"wp-element-caption\">El Senado y Congreso por unanimidad <\/figcaption><\/figure>\n\n\n\n<p>Provincias como\u00a0Ourense\u00a0tiene m\u00e1s de un tercio de su poblaci\u00f3n en el exterior,\u00a0Lugo\u00a0mas de un quinto, y otras seis provincias que superan el 10% de su ciudadan\u00eda viviendo en el exterior podr\u00edan en algunos casos tener un cambio en la distribuci\u00f3n de sus esca\u00f1os si hubiera alta participaci\u00f3n exterior.<\/p>\n\n\n\n<p><strong>La tercera provincia de Espa\u00f1a<\/strong><\/p>\n\n\n\n<p>Para algunos partidos pol\u00edticos esta claro que&nbsp;su \u201cbot\u00edn\u201d esta en Latinoam\u00e9rica&nbsp;y as\u00ed nos lo demuestran constantemente con los continuos viajes de jerifaltes visitando una y otra vez las mismas plazas mientras que se olvidan de la emigraci\u00f3n m\u00e1s reciente, a partir del 2009, con destino hacia Europa principalmente.<\/p>\n\n\n\n<p>Las visitas suelen ser a centros tradicionales, casas regionales y en la mayor\u00eda de las ocasiones apuestan por los votos de la&nbsp;poblaci\u00f3n de m\u00e1s edad, que quiz\u00e1s llevan d\u00e9cadas votando a los mismos partidos por inercia.<\/p>\n\n\n\n<p>\u2026 pero ahora la pelota est\u00e1 en el tejado de la ciudadan\u00eda.<\/p>\n\n\n\n<p>Del 3% de los votos que ha habido en algunas de las \u00faltimas elecciones auton\u00f3micas desde el exterior hay que retornar a\u00a0superar el 30% de participaci\u00f3n, como en los buenos tiempos o incluso so\u00f1ar con acercarnos a la participaci\u00f3n media de cualquier provincia espa\u00f1ola.<\/p>\n\n\n\n<p><em><strong>\u00abProvincias como Ourense tiene m\u00e1s de un tercio de su poblaci\u00f3n en el exterior, Lugo mas de un quinto, y otras seis provincias que superan el 10% de su ciudadan\u00eda viviendo en el exterior<\/strong><\/em>\u00ab<\/p>\n\n\n\n<figure class=\"wp-block-image size-large\"><img decoding=\"async\" width=\"754\" height=\"558\" src=\"http:\/\/xn--tuvozdiasporaespaola-k7b.com\/wp-content\/uploads\/2022\/09\/2022061418184575980885718373447260129.jpg?w=754\" alt=\"\" class=\"wp-image-214\" srcset=\"https:\/\/xn--tuvozdiasporaespaola-k7b.com\/wp-content\/uploads\/2022\/09\/2022061418184575980885718373447260129.jpg 754w, https:\/\/xn--tuvozdiasporaespaola-k7b.com\/wp-content\/uploads\/2022\/09\/2022061418184575980885718373447260129-300x222.jpg 300w\" sizes=\"(max-width: 754px) 100vw, 754px\" \/><figcaption class=\"wp-element-caption\">Diputados de Podemos y Podemos Exterior art\u00edfices de este cambio en el derecho a voto .<\/figcaption><\/figure>\n\n\n\n<p>El poder votar presencialmente en urnas habilitadas en diferentes ciudades de las demarcaciones consulares que&nbsp;en ocasiones superan el tama\u00f1o de Espa\u00f1a, as\u00ed como el poder descargarse las papeletas o que se ampl\u00eden dos d\u00edas m\u00e1s el plazo del escrutinio van a ayudar a incrementar el poder de decisi\u00f3n de los casi tres millones de espa\u00f1oles en la di\u00e1spora.<\/p>\n\n\n\n<p>Tras esta decisi\u00f3n del Senado, ahora desde el exterior esperamos la votaci\u00f3n de la siguiente ley que est\u00e1 en la mesa del Senado sobre la&nbsp;Ley de Memoria Democr\u00e1tica. Esta votaci\u00f3n ha de llevarse a cabo con fecha l\u00edmite de 31 de octubre.<\/p>\n\n\n\n<p>Esta ley tambi\u00e9n puede ayudar a incrementar el impacto del poder de la di\u00e1spora en futuras elecciones ya que incrementar\u00eda el n\u00famero de votantes a trav\u00e9s del&nbsp;reconocimiento de una nacionalidad que les estaba siendo negada&nbsp;y puede sumar al banco de votantes unos cuantos cientos de miles de espa\u00f1olas y espa\u00f1oles en el exterior.<\/p>\n\n\n\n<figure class=\"wp-block-image size-large\"><img loading=\"lazy\" decoding=\"async\" width=\"1960\" height=\"1470\" src=\"http:\/\/xn--tuvozdiasporaespaola-k7b.com\/wp-content\/uploads\/2022\/09\/nbdsuoo2q7lbj265yzt52ta2yi5849388349056727228.jpg?w=1024\" alt=\"\" class=\"wp-image-215\" srcset=\"https:\/\/xn--tuvozdiasporaespaola-k7b.com\/wp-content\/uploads\/2022\/09\/nbdsuoo2q7lbj265yzt52ta2yi5849388349056727228.jpg 1960w, https:\/\/xn--tuvozdiasporaespaola-k7b.com\/wp-content\/uploads\/2022\/09\/nbdsuoo2q7lbj265yzt52ta2yi5849388349056727228-300x225.jpg 300w, https:\/\/xn--tuvozdiasporaespaola-k7b.com\/wp-content\/uploads\/2022\/09\/nbdsuoo2q7lbj265yzt52ta2yi5849388349056727228-1024x768.jpg 1024w, https:\/\/xn--tuvozdiasporaespaola-k7b.com\/wp-content\/uploads\/2022\/09\/nbdsuoo2q7lbj265yzt52ta2yi5849388349056727228-768x576.jpg 768w, https:\/\/xn--tuvozdiasporaespaola-k7b.com\/wp-content\/uploads\/2022\/09\/nbdsuoo2q7lbj265yzt52ta2yi5849388349056727228-1568x1176.jpg 1568w\" sizes=\"(max-width: 1960px) 100vw, 1960px\" \/><figcaption class=\"wp-element-caption\">Consulado de Espa\u00f1a en Argentina <\/figcaption><\/figure>\n\n\n\n<p>Esperamos que la aprobaci\u00f3n de esta ley vaya de la mano de una instrucci\u00f3n por parte del Ministerio de Justicia que tenga en cuenta la propuesta del&nbsp;Centro de Descendientes de Espa\u00f1oles Unidos&nbsp;(Ce.DEU) as\u00ed como de la Comisi\u00f3n de Derechos Civiles y Participaci\u00f3n del CGCEE. Esta instrucci\u00f3n deber\u00eda abrir la mano con una interpretaci\u00f3n que sea justa pero que no cometa errores pasados dejando a sectores de la poblaci\u00f3n fuera de su aplicaci\u00f3n como pas\u00f3 en 2007 con la Ley de Memoria Hist\u00f3rica negando la nacionalidad a los hijos mayores de edad.<\/p>\n\n\n\n<p>En este caso seria interesante que se tengan en cuenta aquellas enmiendas que se han presentado y que ampl\u00edan derechos y poblaci\u00f3n que se pueda acoger a la disposici\u00f3n octava, como son la enmienda n\u00famero 5 que otorgar\u00eda la&nbsp;nacionalidad de origen&nbsp;o la 115 que retira el limite temporal y facilita la acreditaci\u00f3n de parentesco a trav\u00e9s de medios telem\u00e1ticos.<\/p>\n\n\n\n<p>Igualmente, para complementar la instrucci\u00f3n los Consulados Generales deber\u00e1n tener los recursos necesarios que puedan permitir los\u00a0tramites que cientos de miles de personas van a solicitar. Se ha de facilitar que un procedimiento sencillo no tenga que pasar a trav\u00e9s de compras de citas en las puertas de los consulados, como sucede de\u00a0manera ilegal en algunos consulados generales de Latinoam\u00e9rica\u00a0por parte de gente ajena a los mismos, e igualmente no se vea la gente forzada a llevar sus casos a trav\u00e9s de despachos de abogados que en muchas ocasiones se aprovechan de las necesidades de las personas a trav\u00e9s de campa\u00f1as de miedo o intentando hacerse pasar por una autoridad con poder de otorgar cartas de naturaleza o con acceso a informaci\u00f3n privilegiada. La nacionalidad es un derecho y no puede ser un negocio.<\/p>\n\n\n\n<p><em><strong>\u00abQuiz\u00e1s la circunscripci\u00f3n exterior que ya disfrutan en Italia, Francia, o Portugal sea el siguiente paso l\u00f3gico<\/strong><\/em>\u00ab<\/p>\n\n\n\n<figure class=\"wp-block-image size-large\"><img loading=\"lazy\" decoding=\"async\" width=\"3000\" height=\"2250\" src=\"http:\/\/xn--tuvozdiasporaespaola-k7b.com\/wp-content\/uploads\/2022\/09\/20220910_1717432478114634570760149.jpg?w=1024\" alt=\"\" class=\"wp-image-216\" srcset=\"https:\/\/xn--tuvozdiasporaespaola-k7b.com\/wp-content\/uploads\/2022\/09\/20220910_1717432478114634570760149.jpg 3000w, https:\/\/xn--tuvozdiasporaespaola-k7b.com\/wp-content\/uploads\/2022\/09\/20220910_1717432478114634570760149-300x225.jpg 300w, https:\/\/xn--tuvozdiasporaespaola-k7b.com\/wp-content\/uploads\/2022\/09\/20220910_1717432478114634570760149-1024x768.jpg 1024w, https:\/\/xn--tuvozdiasporaespaola-k7b.com\/wp-content\/uploads\/2022\/09\/20220910_1717432478114634570760149-768x576.jpg 768w, https:\/\/xn--tuvozdiasporaespaola-k7b.com\/wp-content\/uploads\/2022\/09\/20220910_1717432478114634570760149-1568x1176.jpg 1568w\" sizes=\"(max-width: 3000px) 100vw, 3000px\" \/><figcaption class=\"wp-element-caption\">Reuni\u00f3n de Podemos Exterior  en Briselas buscando respuestas a las demandas de la Diaspora Espa\u00f1ola <\/figcaption><\/figure>\n\n\n\n<p>El pr\u00f3ximo 27 y 28 de septiembre la&nbsp;Universidad de Le\u00f3n&nbsp;ha organizado el IX Seminario sobre relaciones jur\u00eddicas internacionales, centrada en Inmigraci\u00f3n y Derechos Humanos, donde podremos exponer las necesidades de la emigraci\u00f3n y estar\u00eda bien que los representantes de los partidos en el exterior se conectaran y tomaran nota de la larga lista de demandas que nos quedan aparte del voto rogado y la nacionalidad.<\/p>\n\n\n\n<p>La presidenta del&nbsp;Consejo General de la Ciudadan\u00eda Espa\u00f1ola en el Exterior&nbsp;(CGCEE), la leonesa&nbsp;Violeta Alonso Pel\u00e1ez&nbsp;hablar\u00e1 lo \u00f3rganos de participaci\u00f3n de la emigraci\u00f3n espa\u00f1ola ante las instituciones y yo como presidente de la&nbsp;Comisi\u00f3n de Derechos Civiles y Participaci\u00f3n&nbsp;del CGCEE expondr\u00e9 los problemas actuales de la emigraci\u00f3n, as\u00ed como la discriminaci\u00f3n y posibles soluciones.<\/p>\n\n\n\n<p>El ansiado fin del voto rogado es el&nbsp;comienzo de un camino&nbsp;y no un destino final, pero el apoyo de todos los partidos a retirar las trabas que ellos mismos impusieron en 2011, ha de complementarse con la inclusi\u00f3n de soluciones a los problemas de la emigraci\u00f3n en sus programas electorales.<\/p>\n\n\n\n<p>Quiz\u00e1s la\u00a0circunscripci\u00f3n exterior\u00a0que ya disfrutan en Italia, Francia, o Portugal sea el siguiente paso l\u00f3gico, aunque en la pol\u00edtica actual parecemos abocados a no optar siempre por lo m\u00e1s l\u00f3gico y muchos siguen al pie de la letra el librillo de su ideolog\u00eda sin adaptarse a los tiempos, las necesidades o a una poblaci\u00f3n que necesita que la sociedad siga avanzando y no se estanque.<\/p>\n\n\n\n<figure class=\"wp-block-image size-large\"><img loading=\"lazy\" decoding=\"async\" width=\"992\" height=\"496\" src=\"http:\/\/xn--tuvozdiasporaespaola-k7b.com\/wp-content\/uploads\/2022\/09\/20170822140216233684256676744930184324.jpg?w=992\" alt=\"\" class=\"wp-image-217\" srcset=\"https:\/\/xn--tuvozdiasporaespaola-k7b.com\/wp-content\/uploads\/2022\/09\/20170822140216233684256676744930184324.jpg 992w, https:\/\/xn--tuvozdiasporaespaola-k7b.com\/wp-content\/uploads\/2022\/09\/20170822140216233684256676744930184324-300x150.jpg 300w, https:\/\/xn--tuvozdiasporaespaola-k7b.com\/wp-content\/uploads\/2022\/09\/20170822140216233684256676744930184324-768x384.jpg 768w\" sizes=\"(max-width: 992px) 100vw, 992px\" \/><figcaption class=\"wp-element-caption\">David Casarejos <\/figcaption><\/figure>\n\n\n\n<p>David Casarejos<\/p>\n\n\n\n<p>Presidente de Comisi\u00f3n de derechos Civiles y Participaci\u00f3n\u00a0 del Consejo General de la Ciudadan\u00eda Espa\u00f1ola en el Exterior.<\/p>\n\n\n\n<p>Fuente : Nueva Tribuna.<\/p>\n","protected":false},"excerpt":{"rendered":"<p>Voto rogado, voto recuperado Del 3% de los votos que ha habido en algunas de las \u00faltimas elecciones auton\u00f3micas desde el exterior habr\u00eda que &#8230; <\/p>\n<p class=\"read-more-container\"><a title=\"CIUDADAN\u00cdA EXTERIOR\" class=\"read-more button\" href=\"https:\/\/xn--tuvozdiasporaespaola-k7b.com\/page\/2\/ciudadania-exterior\/#more-218\" aria-label=\"M\u00e1s en CIUDADAN\u00cdA EXTERIOR\">Leer m\u00e1s<\/a><\/p>\n","protected":false},"author":222560522,"featured_media":0,"comment_status":"open","ping_status":"open","sticky":false,"template":"","format":"standard","meta":{"footnotes":""},"categories":[1771],"tags":[],"class_list":["post-218","post","type-post","status-publish","format-standard","hentry","category-sociales"],"_links":{"self":[{"href":"https:\/\/xn--tuvozdiasporaespaola-k7b.com\/page\/2\/wp-json\/wp\/v2\/posts\/218","targetHints":{"allow":["GET"]}}],"collection":[{"href":"https:\/\/xn--tuvozdiasporaespaola-k7b.com\/page\/2\/wp-json\/wp\/v2\/posts"}],"about":[{"href":"https:\/\/xn--tuvozdiasporaespaola-k7b.com\/page\/2\/wp-json\/wp\/v2\/types\/post"}],"author":[{"embeddable":true,"href":"https:\/\/xn--tuvozdiasporaespaola-k7b.com\/page\/2\/wp-json\/wp\/v2\/users\/222560522"}],"replies":[{"embeddable":true,"href":"https:\/\/xn--tuvozdiasporaespaola-k7b.com\/page\/2\/wp-json\/wp\/v2\/comments?post=218"}],"version-history":[{"count":0,"href":"https:\/\/xn--tuvozdiasporaespaola-k7b.com\/page\/2\/wp-json\/wp\/v2\/posts\/218\/revisions"}],"wp:attachment":[{"href":"https:\/\/xn--tuvozdiasporaespaola-k7b.com\/page\/2\/wp-json\/wp\/v2\/media?parent=218"}],"wp:term":[{"taxonomy":"category","embeddable":true,"href":"https:\/\/xn--tuvozdiasporaespaola-k7b.com\/page\/2\/wp-json\/wp\/v2\/categories?post=218"},{"taxonomy":"post_tag","embeddable":true,"href":"https:\/\/xn--tuvozdiasporaespaola-k7b.com\/page\/2\/wp-json\/wp\/v2\/tags?post=218"}],"curies":[{"name":"wp","href":"https:\/\/api.w.org\/{rel}","templated":true}]}}