{"id":2179,"date":"2023-05-18T13:33:33","date_gmt":"2023-05-18T16:33:33","guid":{"rendered":"https:\/\/xn--tuvozdiasporaespaola-k7b.com\/?p=2179"},"modified":"2023-05-18T13:33:34","modified_gmt":"2023-05-18T16:33:34","slug":"podemos-exterior-exige-dignidad-para-el-personal-laboral-en-nuestras-embajadas-y-consulados","status":"publish","type":"post","link":"https:\/\/xn--tuvozdiasporaespaola-k7b.com\/page\/2\/podemos-exterior-exige-dignidad-para-el-personal-laboral-en-nuestras-embajadas-y-consulados\/","title":{"rendered":"Podemos Exterior exige dignidad para el personal laboral en nuestras embajadas y consulados"},"content":{"rendered":"\n<p>El 14 de marzo de 2022 comenz\u00f3 una huelga por parte del personal laboral en el exterior (PLEX) en Reino Unido. Su situaci\u00f3n precaria, mantenida durante m\u00e1s de una d\u00e9cada y agravada severamente por la salida del pa\u00eds de la Uni\u00f3n Europea, les empuj\u00f3 a salir a la calle para elevar la voz y ser escuchados por la poblaci\u00f3n y por el Ministerio de Asuntos Exteriores, Uni\u00f3n Europea y Cooperaci\u00f3n.Estos trabajadores y trabajadoras, encargados de la gesti\u00f3n en la embajada y de los servicios consulares (visados, pasaportes, etc.), se sumaron a las reivindicaciones de la ciudadan\u00eda ante una situaci\u00f3n de extrema precariedad: Sueldos congelados desde hace m\u00e1s de una d\u00e9cada, herramientas completamente desactualizadas e ineficientes, una sede a todas luces demasiado peque\u00f1a, etc. <\/p>\n\n\n\n<figure class=\"wp-block-embed is-type-rich is-provider-twitter wp-block-embed-twitter\"><div class=\"wp-block-embed__wrapper\">\n<blockquote class=\"twitter-tweet\" data-width=\"550\" data-dnt=\"true\"><p lang=\"es\" dir=\"ltr\">&#8211; <a href=\"https:\/\/twitter.com\/hashtag\/SalariosSinActualizar?src=hash&amp;ref_src=twsrc%5Etfw\">#SalariosSinActualizar<\/a><br>&#8211; Salarios por debajo o rozando el Salario M\u00ednimo del pa\u00eds <br>&#8211; Salarios dispares en la misma categor\u00eda profesional<br>&#8211; Sin promoci\u00f3n laboral<br>Y sobre todo <a href=\"https:\/\/twitter.com\/hashtag\/SinConvenioColectivo?src=hash&amp;ref_src=twsrc%5Etfw\">#SinConvenioColectivo<\/a><a href=\"https:\/\/twitter.com\/hashtag\/MenosPromesas?src=hash&amp;ref_src=twsrc%5Etfw\">#MenosPromesas<\/a> y <a href=\"https:\/\/twitter.com\/hashtag\/MasPLEX?src=hash&amp;ref_src=twsrc%5Etfw\">#MasPLEX<\/a><a href=\"https:\/\/twitter.com\/jmalbares?ref_src=twsrc%5Etfw\">@jmalbares<\/a> <a href=\"https:\/\/twitter.com\/mjmonteroc?ref_src=twsrc%5Etfw\">@mjmonteroc<\/a> <a href=\"https:\/\/twitter.com\/Haciendagob?ref_src=twsrc%5Etfw\">@Haciendagob<\/a> <a href=\"https:\/\/twitter.com\/MAECgob?ref_src=twsrc%5Etfw\">@MAECgob<\/a><a href=\"https:\/\/twitter.com\/hashtag\/15Mayo?src=hash&amp;ref_src=twsrc%5Etfw\">#15Mayo<\/a> <a href=\"https:\/\/t.co\/FUJYnMPVip\">pic.twitter.com\/FUJYnMPVip<\/a><\/p>&mdash; FAC USO Exterior (@Plex_FACUSO) <a href=\"https:\/\/twitter.com\/Plex_FACUSO\/status\/1658001780028915712?ref_src=twsrc%5Etfw\">May 15, 2023<\/a><\/blockquote><script async src=\"https:\/\/platform.twitter.com\/widgets.js\" charset=\"utf-8\"><\/script>\n<\/div><figcaption class=\"wp-element-caption\">El deterioro acumulado en el servicio es ahora mucho mayor debido a la salida del Reino Unido de la Uni\u00f3n Europea: A la dif\u00edcil gesti\u00f3n de los pasaportes se ha sumado la tramitaci\u00f3n de visados que antes no eran necesarios, algo que no fue previsto ni afrontado por la administraci\u00f3n. Los servicios quedaron pr\u00e1cticamente bloqueados ante la falta de recursos, algo que, sumado a las consecuencias de la pandemia, ha provocado la dimisi\u00f3n de muchos de los empleados p\u00fablicos y ha iniciado un c\u00edrculo vicioso que empeora a\u00fan m\u00e1s la situaci\u00f3n.Los problemas no se limitan al personal de Reino Unido: En los consulados y embajadas de B\u00e9lgica, Alemania, Israel, Suecia, Portugal e Irlanda se suceden los mismos problemas. Esto indica que la situaci\u00f3n de abandono hacia el personal que atiende a la creciente di\u00e1spora espa\u00f1ola es generalizada.Un a\u00f1o despu\u00e9s, habiendo recibido calurosas palabras de comprensi\u00f3n del ministerio, pocos son los avances que se han sucedido. En un comunicado publicado el 24 de abril, la asamblea del personal laboral de exterior en Reino Unido recuerda sus ya viejas demandas como:Convocatoria de m\u00e1s de 300 plazas para reforzar las plantillas.Traslado del consulado general de Londres a otra oficina. Las instalaciones actuales no disponen del espacio suficiente para una m\u00ednima calidad del servicio.Aplicaci\u00f3n de las subidas salariales pactadas. Derecho a la negociaci\u00f3n colectiva de este personal<\/figcaption><\/figure>\n\n\n\n<figure class=\"wp-block-gallery has-nested-images columns-default is-cropped wp-block-gallery-1 is-layout-flex wp-block-gallery-is-layout-flex\">\n<figure class=\"wp-block-image size-large\"><img fetchpriority=\"high\" decoding=\"async\" width=\"1024\" height=\"530\" data-id=\"2180\" src=\"https:\/\/xn--tuvozdiasporaespaola-k7b.com\/wp-content\/uploads\/2023\/05\/1038115-1024x530.jpg\" alt=\"\" class=\"wp-image-2180\" srcset=\"https:\/\/xn--tuvozdiasporaespaola-k7b.com\/wp-content\/uploads\/2023\/05\/1038115-1024x530.jpg 1024w, https:\/\/xn--tuvozdiasporaespaola-k7b.com\/wp-content\/uploads\/2023\/05\/1038115-300x155.jpg 300w, https:\/\/xn--tuvozdiasporaespaola-k7b.com\/wp-content\/uploads\/2023\/05\/1038115-768x397.jpg 768w, https:\/\/xn--tuvozdiasporaespaola-k7b.com\/wp-content\/uploads\/2023\/05\/1038115.jpg 1280w\" sizes=\"(max-width: 1024px) 100vw, 1024px\" \/><\/figure>\n<\/figure>\n\n\n\n<p>Los c\u00edrculos de Podemos Exterior, tanto en la red de Europa como en la red de Latinoam\u00e9rica, nos solidarizamos con los y las trabajadores del personal laboral en el exterior, y exigimos una vez m\u00e1s al Ministerio de Asuntos Exteriores, Uni\u00f3n Europea y Cooperaci\u00f3n, que cumpla lo antes posible con las exigencias de este colectivo, el cual atraviesa una situaci\u00f3n cr\u00edtica completamente inaceptable e inasumible. La funci\u00f3n realizada por este personal es vital para la poblaci\u00f3n espa\u00f1ola en la di\u00e1spora, que sufre tambi\u00e9n las consecuencias del abandono y la desidia de la administraci\u00f3n central.<\/p>\n\n\n\n<p>A la vez que trasladamos esta problem\u00e1tica a las distintas representaciones de Podemos en las Comunidades Aut\u00f3nomas para que desde estas instituciones  se pueda visibilizar y exigir soluciones a los ministerios correspondientes.<\/p>\n\n\n\n<p>El dotar de mejores remuneraciones  econ\u00f3micas a estos trabajadores y la ampliaci\u00f3n  de personal  repercute en una mejor  atenci\u00f3n a la di\u00e1spora en consulados, Consejer\u00edas y Embajadas , podemos siempre estar\u00e1 con los y las trabajadoras .<\/p>\n\n\n\n<p>Comunicaci\u00f3n C\u00edrculos Reino Unido de Red C\u00edrculos Europa.<\/p>\n","protected":false},"excerpt":{"rendered":"<p>El 14 de marzo de 2022 comenz\u00f3 una huelga por parte del personal laboral en el exterior (PLEX) en Reino Unido. Su situaci\u00f3n precaria, &#8230; <\/p>\n<p class=\"read-more-container\"><a title=\"Podemos Exterior exige dignidad para el personal laboral en nuestras embajadas y consulados\" class=\"read-more button\" href=\"https:\/\/xn--tuvozdiasporaespaola-k7b.com\/page\/2\/podemos-exterior-exige-dignidad-para-el-personal-laboral-en-nuestras-embajadas-y-consulados\/#more-2179\" aria-label=\"M\u00e1s en Podemos Exterior exige dignidad para el personal laboral en nuestras embajadas y consulados\">Leer m\u00e1s<\/a><\/p>\n","protected":false},"author":222560522,"featured_media":2180,"comment_status":"open","ping_status":"open","sticky":false,"template":"","format":"standard","meta":{"footnotes":""},"categories":[121854,1771],"tags":[],"class_list":["post-2179","post","type-post","status-publish","format-standard","has-post-thumbnail","hentry","category-consejo-de-residentes-espanoles","category-sociales","resize-featured-image"],"_links":{"self":[{"href":"https:\/\/xn--tuvozdiasporaespaola-k7b.com\/page\/2\/wp-json\/wp\/v2\/posts\/2179","targetHints":{"allow":["GET"]}}],"collection":[{"href":"https:\/\/xn--tuvozdiasporaespaola-k7b.com\/page\/2\/wp-json\/wp\/v2\/posts"}],"about":[{"href":"https:\/\/xn--tuvozdiasporaespaola-k7b.com\/page\/2\/wp-json\/wp\/v2\/types\/post"}],"author":[{"embeddable":true,"href":"https:\/\/xn--tuvozdiasporaespaola-k7b.com\/page\/2\/wp-json\/wp\/v2\/users\/222560522"}],"replies":[{"embeddable":true,"href":"https:\/\/xn--tuvozdiasporaespaola-k7b.com\/page\/2\/wp-json\/wp\/v2\/comments?post=2179"}],"version-history":[{"count":0,"href":"https:\/\/xn--tuvozdiasporaespaola-k7b.com\/page\/2\/wp-json\/wp\/v2\/posts\/2179\/revisions"}],"wp:featuredmedia":[{"embeddable":true,"href":"https:\/\/xn--tuvozdiasporaespaola-k7b.com\/page\/2\/wp-json\/wp\/v2\/media\/2180"}],"wp:attachment":[{"href":"https:\/\/xn--tuvozdiasporaespaola-k7b.com\/page\/2\/wp-json\/wp\/v2\/media?parent=2179"}],"wp:term":[{"taxonomy":"category","embeddable":true,"href":"https:\/\/xn--tuvozdiasporaespaola-k7b.com\/page\/2\/wp-json\/wp\/v2\/categories?post=2179"},{"taxonomy":"post_tag","embeddable":true,"href":"https:\/\/xn--tuvozdiasporaespaola-k7b.com\/page\/2\/wp-json\/wp\/v2\/tags?post=2179"}],"curies":[{"name":"wp","href":"https:\/\/api.w.org\/{rel}","templated":true}]}}