{"id":2174,"date":"2023-05-17T09:52:30","date_gmt":"2023-05-17T12:52:30","guid":{"rendered":"https:\/\/xn--tuvozdiasporaespaola-k7b.com\/?p=2174"},"modified":"2023-05-17T09:52:31","modified_gmt":"2023-05-17T12:52:31","slug":"urgente-lasso-decreta-la-muerte-cruzada-y-disuelve-la-asamblea-nacional-de-ecuador","status":"publish","type":"post","link":"https:\/\/xn--tuvozdiasporaespaola-k7b.com\/page\/2\/urgente-lasso-decreta-la-muerte-cruzada-y-disuelve-la-asamblea-nacional-de-ecuador\/","title":{"rendered":"URGENTE : Lasso decreta la muerte cruzada y disuelve la Asamblea Nacional de Ecuador"},"content":{"rendered":"\n<p>Se llamar\u00e1 a elecciones generales y el mandatario gobernar\u00e1 por decretos durante seis meses.El presidente de Ecuador, Guillermo Lasso, decret\u00f3 la \u00abmuerte cruzada\u00bb en el pa\u00eds suramericano y disolvi\u00f3 a la Asamblea Nacional.El mandatario hizo la disoluci\u00f3n argumentando \u00abgrave crisis pol\u00edtica y conmoci\u00f3n interna\u00bb, de conformidad con el art\u00edculo 148 de la Constituci\u00f3n ecuatoriana.<\/p>\n\n\n\n<figure class=\"wp-block-embed is-type-rich is-provider-twitter wp-block-embed-twitter\"><div class=\"wp-block-embed__wrapper\">\n<blockquote class=\"twitter-tweet\" data-width=\"550\" data-dnt=\"true\"><p lang=\"es\" dir=\"ltr\">?URGENTE<br>El presidente Guillermo Lasso firm\u00f3 el decreto ejecutivo mediante el cual disuelve la Asamblea Nacional y activa el mecanismo conocido como &quot;muerte cruzada&quot;. <br><br>?Se tiene previsto una cadena nacional, a las 07:00. <a href=\"https:\/\/t.co\/N0nR1wWalM\">pic.twitter.com\/N0nR1wWalM<\/a><\/p>&mdash; PrimeraPlanaECU (@PrimeraPlanaECU) <a href=\"https:\/\/twitter.com\/PrimeraPlanaECU\/status\/1658801435851517952?ref_src=twsrc%5Etfw\">May 17, 2023<\/a><\/blockquote><script async src=\"https:\/\/platform.twitter.com\/widgets.js\" charset=\"utf-8\"><\/script>\n<\/div><\/figure>\n\n\n\n<p>Con el decreto del mandatario, habr\u00e1 un adelanto de elecciones tanto legislativas como presidenciales, de ah\u00ed el t\u00e9rmino de muerte cruzada. Mientras, el mandatario gobernar\u00eda por decretos durante seis meses.El mandatario emiti\u00f3 el decreto mientras en la Asamblea Nacional se lleva a cabo el proceso de juicio pol\u00edtico en su contra, acusado del presunto delito de peculado (malversaci\u00f3n de fondos p\u00fablicos).<\/p>\n\n\n\n<p>En una cadena nacional de radio y televisi\u00f3n, emitida a las 07:00 de la ma\u00f1ana [hora local], el mandatario dijo que ese juicio pol\u00edtico \u00abno se trata de la verdad o de luchar contra la supuesta corrupci\u00f3n\u00bb, sino que sus acusadores buscan \u00abtomarse la presidencia de la Rep\u00fablica\u00bb.\u00bbHan sido incapaces de encontrar prueba alguna en mi contra, porque no hay nada que encontrar\u00bb, manifest\u00f3 en su alocuci\u00f3n.<\/p>\n\n\n\n<figure class=\"wp-block-gallery has-nested-images columns-default is-cropped wp-block-gallery-1 is-layout-flex wp-block-gallery-is-layout-flex\">\n<figure class=\"wp-block-image size-large\"><img fetchpriority=\"high\" decoding=\"async\" width=\"950\" height=\"560\" data-id=\"2175\" src=\"https:\/\/xn--tuvozdiasporaespaola-k7b.com\/wp-content\/uploads\/2023\/05\/bloomberglinea.jpg.webp\" alt=\"\" class=\"wp-image-2175\" srcset=\"https:\/\/xn--tuvozdiasporaespaola-k7b.com\/wp-content\/uploads\/2023\/05\/bloomberglinea.jpg.webp 950w, https:\/\/xn--tuvozdiasporaespaola-k7b.com\/wp-content\/uploads\/2023\/05\/bloomberglinea.jpg-300x177.webp 300w, https:\/\/xn--tuvozdiasporaespaola-k7b.com\/wp-content\/uploads\/2023\/05\/bloomberglinea.jpg-768x453.webp 768w\" sizes=\"(max-width: 950px) 100vw, 950px\" \/><\/figure>\n<\/figure>\n\n\n\n<p>Una  vez m\u00e1s los corruptos intentan de protegerse de la verg\u00fcenza de visibilizar sus carencias y su desv\u00edo caciquil y neoliberal y van  provocando la muerte cruzada y la destituci\u00f3n del Parlamento en Ecuador.<\/p>\n\n\n\n<p>Polic\u00edas y militares acaban de ocupar la entrada a la asamblea Nacional, impidiendo el acceso. Consumanando el Anuncio de Lasso lo mismo en Per\u00fa con Pedro Castillo fue un golpe de estado institucional, aqu\u00ed parece ser que una vez m\u00e1s que los baremos de medir son diferentes en funci\u00f3n del dirigente.<\/p>\n\n\n\n<p>Redacci\u00f3n Revista TU VOZ, Latinoam\u00e9rica <\/p>\n","protected":false},"excerpt":{"rendered":"<p>Se llamar\u00e1 a elecciones generales y el mandatario gobernar\u00e1 por decretos durante seis meses.El presidente de Ecuador, Guillermo Lasso, decret\u00f3 la \u00abmuerte cruzada\u00bb en &#8230; <\/p>\n<p class=\"read-more-container\"><a title=\"URGENTE : Lasso decreta la muerte cruzada y disuelve la Asamblea Nacional de Ecuador\" class=\"read-more button\" href=\"https:\/\/xn--tuvozdiasporaespaola-k7b.com\/page\/2\/urgente-lasso-decreta-la-muerte-cruzada-y-disuelve-la-asamblea-nacional-de-ecuador\/#more-2174\" aria-label=\"M\u00e1s en URGENTE : Lasso decreta la muerte cruzada y disuelve la Asamblea Nacional de Ecuador\">Leer m\u00e1s<\/a><\/p>\n","protected":false},"author":222560522,"featured_media":0,"comment_status":"open","ping_status":"open","sticky":false,"template":"","format":"standard","meta":{"footnotes":""},"categories":[1771],"tags":[],"class_list":["post-2174","post","type-post","status-publish","format-standard","hentry","category-sociales"],"_links":{"self":[{"href":"https:\/\/xn--tuvozdiasporaespaola-k7b.com\/page\/2\/wp-json\/wp\/v2\/posts\/2174","targetHints":{"allow":["GET"]}}],"collection":[{"href":"https:\/\/xn--tuvozdiasporaespaola-k7b.com\/page\/2\/wp-json\/wp\/v2\/posts"}],"about":[{"href":"https:\/\/xn--tuvozdiasporaespaola-k7b.com\/page\/2\/wp-json\/wp\/v2\/types\/post"}],"author":[{"embeddable":true,"href":"https:\/\/xn--tuvozdiasporaespaola-k7b.com\/page\/2\/wp-json\/wp\/v2\/users\/222560522"}],"replies":[{"embeddable":true,"href":"https:\/\/xn--tuvozdiasporaespaola-k7b.com\/page\/2\/wp-json\/wp\/v2\/comments?post=2174"}],"version-history":[{"count":0,"href":"https:\/\/xn--tuvozdiasporaespaola-k7b.com\/page\/2\/wp-json\/wp\/v2\/posts\/2174\/revisions"}],"wp:attachment":[{"href":"https:\/\/xn--tuvozdiasporaespaola-k7b.com\/page\/2\/wp-json\/wp\/v2\/media?parent=2174"}],"wp:term":[{"taxonomy":"category","embeddable":true,"href":"https:\/\/xn--tuvozdiasporaespaola-k7b.com\/page\/2\/wp-json\/wp\/v2\/categories?post=2174"},{"taxonomy":"post_tag","embeddable":true,"href":"https:\/\/xn--tuvozdiasporaespaola-k7b.com\/page\/2\/wp-json\/wp\/v2\/tags?post=2174"}],"curies":[{"name":"wp","href":"https:\/\/api.w.org\/{rel}","templated":true}]}}