{"id":2137,"date":"2023-05-16T19:16:27","date_gmt":"2023-05-16T22:16:27","guid":{"rendered":"https:\/\/xn--tuvozdiasporaespaola-k7b.com\/?p=2137"},"modified":"2023-05-16T19:16:28","modified_gmt":"2023-05-16T22:16:28","slug":"en-paises-bajos-los-jornaleros-explotados-somos-nosotros","status":"publish","type":"post","link":"https:\/\/xn--tuvozdiasporaespaola-k7b.com\/page\/2\/en-paises-bajos-los-jornaleros-explotados-somos-nosotros\/","title":{"rendered":"En Pa\u00edses Bajos los jornaleros explotados somos nosotros"},"content":{"rendered":"\n<p>A\u00fan recuerdo la sangrante evidencia de la explotaci\u00f3n a migrantes que nos dej\u00f3 la pandemia. El 7 de abril de 2020 el gobierno espa\u00f1ol aprob\u00f3 por Decreto Ley que los parados pudieran incorporarse al sector agr\u00edcola sin perder la prestaci\u00f3n por desempleo. La raz\u00f3n: las restricciones de movimiento imped\u00edan la provisi\u00f3n de migrantes que se ocuparan de esos trabajos esclavos. En un pa\u00eds lleno de personas en ERTE y con una de las tasas de paro m\u00e1s altas de Europa, nadie quer\u00eda aceptar las condiciones de un campo poco mecanizado. Pero nos di\u00f3 igual, <strong>fue una noticia m\u00e1s que ocup\u00f3 un par de minutos en las pantallas de alguna gente, y quiz\u00e1 tres o cuatro en las de los aragoneses, extreme\u00f1os, catalanes, riojanos, murcianos y navarros, que viven esta realidad m\u00e1s de cerca<\/strong>. La empat\u00eda entiende de colores, por lo que esto no es m\u00e1s que agua pasada. Ahora, <strong>\u00bfqu\u00e9 pensar\u00edas si te dijera que en Pa\u00edses Bajos los explotados somos nosotros?<\/strong><\/p>\n\n\n\n<figure class=\"wp-block-image size-large\"><img fetchpriority=\"high\" decoding=\"async\" width=\"1024\" height=\"561\" src=\"https:\/\/xn--tuvozdiasporaespaola-k7b.com\/wp-content\/uploads\/2023\/05\/Screenshot_20230516_184857_Docs-1024x561.jpg\" alt=\"\" class=\"wp-image-2138\" srcset=\"https:\/\/xn--tuvozdiasporaespaola-k7b.com\/wp-content\/uploads\/2023\/05\/Screenshot_20230516_184857_Docs-1024x561.jpg 1024w, https:\/\/xn--tuvozdiasporaespaola-k7b.com\/wp-content\/uploads\/2023\/05\/Screenshot_20230516_184857_Docs-300x164.jpg 300w, https:\/\/xn--tuvozdiasporaespaola-k7b.com\/wp-content\/uploads\/2023\/05\/Screenshot_20230516_184857_Docs-768x421.jpg 768w, https:\/\/xn--tuvozdiasporaespaola-k7b.com\/wp-content\/uploads\/2023\/05\/Screenshot_20230516_184857_Docs-1536x842.jpg 1536w, https:\/\/xn--tuvozdiasporaespaola-k7b.com\/wp-content\/uploads\/2023\/05\/Screenshot_20230516_184857_Docs.jpg 1838w\" sizes=\"(max-width: 1024px) 100vw, 1024px\" \/><\/figure>\n\n\n\n<p> Aqu\u00ed los espa\u00f1oles somos esos desesperados que mantienen el pa\u00eds por una propina. Miles han sido captados por los reclutadores de empresas de trabajo temporal neerlandesas. Te encandilan con un alto salario m\u00ednimo, un alojamiento asegurado y el contrato que puedes firmar ma\u00f1ana. Esconden que no tendr\u00e1s una cantidad fija de horas (posiblemente por debajo de 30, as\u00ed que eso del salario m\u00ednimo puede que ni lo huelas), que compartir\u00e1s una habitaci\u00f3n por la que pagar\u00e1s 450\u20ac (ellos la alquilan por ese precio y meten a dos personas en ella) y que las condiciones que te prometieron a distancia pueden cambiar una vez pises tierra (lo mismo te mandan a 200 km del destino preacordado). <\/p>\n\n\n\n<figure class=\"wp-block-gallery has-nested-images columns-default is-cropped wp-block-gallery-1 is-layout-flex wp-block-gallery-is-layout-flex\">\n<figure class=\"wp-block-image size-large\"><img decoding=\"async\" width=\"993\" height=\"575\" data-id=\"2139\" src=\"https:\/\/xn--tuvozdiasporaespaola-k7b.com\/wp-content\/uploads\/2023\/05\/Screenshot_20230516_185236_Docs.jpg\" alt=\"\" class=\"wp-image-2139\" srcset=\"https:\/\/xn--tuvozdiasporaespaola-k7b.com\/wp-content\/uploads\/2023\/05\/Screenshot_20230516_185236_Docs.jpg 993w, https:\/\/xn--tuvozdiasporaespaola-k7b.com\/wp-content\/uploads\/2023\/05\/Screenshot_20230516_185236_Docs-300x174.jpg 300w, https:\/\/xn--tuvozdiasporaespaola-k7b.com\/wp-content\/uploads\/2023\/05\/Screenshot_20230516_185236_Docs-768x445.jpg 768w\" sizes=\"(max-width: 993px) 100vw, 993px\" \/><\/figure>\n<\/figure>\n\n\n\n<p>Desgraciadamente, \u00e9sa no es la \u00fanica fuente de precariedad de los espa\u00f1oles desplazados a tierras naranjas. El Personal Laboral en el Exterior (empleados de administraciones p\u00fablicas en el extranjero sin la condici\u00f3n de funcionario) cuenta por lustros el tiempo en el que sus salarios han estado congelados, carece de convenio laboral y existe una alarmante falta del personal que sobrecarga a estos trabajadores (intenta t\u00fa pedir cita en un consulado).<\/p>\n\n\n\n<figure class=\"wp-block-embed is-type-link is-provider-estaentusmanos wp-block-embed-estaentusmanos\"><div class=\"wp-block-embed__wrapper\">\n <blockquote class=\"wp-embedded-content\" data-secret=\"SW5C8NpbMP\"><a href=\"https:\/\/podemospaisesbajos.wordpress.com\/abuso-laboral-y-etts\/\">Abuso Laboral y&nbsp;ETTs<\/a><\/blockquote><iframe class=\"wp-embedded-content\" sandbox=\"allow-scripts\" security=\"restricted\" style=\"position: absolute; clip: rect(1px, 1px, 1px, 1px);\" title=\"\u00abAbuso Laboral y&nbsp;ETTs\u00bb \u2014 #Est\u00e1EnTusManos\" src=\"https:\/\/podemospaisesbajos.wordpress.com\/abuso-laboral-y-etts\/embed\/#?secret=WoFFXyIXIq#?secret=SW5C8NpbMP\" data-secret=\"SW5C8NpbMP\" width=\"600\" height=\"338\" frameborder=\"0\" marginwidth=\"0\" marginheight=\"0\" scrolling=\"no\"><\/iframe>\n<\/div><figcaption class=\"wp-element-caption\">Testimonios Precarios, que se pueden encontrar en la p\u00e1gina web de nuestro C\u00edrculo.<\/figcaption><\/figure>\n\n\n\n<p>En definitiva, lo que decidimos ignorar dentro de nuestras fronteras lo sufrimos fuera de ellas. Debe dolernos cada injusticia como si fuera nuestra y se ha de poner coto al fest\u00edn de aquellos que explotan al m\u00e1s necesitado.   <\/p>\n\n\n\n<p>Ahora en las comunidades aut\u00f3nomias &nbsp;tenemos votaciones y  <strong>propuestas desde el exterior para la Diaspora en materias de retorno Integeal , con pol\u00edticas de Vivienda justas para los m\u00e1s desfavorables como Valencia con Hector Illueca, Madrid con Alejandra Jacinto , Noemi Santana en Canarias &nbsp;o Antonia Jover en Baleares son comunidades pioneras en la ejecuci\u00f3n dd programas en vivienda<\/strong>.<\/p>\n\n\n\n<p>Por eso, te pedimos <strong>votar a Podemos<\/strong>. La \u00fanica fuerza que nunca duda de elegir el lado de qui\u00e9n peor lo pasa. <strong>La fuerza que impuls\u00f3 la primera reforma laboral que dio derechos a la clase trabajadora<\/strong>. La fuerza que no le debe nada a los bancos. En estas elecciones,  \u00a1s\u00ed se puede!<\/p>\n\n\n\n<p>Comunicaci\u00f3n del C\u00edrculo de Pa\u00edses Bajos <\/p>\n","protected":false},"excerpt":{"rendered":"<p>A\u00fan recuerdo la sangrante evidencia de la explotaci\u00f3n a migrantes que nos dej\u00f3 la pandemia. El 7 de abril de 2020 el gobierno espa\u00f1ol &#8230; <\/p>\n<p class=\"read-more-container\"><a title=\"En Pa\u00edses Bajos los jornaleros explotados somos nosotros\" class=\"read-more button\" href=\"https:\/\/xn--tuvozdiasporaespaola-k7b.com\/page\/2\/en-paises-bajos-los-jornaleros-explotados-somos-nosotros\/#more-2137\" aria-label=\"M\u00e1s en En Pa\u00edses Bajos los jornaleros explotados somos nosotros\">Leer m\u00e1s<\/a><\/p>\n","protected":false},"author":222560522,"featured_media":2138,"comment_status":"open","ping_status":"open","sticky":false,"template":"","format":"standard","meta":{"footnotes":""},"categories":[121853,1771],"tags":[],"class_list":["post-2137","post","type-post","status-publish","format-standard","has-post-thumbnail","hentry","category-elecciones","category-sociales","resize-featured-image"],"_links":{"self":[{"href":"https:\/\/xn--tuvozdiasporaespaola-k7b.com\/page\/2\/wp-json\/wp\/v2\/posts\/2137","targetHints":{"allow":["GET"]}}],"collection":[{"href":"https:\/\/xn--tuvozdiasporaespaola-k7b.com\/page\/2\/wp-json\/wp\/v2\/posts"}],"about":[{"href":"https:\/\/xn--tuvozdiasporaespaola-k7b.com\/page\/2\/wp-json\/wp\/v2\/types\/post"}],"author":[{"embeddable":true,"href":"https:\/\/xn--tuvozdiasporaespaola-k7b.com\/page\/2\/wp-json\/wp\/v2\/users\/222560522"}],"replies":[{"embeddable":true,"href":"https:\/\/xn--tuvozdiasporaespaola-k7b.com\/page\/2\/wp-json\/wp\/v2\/comments?post=2137"}],"version-history":[{"count":0,"href":"https:\/\/xn--tuvozdiasporaespaola-k7b.com\/page\/2\/wp-json\/wp\/v2\/posts\/2137\/revisions"}],"wp:featuredmedia":[{"embeddable":true,"href":"https:\/\/xn--tuvozdiasporaespaola-k7b.com\/page\/2\/wp-json\/wp\/v2\/media\/2138"}],"wp:attachment":[{"href":"https:\/\/xn--tuvozdiasporaespaola-k7b.com\/page\/2\/wp-json\/wp\/v2\/media?parent=2137"}],"wp:term":[{"taxonomy":"category","embeddable":true,"href":"https:\/\/xn--tuvozdiasporaespaola-k7b.com\/page\/2\/wp-json\/wp\/v2\/categories?post=2137"},{"taxonomy":"post_tag","embeddable":true,"href":"https:\/\/xn--tuvozdiasporaespaola-k7b.com\/page\/2\/wp-json\/wp\/v2\/tags?post=2137"}],"curies":[{"name":"wp","href":"https:\/\/api.w.org\/{rel}","templated":true}]}}