{"id":210,"date":"2022-09-23T11:37:47","date_gmt":"2022-09-23T14:37:47","guid":{"rendered":"https:\/\/xn--tuvozdiasporaespaola-k7b.com\/2022\/09\/23\/lula-a-las-puertas-de-la-presidencia\/"},"modified":"2022-09-23T11:39:38","modified_gmt":"2022-09-23T14:39:38","slug":"lula-a-las-puertas-de-la-presidencia","status":"publish","type":"post","link":"https:\/\/xn--tuvozdiasporaespaola-k7b.com\/page\/2\/lula-a-las-puertas-de-la-presidencia\/","title":{"rendered":"Lula a las puertas de la Presidencia"},"content":{"rendered":"\n<p><em>Gran parte de las conquistas logradas en los dos gobiernos del PT, con Lula y Dilma, han sido desmontadas por unas pol\u00edticas ultra neoliberales del presidente Bolsonaro y su super ministro de econom\u00eda, Paulo Guedes.<\/em><\/p>\n\n\n\n<figure class=\"wp-block-image size-large\"><img fetchpriority=\"high\" decoding=\"async\" width=\"1200\" height=\"800\" src=\"http:\/\/xn--tuvozdiasporaespaola-k7b.com\/wp-content\/uploads\/2022\/09\/3ufwsxrj5hwz726eztusscbsbi4948832937715994516.jpg?w=1024\" alt=\"\" class=\"wp-image-205\" srcset=\"https:\/\/xn--tuvozdiasporaespaola-k7b.com\/wp-content\/uploads\/2022\/09\/3ufwsxrj5hwz726eztusscbsbi4948832937715994516.jpg 1200w, https:\/\/xn--tuvozdiasporaespaola-k7b.com\/wp-content\/uploads\/2022\/09\/3ufwsxrj5hwz726eztusscbsbi4948832937715994516-300x200.jpg 300w, https:\/\/xn--tuvozdiasporaespaola-k7b.com\/wp-content\/uploads\/2022\/09\/3ufwsxrj5hwz726eztusscbsbi4948832937715994516-1024x683.jpg 1024w, https:\/\/xn--tuvozdiasporaespaola-k7b.com\/wp-content\/uploads\/2022\/09\/3ufwsxrj5hwz726eztusscbsbi4948832937715994516-768x512.jpg 768w\" sizes=\"(max-width: 1200px) 100vw, 1200px\" \/><figcaption class=\"wp-element-caption\">Latinoam\u00e9rica Despierta <\/figcaption><\/figure>\n\n\n\n<p>Este domingo 2 de octubre hay elecciones generales en Brasil. En caso de necesidad, habr\u00e1 una segunda vuelta el domingo 30 de octubre, cuatro semanas despu\u00e9s de la primera vuelta. Adem\u00e1s de todos los 513 esca\u00f1os de la C\u00e1mara de Diputados federal, y 27 esca\u00f1os de los 81 del Senado federal, ser\u00e1n electos el Presidente o Presidenta de la Rep\u00fablica y su sustituta o sustituto vicepresidencial.<br \/><br \/>Adem\u00e1s del actual presidente, Jair Bolsonaro, que se presenta a la reelecci\u00f3n contemplada en la constituci\u00f3n brasile\u00f1a, el ex presidente Luiz Inacio Lula da Silva (2003- 2011) del Partido de los Trabajadores, el dirigente socialdem\u00f3crata de Partido Democr\u00e1tico Laborista (PDT), Ciro Gomes, y Simone Tebet, del partido Movimiento Democr\u00e1tico Brasile\u00f1o. El presidente Bolsonaro es postulado por una coalici\u00f3n de partidos de derecha y ultraderecha llamada \u201cPor el Bien de Brasil\u201d (Partido Liberal, Republicanos y Progresistas) y el presidente Lula da Silva por una coalici\u00f3n de izquierda y centroizquierda \u201cBrasil de Esperanza\u201d constituida por el Partido de los Trabajadores (PT), el Partido Comunista de Brasil, Partido Verde, Partido Socialista Brasile\u00f1o, Solidaridad, Red de Sostenibilidad, Partido Socialismo y Libertad, Avante, Actuar, y Partido Republicano de Orden Social. Entre estos dos candidatos tan dispares, tendr\u00e1 que seleccionar el electorado brasile\u00f1o a su Jefe de Estado, este domingo 2 octubre de 2022.<br \/><br \/><\/p>\n\n\n\n<figure class=\"wp-block-image size-large\"><img decoding=\"async\" width=\"360\" height=\"480\" src=\"http:\/\/xn--tuvozdiasporaespaola-k7b.com\/wp-content\/uploads\/2022\/09\/63001a3a1ec2b_360_480213098259969002191759..jpg?w=360\" alt=\"\" class=\"wp-image-206\" srcset=\"https:\/\/xn--tuvozdiasporaespaola-k7b.com\/wp-content\/uploads\/2022\/09\/63001a3a1ec2b_360_480213098259969002191759..jpg 360w, https:\/\/xn--tuvozdiasporaespaola-k7b.com\/wp-content\/uploads\/2022\/09\/63001a3a1ec2b_360_480213098259969002191759.-225x300.jpg 225w\" sizes=\"(max-width: 360px) 100vw, 360px\" \/><figcaption class=\"wp-element-caption\">Campa\u00f1a del PT con LULA<\/figcaption><\/figure>\n\n\n\n<p>Existe una gran cantidad de sondeos que todos dan la ventaja al ex presidente Lula da Silva. Entre un 44% y un 40% el m\u00e1s bajo. Al presidente Bolsonaro, en los \u00faltimos sondeos lo sit\u00faan entre 39% el m\u00e1s alto y un 31% el m\u00e1s bajo. Despu\u00e9s del primer debate electoral Lula se sit\u00faa entre un 47% y un 44% y Bolsonaro entre un 32% y un 37%. En la segunda vuelta, en caso de celebrarse, las estimaciones de las encuestas, todas dan como ganador al Presidente Lula de Silva, entre un 54% y un 49%. El Presidente Bolsonaro en todos esos escenarios es derrotado en segunda vuelta por el Presidente Lula. Podr\u00eda decirse que el ex presidente Lula da Silva est\u00e1 a las puertas del Palacio de Planalto, sede del Poder Ejecutivo en Brasil.<\/p>\n\n\n\n<figure class=\"wp-block-image size-large\"><img decoding=\"async\" width=\"800\" height=\"477\" src=\"http:\/\/xn--tuvozdiasporaespaola-k7b.com\/wp-content\/uploads\/2022\/09\/755832f6436cb2c521d3432d2619f6408166111486122299411.jpeg?w=800\" alt=\"\" class=\"wp-image-207\" srcset=\"https:\/\/xn--tuvozdiasporaespaola-k7b.com\/wp-content\/uploads\/2022\/09\/755832f6436cb2c521d3432d2619f6408166111486122299411.jpeg 800w, https:\/\/xn--tuvozdiasporaespaola-k7b.com\/wp-content\/uploads\/2022\/09\/755832f6436cb2c521d3432d2619f6408166111486122299411-300x179.jpeg 300w, https:\/\/xn--tuvozdiasporaespaola-k7b.com\/wp-content\/uploads\/2022\/09\/755832f6436cb2c521d3432d2619f6408166111486122299411-768x458.jpeg 768w\" sizes=\"(max-width: 800px) 100vw, 800px\" \/><figcaption class=\"wp-element-caption\">LULA Democracia &amp; BOLSONARO fasccismo <\/figcaption><\/figure>\n\n\n\n<p>Una confirmaci\u00f3n de esa tendencia consolidar\u00e1 de forma potente la llamada \u201cOla Rosada\u201d o \u201cSegunda Ola Progresista\u201d en Am\u00e9rica Latina, con el proceso iniciado por el Presidente Manuel Andr\u00e9s L\u00f3pez Obrador en M\u00e9xico en 2018, seguido por el Presidente Alberto Fern\u00e1ndez en Argentina en 2019, el Presidente Lucho Arce en Bolivia, despu\u00e9s del Golpe de Estado contra Evo Morales en 2019. Siguieron los triunfos de Gustavo Petro en Colombia 2022, de Gabriel Boric en Chile 2021, de Pedro Castillo en Per\u00fa 2021, de Xiomara Castro en Honduras (2022) entre los m\u00e1s relevantes.<br \/><br \/>Sin embargo tambi\u00e9n se produjeron derrotas en Ecuador (2021) con Guillermo Lasso y en Uruguay (2022) con Luis Lacalle Pou que desplazaron al Frente Amplio y a la coalici\u00f3n Uni\u00f3n por la Esperanza del ex presidente Correa. Las evoluciones de Nicaragua y Venezuela, deben ser objeto de otro an\u00e1lisis, as\u00ed como la situaci\u00f3n social y pol\u00edtica en la Cuba despu\u00e9s de la muerte de Fidel y la salida de Ra\u00fal Castro y la dif\u00edcil transici\u00f3n econ\u00f3mica en medio de una pandemia que le atac\u00f3 con fuerza.<br \/><br \/>En caso de Lula regresar al poder lo har\u00e1 como si fuera un Cid Campeador moderno. Una guerra de \u201cLawfare\u201d de alta intensidad, que derroc\u00f3 ilegalmente a la presidenta Dilma Roussef y encarcel\u00f3 sin bases jur\u00eddicas al presidente Lula por m\u00e1s de a\u00f1o y medio (19 meses) por un burdo caso de acusaci\u00f3n de corrupci\u00f3n sin fundamentos. Todos los cargos y acusaciones fueron eliminados por la Corte Suprema Federal de Brasil y los dem\u00e1s casos fueron sobrese\u00eddos. \u201cQuisieron encarcelar una idea y las ideas no se encarcelan\u201d afirm\u00f3 el ex presidente brasile\u00f1o al salir de prisi\u00f3n.<br \/><br \/><\/p>\n\n\n\n<figure class=\"wp-block-image size-large\"><img loading=\"lazy\" decoding=\"async\" width=\"1200\" height=\"675\" src=\"http:\/\/xn--tuvozdiasporaespaola-k7b.com\/wp-content\/uploads\/2022\/09\/noiqjulac5cirfxaglrgzrg3v4862035273568730031.jpg?w=1024\" alt=\"\" class=\"wp-image-208\" srcset=\"https:\/\/xn--tuvozdiasporaespaola-k7b.com\/wp-content\/uploads\/2022\/09\/noiqjulac5cirfxaglrgzrg3v4862035273568730031.jpg 1200w, https:\/\/xn--tuvozdiasporaespaola-k7b.com\/wp-content\/uploads\/2022\/09\/noiqjulac5cirfxaglrgzrg3v4862035273568730031-300x169.jpg 300w, https:\/\/xn--tuvozdiasporaespaola-k7b.com\/wp-content\/uploads\/2022\/09\/noiqjulac5cirfxaglrgzrg3v4862035273568730031-1024x576.jpg 1024w, https:\/\/xn--tuvozdiasporaespaola-k7b.com\/wp-content\/uploads\/2022\/09\/noiqjulac5cirfxaglrgzrg3v4862035273568730031-768x432.jpg 768w\" sizes=\"(max-width: 1200px) 100vw, 1200px\" \/><figcaption class=\"wp-element-caption\">Giro a la Izquierda el Am\u00e9rica Latina <\/figcaption><\/figure>\n\n\n\n<p>Gran parte de las conquistas logradas en los dos gobierno del PT, con Lula y Dilma, han sido desmontadas por unas pol\u00edticas ultra neoliberales del presidente Bolsonaro y su super ministro de econom\u00eda, Paulo Guedes, que unific\u00f3 bajo un mismo mando los ministerios de Hacienda, Planificaci\u00f3n, Presupuesto y Gesti\u00f3n, as\u00ed como Industrial, Comercio Exterior y Servicios y algunas \u00e1reas del ministerio de trabajo. El plan de Guedes era privatizar todo lo que se podr\u00eda privatizar, incluyendo las pensiones p\u00fablicas, y empresas claves como Petrobras y Embraer, la empresa aeron\u00e1utica m\u00e1s importante de Am\u00e9rica Latina y gran competidora a nivel mundial en los aviones de rango medio. Guedes no llevaba el plan de Bolsonaro, sino que Bolsonaro era quien apoyaba en todo las excentricidades de Paulo Guedes. El resultado ha sido un incremento desmesurado de la pobreza extrema, un negacionismo de la pandemia que hizo de Brasil el segundo pa\u00eds con m\u00e1s muertos despu\u00e9s de los Estados Unidos, incluso m\u00e1s que India, Indonesia y no decir China con poblaciones mucho mas grandes. Sin embargo, el \u201cbolsonarismo\u201d ha tenido su \u00e9xito en segmentos de las clases altas de Brasil, medias altas y en segmentos importantes de la importante comunidad de evang\u00e9licos brasile\u00f1os. De ah\u00ed viene la polarizaci\u00f3n de la campa\u00f1a y las amenazas \u2013tipo Donald Trump- de desconocer una eventual derrota o propiciar un golpe de Estado. Todo indica que el Plan Bolsonaro est\u00e1 colapsando y que Lula volver\u00e1 al Palacio de Planalto al finalizar las elecciones<\/p>\n\n\n\n<figure class=\"wp-block-image size-large\"><img loading=\"lazy\" decoding=\"async\" width=\"1500\" height=\"1000\" src=\"http:\/\/xn--tuvozdiasporaespaola-k7b.com\/wp-content\/uploads\/2022\/09\/lula-alckmin-diretrizes012310874461198732577.jpg?w=1024\" alt=\"\" class=\"wp-image-209\" srcset=\"https:\/\/xn--tuvozdiasporaespaola-k7b.com\/wp-content\/uploads\/2022\/09\/lula-alckmin-diretrizes012310874461198732577.jpg 1500w, https:\/\/xn--tuvozdiasporaespaola-k7b.com\/wp-content\/uploads\/2022\/09\/lula-alckmin-diretrizes012310874461198732577-300x200.jpg 300w, https:\/\/xn--tuvozdiasporaespaola-k7b.com\/wp-content\/uploads\/2022\/09\/lula-alckmin-diretrizes012310874461198732577-1024x683.jpg 1024w, https:\/\/xn--tuvozdiasporaespaola-k7b.com\/wp-content\/uploads\/2022\/09\/lula-alckmin-diretrizes012310874461198732577-768x512.jpg 768w\" sizes=\"(max-width: 1500px) 100vw, 1500px\" \/><figcaption class=\"wp-element-caption\">Un Frente Amplio para recuperar Esperanzas.<\/figcaption><\/figure>\n\n\n\n<p>Por\u00a0Julio Ortega Tous, Equipo Comunicaci\u00f3n de Red de C\u00edrculos Latinoam\u00e9rica,  C\u00edrculo Podemos  Rep\u00fablica Dominicana.<\/p>\n\n\n\n<p><\/p>\n\n\n\n<p>Fuentes: Acento <\/p>\n","protected":false},"excerpt":{"rendered":"<p>Gran parte de las conquistas logradas en los dos gobiernos del PT, con Lula y Dilma, han sido desmontadas por unas pol\u00edticas ultra neoliberales &#8230; <\/p>\n<p class=\"read-more-container\"><a title=\"Lula a las puertas de la Presidencia\" class=\"read-more button\" href=\"https:\/\/xn--tuvozdiasporaespaola-k7b.com\/page\/2\/lula-a-las-puertas-de-la-presidencia\/#more-210\" aria-label=\"M\u00e1s en Lula a las puertas de la Presidencia\">Leer m\u00e1s<\/a><\/p>\n","protected":false},"author":222560522,"featured_media":0,"comment_status":"open","ping_status":"open","sticky":false,"template":"","format":"standard","meta":{"footnotes":""},"categories":[1771],"tags":[],"class_list":["post-210","post","type-post","status-publish","format-standard","hentry","category-sociales"],"_links":{"self":[{"href":"https:\/\/xn--tuvozdiasporaespaola-k7b.com\/page\/2\/wp-json\/wp\/v2\/posts\/210","targetHints":{"allow":["GET"]}}],"collection":[{"href":"https:\/\/xn--tuvozdiasporaespaola-k7b.com\/page\/2\/wp-json\/wp\/v2\/posts"}],"about":[{"href":"https:\/\/xn--tuvozdiasporaespaola-k7b.com\/page\/2\/wp-json\/wp\/v2\/types\/post"}],"author":[{"embeddable":true,"href":"https:\/\/xn--tuvozdiasporaespaola-k7b.com\/page\/2\/wp-json\/wp\/v2\/users\/222560522"}],"replies":[{"embeddable":true,"href":"https:\/\/xn--tuvozdiasporaespaola-k7b.com\/page\/2\/wp-json\/wp\/v2\/comments?post=210"}],"version-history":[{"count":0,"href":"https:\/\/xn--tuvozdiasporaespaola-k7b.com\/page\/2\/wp-json\/wp\/v2\/posts\/210\/revisions"}],"wp:attachment":[{"href":"https:\/\/xn--tuvozdiasporaespaola-k7b.com\/page\/2\/wp-json\/wp\/v2\/media?parent=210"}],"wp:term":[{"taxonomy":"category","embeddable":true,"href":"https:\/\/xn--tuvozdiasporaespaola-k7b.com\/page\/2\/wp-json\/wp\/v2\/categories?post=210"},{"taxonomy":"post_tag","embeddable":true,"href":"https:\/\/xn--tuvozdiasporaespaola-k7b.com\/page\/2\/wp-json\/wp\/v2\/tags?post=210"}],"curies":[{"name":"wp","href":"https:\/\/api.w.org\/{rel}","templated":true}]}}