{"id":2017,"date":"2023-05-16T00:55:07","date_gmt":"2023-05-16T03:55:07","guid":{"rendered":"https:\/\/xn--tuvozdiasporaespaola-k7b.com\/?p=2017"},"modified":"2023-05-16T00:55:09","modified_gmt":"2023-05-16T03:55:09","slug":"extremadura-se-moviliza-en-el-exterior","status":"publish","type":"post","link":"https:\/\/xn--tuvozdiasporaespaola-k7b.com\/page\/2\/extremadura-se-moviliza-en-el-exterior\/","title":{"rendered":"EXTREMADURA se moviliza\u00a0 en el\u00a0 Exterior"},"content":{"rendered":"\n<p>Este lunes salimos con otro evento de campa\u00f1a, junto a&nbsp;<strong>Irene de Miguel candidara a la Presidencia de Extremadura<\/strong>&nbsp;y&nbsp;<strong>Nerea Fern\u00e1ndez candidata a Diputada&nbsp;<\/strong>en un encuentro organizado por Podemos Exterior e IU Exterior ???<\/p>\n\n\n\n<p>Podr\u00e9is seguirlo en nuestro canal de Youtube el lunes a las 20,00 de Espa\u00f1a .<\/p>\n\n\n\n<p><a href=\"https:\/\/youtube.com\/@podemosexterior3687\">https:\/\/youtube.com\/@podemosexterior3687<\/a><\/p>\n\n\n\n<p>Cuatro a\u00f1os despu\u00e9s, a\u00f1os de mayor\u00eda absoluta socialista en Extremadura que no han supuesto grandes cambios, porque como ya es costumbre en esta tierra, muchas son las propuestas, los proyectos y los anuncios, pero muy pocos los que terminan llev\u00e1ndose a cabo. Y, por si fuera poco, las crisis globales, las causadas por pandemias, guerras y escasez de recursos, esas nos est\u00e1n afectando igual que a todas. As\u00ed que, \u00bfc\u00f3mo estamos cuatro a\u00f1os despu\u00e9s? Igual o peor.<\/p>\n\n\n\n<figure class=\"wp-block-image\"><img decoding=\"async\" src=\"https:\/\/i0.wp.com\/tuvozrevistalatinoamericana.link\/wp-content\/uploads\/2023\/05\/screenshot_20230514_020813_telegram2519018396630304640-1024x1024.jpg?strip=info&amp;quality=65&amp;resize=946,946&amp;ssl=1\" alt=\"\"\/><\/figure>\n\n\n\n<p>En este acto se tratar\u00e1n temas para la doaspora tan importantes como Pol\u00edticas de Retorno como: Dar prioridad ante las escandalosas cifras de extreme\u00f1os y Estreme\u00f1as que se ven forzadas a emigrar de nuestra regi\u00f3n por falta de oportunidades a las pol\u00edticas p\u00fablicas encaminadas a favorecer el retorno de los m\u00e1s de 32.000 que residen en el extranjero.<br>Desarrollando un estudio para ver las causas de esa emigraci\u00f3n y facilitar propuestas para el Retorno integral tanto de asesoramiento como de acompa\u00f1amiento ya sea para contrataciones por cuenta ajena o ayudas a los emprendedores.<\/p>\n\n\n\n<figure class=\"wp-block-embed is-type-rich is-provider-twitter wp-block-embed-twitter\"><div class=\"wp-block-embed__wrapper\">\n<blockquote class=\"twitter-tweet\" data-width=\"550\" data-dnt=\"true\"><p lang=\"es\" dir=\"ltr\">800 medidas para transformar nuestra tierra y colocarla en el lugar que se merece. <br><br>?Pod\u00e9is conocerlo aqu\u00ed: <a href=\"https:\/\/t.co\/zsOI6XFAfb\">https:\/\/t.co\/zsOI6XFAfb<\/a><\/p>&mdash; Irene de Miguel (@Irenirima) <a href=\"https:\/\/twitter.com\/Irenirima\/status\/1656974653225590784?ref_src=twsrc%5Etfw\">May 12, 2023<\/a><\/blockquote><script async src=\"https:\/\/platform.twitter.com\/widgets.js\" charset=\"utf-8\"><\/script>\n<\/div><\/figure>\n\n\n\n<p><br>Las pol\u00edticas de retorno tienen que ser una garant\u00eda de servicio integra y para ello tiene que estar desarrollada de una estrategia de participaci\u00f3n de todos los actores que operan facilitar las acciones pertinentes.<br>Incentivos, ayudas sociales, salud, convenios educativos asi como potenciamiento de los centros de Extreme\u00f1os en el exterior son prioridades para facilitar la presencia del gobierno en el exterior as\u00ed como garantia de proteccion de nuestra vida cultural y de raices, propuestas necesarias para la diaspora de Extremadura en el exterior.<\/p>\n\n\n\n<p>Redacci\u00f3n Revista TU VOZ, Argentina<\/p>\n","protected":false},"excerpt":{"rendered":"<p>Este lunes salimos con otro evento de campa\u00f1a, junto a&nbsp;Irene de Miguel candidara a la Presidencia de Extremadura&nbsp;y&nbsp;Nerea Fern\u00e1ndez candidata a Diputada&nbsp;en un encuentro &#8230; <\/p>\n<p class=\"read-more-container\"><a title=\"EXTREMADURA se moviliza\u00a0 en el\u00a0 Exterior\" class=\"read-more button\" href=\"https:\/\/xn--tuvozdiasporaespaola-k7b.com\/page\/2\/extremadura-se-moviliza-en-el-exterior\/#more-2017\" aria-label=\"M\u00e1s en EXTREMADURA se moviliza\u00a0 en el\u00a0 Exterior\">Leer m\u00e1s<\/a><\/p>\n","protected":false},"author":222560522,"featured_media":1674,"comment_status":"open","ping_status":"open","sticky":false,"template":"","format":"standard","meta":{"footnotes":""},"categories":[1771],"tags":[],"class_list":["post-2017","post","type-post","status-publish","format-standard","has-post-thumbnail","hentry","category-sociales","resize-featured-image"],"_links":{"self":[{"href":"https:\/\/xn--tuvozdiasporaespaola-k7b.com\/page\/2\/wp-json\/wp\/v2\/posts\/2017","targetHints":{"allow":["GET"]}}],"collection":[{"href":"https:\/\/xn--tuvozdiasporaespaola-k7b.com\/page\/2\/wp-json\/wp\/v2\/posts"}],"about":[{"href":"https:\/\/xn--tuvozdiasporaespaola-k7b.com\/page\/2\/wp-json\/wp\/v2\/types\/post"}],"author":[{"embeddable":true,"href":"https:\/\/xn--tuvozdiasporaespaola-k7b.com\/page\/2\/wp-json\/wp\/v2\/users\/222560522"}],"replies":[{"embeddable":true,"href":"https:\/\/xn--tuvozdiasporaespaola-k7b.com\/page\/2\/wp-json\/wp\/v2\/comments?post=2017"}],"version-history":[{"count":0,"href":"https:\/\/xn--tuvozdiasporaespaola-k7b.com\/page\/2\/wp-json\/wp\/v2\/posts\/2017\/revisions"}],"wp:featuredmedia":[{"embeddable":true,"href":"https:\/\/xn--tuvozdiasporaespaola-k7b.com\/page\/2\/wp-json\/wp\/v2\/media\/1674"}],"wp:attachment":[{"href":"https:\/\/xn--tuvozdiasporaespaola-k7b.com\/page\/2\/wp-json\/wp\/v2\/media?parent=2017"}],"wp:term":[{"taxonomy":"category","embeddable":true,"href":"https:\/\/xn--tuvozdiasporaespaola-k7b.com\/page\/2\/wp-json\/wp\/v2\/categories?post=2017"},{"taxonomy":"post_tag","embeddable":true,"href":"https:\/\/xn--tuvozdiasporaespaola-k7b.com\/page\/2\/wp-json\/wp\/v2\/tags?post=2017"}],"curies":[{"name":"wp","href":"https:\/\/api.w.org\/{rel}","templated":true}]}}