{"id":201,"date":"2022-09-22T21:22:48","date_gmt":"2022-09-23T00:22:48","guid":{"rendered":"https:\/\/xn--tuvozdiasporaespaola-k7b.com\/2022\/09\/22\/la-ideologia-de-la-comunicacion-burbuja-en-un-mundo-que-es-finalmente-redondo\/"},"modified":"2022-09-22T22:07:44","modified_gmt":"2022-09-23T01:07:44","slug":"la-ideologia-de-la-comunicacion-burbuja-en-un-mundo-que-es-finalmente-redondo","status":"publish","type":"post","link":"https:\/\/xn--tuvozdiasporaespaola-k7b.com\/page\/2\/la-ideologia-de-la-comunicacion-burbuja-en-un-mundo-que-es-finalmente-redondo\/","title":{"rendered":"La\u00a0IDEOLOGIA\u00a0de la\u00a0COMUNICACI\u00d3N BURBUJA \u00a0en un mundo que es finalmente redondo."},"content":{"rendered":"\n<p>Los faros con que iluminan nuestra dimensi\u00f3n digital son poderosos y est\u00e1n sincronizados. Apuntan a cada sujeto recogiendo informaci\u00f3n en el rebote de la onda, para programar el pr\u00f3ximo disparo. Ideolog\u00eda, cultura, hegemon\u00eda, civilizaci\u00f3n, son referencias al pensarnos en este mundo globalizado.<\/p>\n\n\n\n<p>\u201cIntentan consolidar su hegemon\u00eda cultural mediante el secuestro de nuestras subjetividades, promoviendo la ideolog\u00eda del odio con comunicaci\u00f3n de grado militar para anular la voluntad del soberano. Optimizaron sus procesos de apropiaci\u00f3n con tecnolog\u00eda algor\u00edtmica, pero&nbsp;<strong>ahora movemos nosotros<\/strong>\u201c, nos dice&nbsp;<strong>Pablo Sercovich<\/strong>.<\/p>\n\n\n\n<blockquote class=\"wp-block-quote is-layout-flow wp-block-quote-is-layout-flow\">\n<p>La ideolog\u00eda de&nbsp;<strong>la comunicaci\u00f3n burbuja es un obst\u00e1culo sistem\u00e1tico al conocimiento&nbsp;<\/strong>porque se basa en la construcci\u00f3n de un&nbsp;<strong>r\u00e9gimen de verdad personalizado<\/strong>, que condiciona el sentido de realidad, explotando los prejuicios y el miedo, para consolidar&nbsp;<strong>la cultura global del odio, la censura y la anulaci\u00f3n del otro como soporte de un proceso de acumulaci\u00f3n inviable<\/strong>.Pablo Sercovic<\/p>\n<\/blockquote>\n\n\n\n<p>Los algoritmos les permitieron optimizar sus procesos y someter a la poblaci\u00f3n como nunca antes, apropi\u00e1ndose ahora de todo, amparados por la legalidad vigente y sus aspiradoras \u00faltimo modelo.<\/p>\n\n\n\n<p>En Argentina, 65% a 35% es el reparto entre el capital transnacional y la poblaci\u00f3n econ\u00f3micamente activa\u2026 y la cosa va a peor, porque sin ejercer el derecho de participaci\u00f3n, ninguno de los derechos anteriormente conquistados podr\u00e1 ser garantizado frente al poder concentrado.<\/p>\n\n\n\n<p>Es por \u00e9sto que el&nbsp;<strong>Ingreso Universal&nbsp;<\/strong>hace temblar el universo. porque es la posibilidad de<strong>&nbsp;democratizar la dignidad<\/strong>&nbsp;en un proceso de redistribuci\u00f3n medible (los n\u00fameros son n\u00fameros) que permita fortalecer al estado y las pol\u00edticas p\u00fablicas de inclusi\u00f3n que se necesitan con urgencia.<\/p>\n\n\n\n<figure class=\"wp-block-image size-large\"><img fetchpriority=\"high\" decoding=\"async\" width=\"340\" height=\"340\" src=\"http:\/\/xn--tuvozdiasporaespaola-k7b.com\/wp-content\/uploads\/2022\/09\/personas-en-situacion-de-calle___0glaogo8o_340x340__11792942624532775350.jpg?w=340\" alt=\"\" class=\"wp-image-198\" srcset=\"https:\/\/xn--tuvozdiasporaespaola-k7b.com\/wp-content\/uploads\/2022\/09\/personas-en-situacion-de-calle___0glaogo8o_340x340__11792942624532775350.jpg 340w, https:\/\/xn--tuvozdiasporaespaola-k7b.com\/wp-content\/uploads\/2022\/09\/personas-en-situacion-de-calle___0glaogo8o_340x340__11792942624532775350-300x300.jpg 300w, https:\/\/xn--tuvozdiasporaespaola-k7b.com\/wp-content\/uploads\/2022\/09\/personas-en-situacion-de-calle___0glaogo8o_340x340__11792942624532775350-150x150.jpg 150w\" sizes=\"(max-width: 340px) 100vw, 340px\" \/><figcaption class=\"wp-element-caption\">Argentina un pa\u00eds con Pobreza Extrema <\/figcaption><\/figure>\n\n\n\n<p>Necesitamos profundizar en una&nbsp;<strong>Teor\u00eda General del PlusValor&nbsp;<\/strong>para la Argentina, cruzando toda la informaci\u00f3n del flujo econ\u00f3mico, la de todos los sectores, para analizarlo cient\u00edficamente, construyendo<strong>&nbsp;con trazabilidad, un algoritmo del pueblo que garantice&nbsp;<\/strong>un<strong>&nbsp;Ingreso Universal&nbsp;<\/strong>para&nbsp;<strong>democratizar la dignidad<\/strong>.Pablo Sercovich<\/p>\n\n\n\n<figure class=\"wp-block-image size-large\"><img decoding=\"async\" width=\"1024\" height=\"678\" src=\"http:\/\/xn--tuvozdiasporaespaola-k7b.com\/wp-content\/uploads\/2022\/09\/renta-basica-ya-1024x678431352239525062582-1.jpg?w=1024\" alt=\"\" class=\"wp-image-199\" srcset=\"https:\/\/xn--tuvozdiasporaespaola-k7b.com\/wp-content\/uploads\/2022\/09\/renta-basica-ya-1024x678431352239525062582-1.jpg 1024w, https:\/\/xn--tuvozdiasporaespaola-k7b.com\/wp-content\/uploads\/2022\/09\/renta-basica-ya-1024x678431352239525062582-1-300x199.jpg 300w, https:\/\/xn--tuvozdiasporaespaola-k7b.com\/wp-content\/uploads\/2022\/09\/renta-basica-ya-1024x678431352239525062582-1-768x509.jpg 768w\" sizes=\"(max-width: 1024px) 100vw, 1024px\" \/><\/figure>\n\n\n\n<p>El PlusValor es todo el valor producido socialmente por encima del valor de su fuerza de trabajo\u2026 y sus procesos de apropiaci\u00f3n. Los economistas tienen ideolog\u00eda, que es la de quienes les pagan. Es por esto que la informaci\u00f3n est\u00e1 siempre fragmentada. Tal vez este planteo que rescata&nbsp;<strong>Sercovich<\/strong>&nbsp;en la comunicaci\u00f3n que mantuvimos, sea la clave del \u00e9xito para este mundo indefenso.&nbsp;<strong>El amor vence<\/strong>, termina diciendo e invita a enamorarse del proceso multisectorial para librar la madre de todas las batallas por la&nbsp;<strong>dignidad humana<\/strong>, utilizando las autopistas del amor y toda otra emoci\u00f3n positiva para tensar el origami con nuestra ideolog\u00eda, hasta organizarnos para dar el gran paso por la conquista del derecho a un&nbsp;<strong>Ingreso Universal<\/strong>.<\/p>\n\n\n\n<figure class=\"wp-block-image size-large\"><img decoding=\"async\" width=\"1080\" height=\"1059\" src=\"http:\/\/xn--tuvozdiasporaespaola-k7b.com\/wp-content\/uploads\/2022\/09\/screenshot_20220922-220555_gallery2260849405304580885.jpg?w=1024\" alt=\"\" class=\"wp-image-203\" srcset=\"https:\/\/xn--tuvozdiasporaespaola-k7b.com\/wp-content\/uploads\/2022\/09\/screenshot_20220922-220555_gallery2260849405304580885.jpg 1080w, https:\/\/xn--tuvozdiasporaespaola-k7b.com\/wp-content\/uploads\/2022\/09\/screenshot_20220922-220555_gallery2260849405304580885-300x294.jpg 300w, https:\/\/xn--tuvozdiasporaespaola-k7b.com\/wp-content\/uploads\/2022\/09\/screenshot_20220922-220555_gallery2260849405304580885-1024x1004.jpg 1024w, https:\/\/xn--tuvozdiasporaespaola-k7b.com\/wp-content\/uploads\/2022\/09\/screenshot_20220922-220555_gallery2260849405304580885-768x753.jpg 768w\" sizes=\"(max-width: 1080px) 100vw, 1080px\" \/><figcaption class=\"wp-element-caption\">Pablo Sercovich\u00a0estudi\u00f3 sociolog\u00eda en la\u00a0Universidad de Buenos Aires\u00a0y fue becado por la\u00a0Fondazione per la Pace e la Cooperazione Internazionale Alcide De Gasperi\u00a0para continuar sus estudios en la\u00a0Sapienza, Univerit\u00e1 di Roma\u00a0. En su actividad p\u00fablica en Argentina, en 2019 fue precandidato a\u00a0Senador Nacional\u00a0y preside actualmente la Asociaci\u00f3n Civil\u00a0Argentina en Red, es co-coordinador de la\u00a0Comisi\u00f3n de Inclusi\u00f3n y Desarrollo Social del Instituto PATRIA\u00a0y coordina la\u00a0Multisectorial por el Ingreso Universal. Cofundador De Podemos Argentina <\/figcaption><\/figure>\n\n\n\n<p>Francisco L\u00f3pez . Equipo Comunicaci\u00f3n Red de C\u00edrculos Podemos Latinoam\u00e9rica .<\/p>\n\n\n\n<p>FUENTE : Argentina en Red y Agencia Paco Uraondo  <\/p>\n\n\n\n<p><\/p>\n\n\n\n<p><\/p>\n","protected":false},"excerpt":{"rendered":"<p>Los faros con que iluminan nuestra dimensi\u00f3n digital son poderosos y est\u00e1n sincronizados. Apuntan a cada sujeto recogiendo informaci\u00f3n en el rebote de la &#8230; <\/p>\n<p class=\"read-more-container\"><a title=\"La\u00a0IDEOLOGIA\u00a0de la\u00a0COMUNICACI\u00d3N BURBUJA \u00a0en un mundo que es finalmente redondo.\" class=\"read-more button\" href=\"https:\/\/xn--tuvozdiasporaespaola-k7b.com\/page\/2\/la-ideologia-de-la-comunicacion-burbuja-en-un-mundo-que-es-finalmente-redondo\/#more-201\" aria-label=\"M\u00e1s en La\u00a0IDEOLOGIA\u00a0de la\u00a0COMUNICACI\u00d3N BURBUJA \u00a0en un mundo que es finalmente redondo.\">Leer m\u00e1s<\/a><\/p>\n","protected":false},"author":222560522,"featured_media":0,"comment_status":"open","ping_status":"open","sticky":false,"template":"","format":"standard","meta":{"footnotes":""},"categories":[1771],"tags":[],"class_list":["post-201","post","type-post","status-publish","format-standard","hentry","category-sociales"],"_links":{"self":[{"href":"https:\/\/xn--tuvozdiasporaespaola-k7b.com\/page\/2\/wp-json\/wp\/v2\/posts\/201","targetHints":{"allow":["GET"]}}],"collection":[{"href":"https:\/\/xn--tuvozdiasporaespaola-k7b.com\/page\/2\/wp-json\/wp\/v2\/posts"}],"about":[{"href":"https:\/\/xn--tuvozdiasporaespaola-k7b.com\/page\/2\/wp-json\/wp\/v2\/types\/post"}],"author":[{"embeddable":true,"href":"https:\/\/xn--tuvozdiasporaespaola-k7b.com\/page\/2\/wp-json\/wp\/v2\/users\/222560522"}],"replies":[{"embeddable":true,"href":"https:\/\/xn--tuvozdiasporaespaola-k7b.com\/page\/2\/wp-json\/wp\/v2\/comments?post=201"}],"version-history":[{"count":0,"href":"https:\/\/xn--tuvozdiasporaespaola-k7b.com\/page\/2\/wp-json\/wp\/v2\/posts\/201\/revisions"}],"wp:attachment":[{"href":"https:\/\/xn--tuvozdiasporaespaola-k7b.com\/page\/2\/wp-json\/wp\/v2\/media?parent=201"}],"wp:term":[{"taxonomy":"category","embeddable":true,"href":"https:\/\/xn--tuvozdiasporaespaola-k7b.com\/page\/2\/wp-json\/wp\/v2\/categories?post=201"},{"taxonomy":"post_tag","embeddable":true,"href":"https:\/\/xn--tuvozdiasporaespaola-k7b.com\/page\/2\/wp-json\/wp\/v2\/tags?post=201"}],"curies":[{"name":"wp","href":"https:\/\/api.w.org\/{rel}","templated":true}]}}