{"id":2001,"date":"2023-05-16T00:21:45","date_gmt":"2023-05-16T03:21:45","guid":{"rendered":"https:\/\/xn--tuvozdiasporaespaola-k7b.com\/?p=2001"},"modified":"2023-05-18T21:30:44","modified_gmt":"2023-05-19T00:30:44","slug":"madrid-necesita-justicia-social","status":"publish","type":"post","link":"https:\/\/xn--tuvozdiasporaespaola-k7b.com\/page\/2\/madrid-necesita-justicia-social\/","title":{"rendered":"\u201cMADRID NECESITA JUSTICIA SOCIAL\u201d"},"content":{"rendered":"\n<p>La secci\u00f3n <strong>\u201cLa Entrevista\u201d del programa radiof\u00f3nico \u201cCenizas de Babilonia- Di\u00e1spora Espa\u00f1ola\u201d, que conducen Roberto San Mart\u00edn y Francisco L\u00f3pez en AM 830 Radio del Pueblo, tuvo como invitada a la candidata de Podemos a la Asamblea de Madrid, Paloma Garc\u00eda Villa <\/strong>y fue entrevistada por Roberto San Mart\u00edn.<\/p>\n\n\n\n<figure class=\"wp-block-gallery has-nested-images columns-default is-cropped wp-block-gallery-1 is-layout-flex wp-block-gallery-is-layout-flex\">\n<figure class=\"wp-block-image size-large\"><img fetchpriority=\"high\" decoding=\"async\" width=\"1024\" height=\"576\" data-id=\"2002\" src=\"https:\/\/xn--tuvozdiasporaespaola-k7b.com\/wp-content\/uploads\/2023\/05\/1cc8ba26-b96f-4c42-b475-c2a89251dc2d_alta-libre-aspect-ratio_default_0-1024x576.jpg\" alt=\"\" class=\"wp-image-2002\" srcset=\"https:\/\/xn--tuvozdiasporaespaola-k7b.com\/wp-content\/uploads\/2023\/05\/1cc8ba26-b96f-4c42-b475-c2a89251dc2d_alta-libre-aspect-ratio_default_0-1024x576.jpg 1024w, https:\/\/xn--tuvozdiasporaespaola-k7b.com\/wp-content\/uploads\/2023\/05\/1cc8ba26-b96f-4c42-b475-c2a89251dc2d_alta-libre-aspect-ratio_default_0-300x169.jpg 300w, https:\/\/xn--tuvozdiasporaespaola-k7b.com\/wp-content\/uploads\/2023\/05\/1cc8ba26-b96f-4c42-b475-c2a89251dc2d_alta-libre-aspect-ratio_default_0-768x432.jpg 768w, https:\/\/xn--tuvozdiasporaespaola-k7b.com\/wp-content\/uploads\/2023\/05\/1cc8ba26-b96f-4c42-b475-c2a89251dc2d_alta-libre-aspect-ratio_default_0.jpg 1200w\" sizes=\"(max-width: 1024px) 100vw, 1024px\" \/><\/figure>\n<\/figure>\n\n\n\n<p>Actual Diputada que, tal como ella misma afirma,<strong> \u201cintenta hacer pol\u00edticas p\u00fablicas desde la oposici\u00f3n y para los de abajo\u201d<\/strong> Activista social, especialmente del movimiento feminista y&nbsp; LGTBI, Paloma Garc\u00eda Villa estudi\u00f3 Periodismo y Derecho, siempre con la mirada puesta en la pol\u00edtica como herramienta de cambio. \u201c<strong>En el proyecto de Podemos se cree que los partidos pol\u00edticos pueden ser una herramienta para empoderar a la ciudadan\u00eda. Es un partido valiente que se ha construido en muy poco tiempo y hemos conseguido incluso gobernar en el Estado Espa\u00f1ol y entrar en un gobierno de coalici\u00f3n, algo que nadie se hubiera podido imaginar\u201d,<\/strong> asegura. <strong>\u201cCreo que en la Comunidad de Madrid tambi\u00e9n nos merecemos la oportunidad de tener gobiernos progresistas, de coalici\u00f3n, en donde se avance en derechos, se deje atr\u00e1s este Madrid tan hostil para vecinos y vecinas a quienes los est\u00e1n condenando las pol\u00edticas de derecha. Necesitamos que se hagan leyes que defienda a las mayor\u00edas, a los de abajo. Y es por eso que estoy en pol\u00edtica\u201d<\/strong>. \u201cComo diputada soy la portavoz de Pol\u00edticas Sociales en mi grupo parlamentario de Unidas Podemos, tambi\u00e9n portavoz de pol\u00edticas integrales en el \u00e1rea de discapacidad, tambi\u00e9n portavoz de mujer, llev\u00e9 en la legislatura anterior la Comisi\u00f3n de Investigaci\u00f3n de la Residencia donde el <strong>Partido Popular firm\u00f3 esos protocolos que hac\u00edan que no se derivasen a las personas mayores a las residencias. <\/strong>Mi participaci\u00f3n en esa comisi\u00f3n jam\u00e1s se me olvidar\u00e1 y creo que me ha cambiado la vida. Dentro del partido estoy en la Ejecutiva de la Comunidad de Madrid, y soy la responsable de pol\u00edticas feministas y LGTBI\u201d.<\/p>\n\n\n\n<p><strong>El pr\u00f3ximo 28 de mayo se celebrar\u00e1n en algunas Comunidades Aut\u00f3nomas elecciones a sus parlamentos, al igual que se celebrar\u00e1n elecciones municipales. \u00bfCu\u00e1les son los puntos program\u00e1ticos m\u00e1s relevantes que ofrec\u00e9is a los ciudadanos madrile\u00f1os?<\/strong><\/p>\n\n\n\n<p><em>En Podemos hemos hecho un programa que est\u00e1 consensuado con Izquierda Unida y con la Alianza Verde, es la candidatura de la izquierda, por as\u00ed decirlo, en la Comunidad de Madrid. Este programa tiene como foco los servicios p\u00fablicos, porque en la Comunidad de Madrid es lo que est\u00e1n destrozando las pol\u00edticas de derechas de la presidenta Ayuso. Se est\u00e1n cargando la Sanidad P\u00fablica, la Educaci\u00f3n P\u00fablica, que ahora mismo hay m\u00e1s escuela Concertada que P\u00fablica en Madrid. En Sanidad, m\u00e1s de la mitad de los madrile\u00f1os se ha tenido que hacer un seguro privado porque la presidenta del PP funciona como comercial de las empresas privadas y de los colegios privados, m\u00e1s que de gestora de lo p\u00fablico. Queremos defender a nuestros mayores despu\u00e9s de todo lo que han pasado en pandemia y de que la situaci\u00f3n no haya mejorado para nada en las residencias de las personas mayores. La empresa p\u00fablica de cuidados nos parece important\u00edsima para cuidar a los ni\u00f1os y ni\u00f1as, a las personas mayores; para que esa responsabilidad del cuidado no caiga siempre en los hombros de las mujeres de manera totalmente invisible y gratuita, y que se corresponsabilicen tanto mujeres como hombres. Para ello ha sido fundamental el Ministerio de Igualdad, que tambi\u00e9n lo tiene Podemos en el Gobierno de Espa\u00f1a con su plan corresponsable, los cuidadores est\u00e1n absolutamente en el centro como no pod\u00eda ser de otra manera por las pol\u00edticas feministas que ya hemos empezado a llevar a cabo desde el Gobierno de Espa\u00f1a pero que muchas tienen que llegar a las comunidades aut\u00f3nomas y por tanto Madrid no puede esperar m\u00e1s para poderlas realizar, como por ejemplo la nueva Ley del Aborto, como es la nueva Ley Trans. Por lo tanto, servicios p\u00fablicos, sanidad p\u00fablica, educaci\u00f3n p\u00fablica, residencias p\u00fablicas, asistencia de cuidados p\u00fablicas y lucha contra la exclusi\u00f3n social y contra la desigualdad. La Comunidad de Madrid es una de las m\u00e1s ricas de los territorios del Estado Espa\u00f1ol, pero en cambio es de las m\u00e1s desiguales. Los ricos son muy ricos y los pobres son muy pobres. Hay mucha diferencia de unos barrios a otros barrios, de unos municipios a otros, de los servicios que presta la propia administraci\u00f3n. Tenemos un plan de equilibrio territorial para que se tengan condiciones dignas. El programa es muy extenso pero va encaminado a eso, a que haya m\u00e1s justicia social para que Madrid sea una comunidad feminista que est\u00e9 a favor de los derechos de las mujeres, para que siga siendo un orgullo por derechos LGTBI en todo el mundo, para que sigamos avanzando y para que todo el mundo tenga su acceso a la sanidad, a la educaci\u00f3n, a los servicios sociales, a los cuidados de manera gratuita, justa e igualitaria<\/em>\u00ab.<\/p>\n\n\n\n<figure class=\"wp-block-gallery has-nested-images columns-default is-cropped wp-block-gallery-2 is-layout-flex wp-block-gallery-is-layout-flex\">\n<figure class=\"wp-block-image size-large\"><img decoding=\"async\" width=\"1024\" height=\"683\" data-id=\"2003\" src=\"https:\/\/xn--tuvozdiasporaespaola-k7b.com\/wp-content\/uploads\/2023\/05\/fotonoticia_20210607181107_1200-1024x683.jpg\" alt=\"\" class=\"wp-image-2003\" srcset=\"https:\/\/xn--tuvozdiasporaespaola-k7b.com\/wp-content\/uploads\/2023\/05\/fotonoticia_20210607181107_1200-1024x683.jpg 1024w, https:\/\/xn--tuvozdiasporaespaola-k7b.com\/wp-content\/uploads\/2023\/05\/fotonoticia_20210607181107_1200-300x200.jpg 300w, https:\/\/xn--tuvozdiasporaespaola-k7b.com\/wp-content\/uploads\/2023\/05\/fotonoticia_20210607181107_1200-768x512.jpg 768w, https:\/\/xn--tuvozdiasporaespaola-k7b.com\/wp-content\/uploads\/2023\/05\/fotonoticia_20210607181107_1200.jpg 1200w\" sizes=\"(max-width: 1024px) 100vw, 1024px\" \/><figcaption class=\"wp-element-caption\">06-07-2020 Paloma Garc\u00eda Villa (Unidas Podemos) tras ser elegida secretaria en la Comisi\u00f3n de Investigaci\u00f3n sobre la situaci\u00f3n provocada por la covid-19 en los centros residenciales de personas mayores durante su sesi\u00f3n constitutiva en la Asamblea de Madrid <\/figcaption><\/figure>\n<\/figure>\n\n\n\n<p><strong>\u00bfQu\u00e9 posibilidades hay de que el progresismo saque del sill\u00f3n de mando a la derecha?<\/strong><\/p>\n\n\n\n<p><em>Yo creo que Ayuso es una mujer muy inteligente. A m\u00ed no me gusta, no comparto para nada sus ideas. Las encuestas se definen el d\u00eda del voto, pero yo creo que el PP en la Comunidad de Madrid lleva casi treinta a\u00f1os demostrando que su gesti\u00f3n es la de acabar con todo lo p\u00fablico. Han convertido a la comunidad en una selva para el turismo. Puede tener cosas buenas, pero para la gente que vive aqu\u00ed, que trabaja todos los d\u00edas, que madruga, que vive en un barrio humilde, pues la vida en Madrid es bastante dura. No te dan los servicios que necesitar\u00eda una persona para poder vivir con dignidad. No te dan una buena atenci\u00f3n sanitaria, no te dan una buena educaci\u00f3n para tus hijos, no te dan cuidados de las personas dependientes o con discapacidad. Todo se lo dan a las grandes empresas, a los fondos buitre; es como un gobernar sin gobernar, es gobierno pero no gestiona. Le dan todo a empresas privadas que a su vez le devuelven los favores y quienes salen perjudicados son los ciudadanos y ciudadanas, pero como llevan treinta a\u00f1os gobernando tendr\u00e1n sus expectativas de seguir, pero yo creo que ha llegado el momento de que en la Comunidad de Madrid haya un cambio. No pueden estar treinta a\u00f1os gobernando un mismo partito, y m\u00e1s cuando vemos las consecuencias de que lo est\u00e1n haciendo mal. Se puede contraponer muy f\u00e1cilmente lo que est\u00e1 haciendo el PP, c\u00f3mo gestion\u00f3, por ejemplo, la crisis del Covid, la crisis de las residencias, a c\u00f3mo lo ha gestionado el Gobierno de Espa\u00f1a, que es totalmente diferente; un gobierno de coalici\u00f3n que lo ha hecho bastante bien. Hemos aumentado el 130 por ciento del presupuesto en el tema de la dependencia, se ha subido el salario, hay m\u00e1s empleo que nunca en Espa\u00f1a, con m\u00e1s cotizantes en la Seguridad Social, ha habido leyes important\u00edsimas, la \u00faltima de ellas es la Ley de Vivienda que nos parece fundamental, constituir que la vivienda es un derecho, como la propia Constituci\u00f3n lo dice en el art\u00edculo 47, y no un bien especulativo, de mercado; leyes feministas, como la de Solo Si es Si, con sus reacciones tanto judiciales como medi\u00e1ticas, pero ah\u00ed est\u00e1 ley que es integral y da muchos derechos a las mujeres v\u00edctimas de violencia sexual; la modificaci\u00f3n de la ley del aborto, la nueva ley trans y por los derechos de las personas LGTBI que creemos que fue pionera en el mundo y en muy poco tiempo se ha avanzado much\u00edsimo y en cambio en Madrid es justo lo contrario, es como que nos hemos quedado en otro tiempo m\u00e1s ochenta, noventa, en donde el recorte de derechos es cada vez mayor. Y por lo tanto yo deseo que el 28 de mayo la gente de Madrid crean que ya ha sido suficiente con treinta a\u00f1os del PP y perciban que quiz\u00e1s un gobierno como tenemos en el Estado nos ir\u00eda mejor a todos y todas.<\/em><\/p>\n\n\n\n<figure class=\"wp-block-gallery has-nested-images columns-default is-cropped wp-block-gallery-3 is-layout-flex wp-block-gallery-is-layout-flex\">\n<figure class=\"wp-block-image size-large\"><img decoding=\"async\" width=\"933\" height=\"1024\" data-id=\"2004\" src=\"https:\/\/xn--tuvozdiasporaespaola-k7b.com\/wp-content\/uploads\/2023\/05\/Screenshot_20230512_175919_Google-933x1024.jpg\" alt=\"\" class=\"wp-image-2004\" srcset=\"https:\/\/xn--tuvozdiasporaespaola-k7b.com\/wp-content\/uploads\/2023\/05\/Screenshot_20230512_175919_Google-933x1024.jpg 933w, https:\/\/xn--tuvozdiasporaespaola-k7b.com\/wp-content\/uploads\/2023\/05\/Screenshot_20230512_175919_Google-273x300.jpg 273w, https:\/\/xn--tuvozdiasporaespaola-k7b.com\/wp-content\/uploads\/2023\/05\/Screenshot_20230512_175919_Google-768x843.jpg 768w, https:\/\/xn--tuvozdiasporaespaola-k7b.com\/wp-content\/uploads\/2023\/05\/Screenshot_20230512_175919_Google-1024x1124.jpg 1024w, https:\/\/xn--tuvozdiasporaespaola-k7b.com\/wp-content\/uploads\/2023\/05\/Screenshot_20230512_175919_Google.jpg 1074w\" sizes=\"(max-width: 933px) 100vw, 933px\" \/><\/figure>\n<\/figure>\n\n\n\n<p>Con la derogaci\u00f3n del voto rogado se prev\u00e9 un incremento en la participaci\u00f3n electoral fuera de nuestras fronteras. \u00bfHay algo previsto por Podemos Madrid en cuanto a reuniones o actos fuera de Espa\u00f1a?<\/p>\n\n\n\n<p><em>El voto rogado fue una aspiraci\u00f3n que ten\u00edamos desde el principio y que por fin se ha conseguido para que por fin las personas que viven en el extranjero puedan votar, que no solamente es bueno para ellos o para ellas, sino para la democracia en s\u00ed misma; para que todo el mundo pueda tener acceso al voto que nos iguala a todos el d\u00eda de las elecciones y que fue posible gracias a los trabajos de Podemos Exterior entre otras.<\/em><\/p>\n\n\n\n<p>En Madrid las propuestas presentadas para la&nbsp; di\u00e1spora madrile\u00f1a van&nbsp; en la consonancia de las reclamadas desde Podemos Exterior y el Consejo General de la Ciudadan\u00eda Espa\u00f1ola en el Exterior, en materia de pol\u00edticas integrales de Retorno o&nbsp; vivienda que contemplen a&nbsp; esos madrile\u00f1os retornados as\u00ed como una comunidad presente en materias de Educaci\u00f3n y inquietudes sociales a la vez que apoyo a las personas que sufren&nbsp; violencia de g\u00e9nero y retornan por estos motivos. Madrid tiene que ser comunidad receptora y presente en todas las necesidades de la di\u00e1spora Madrile\u00f1a sus j\u00f3venes y mayores que tuvieron que emigrar.<\/p>\n\n\n\n<p> por Walter Medina. Redacci\u00f3n Revista TU VOZ. Argentina.<\/p>\n","protected":false},"excerpt":{"rendered":"<p>La secci\u00f3n \u201cLa Entrevista\u201d del programa radiof\u00f3nico \u201cCenizas de Babilonia- Di\u00e1spora Espa\u00f1ola\u201d, que conducen Roberto San Mart\u00edn y Francisco L\u00f3pez en AM 830 Radio &#8230; <\/p>\n<p class=\"read-more-container\"><a title=\"\u201cMADRID NECESITA JUSTICIA SOCIAL\u201d\" class=\"read-more button\" href=\"https:\/\/xn--tuvozdiasporaespaola-k7b.com\/page\/2\/madrid-necesita-justicia-social\/#more-2001\" aria-label=\"M\u00e1s en \u201cMADRID NECESITA JUSTICIA SOCIAL\u201d\">Leer m\u00e1s<\/a><\/p>\n","protected":false},"author":222560522,"featured_media":2002,"comment_status":"open","ping_status":"open","sticky":false,"template":"","format":"standard","meta":{"footnotes":""},"categories":[121853],"tags":[],"class_list":["post-2001","post","type-post","status-publish","format-standard","has-post-thumbnail","hentry","category-elecciones","resize-featured-image"],"_links":{"self":[{"href":"https:\/\/xn--tuvozdiasporaespaola-k7b.com\/page\/2\/wp-json\/wp\/v2\/posts\/2001","targetHints":{"allow":["GET"]}}],"collection":[{"href":"https:\/\/xn--tuvozdiasporaespaola-k7b.com\/page\/2\/wp-json\/wp\/v2\/posts"}],"about":[{"href":"https:\/\/xn--tuvozdiasporaespaola-k7b.com\/page\/2\/wp-json\/wp\/v2\/types\/post"}],"author":[{"embeddable":true,"href":"https:\/\/xn--tuvozdiasporaespaola-k7b.com\/page\/2\/wp-json\/wp\/v2\/users\/222560522"}],"replies":[{"embeddable":true,"href":"https:\/\/xn--tuvozdiasporaespaola-k7b.com\/page\/2\/wp-json\/wp\/v2\/comments?post=2001"}],"version-history":[{"count":0,"href":"https:\/\/xn--tuvozdiasporaespaola-k7b.com\/page\/2\/wp-json\/wp\/v2\/posts\/2001\/revisions"}],"wp:featuredmedia":[{"embeddable":true,"href":"https:\/\/xn--tuvozdiasporaespaola-k7b.com\/page\/2\/wp-json\/wp\/v2\/media\/2002"}],"wp:attachment":[{"href":"https:\/\/xn--tuvozdiasporaespaola-k7b.com\/page\/2\/wp-json\/wp\/v2\/media?parent=2001"}],"wp:term":[{"taxonomy":"category","embeddable":true,"href":"https:\/\/xn--tuvozdiasporaespaola-k7b.com\/page\/2\/wp-json\/wp\/v2\/categories?post=2001"},{"taxonomy":"post_tag","embeddable":true,"href":"https:\/\/xn--tuvozdiasporaespaola-k7b.com\/page\/2\/wp-json\/wp\/v2\/tags?post=2001"}],"curies":[{"name":"wp","href":"https:\/\/api.w.org\/{rel}","templated":true}]}}