{"id":20,"date":"2022-08-20T00:50:27","date_gmt":"2022-08-20T03:50:27","guid":{"rendered":"https:\/\/xn--tuvozdiasporaespaola-k7b.com\/?p=20"},"modified":"2022-08-20T00:50:28","modified_gmt":"2022-08-20T03:50:28","slug":"expolio-de-propiedades-de-centros-gallegos-en-latinoamerica-y-compra-de-voluntades-mediante-corrupcion-de-sus-dirigentes-negocios-clandestinos","status":"publish","type":"post","link":"https:\/\/xn--tuvozdiasporaespaola-k7b.com\/page\/2\/expolio-de-propiedades-de-centros-gallegos-en-latinoamerica-y-compra-de-voluntades-mediante-corrupcion-de-sus-dirigentes-negocios-clandestinos\/","title":{"rendered":"\u00abEXPOLIO DE PROPIEDADES de CENTROS GALLEGOS en LATINOAM\u00c9RICA y compra de VOLUNTADES MEDIANTE CORRUPCI\u00d3N DE SUS DIRIGENTES , NEGOCIOS CLANDESTINOS \u00ab"},"content":{"rendered":"\n<p>Desde la Red de C\u00edrculos de Podemos Latinoam\u00e9rica\u00a0 Podemos exterior queremos manifestar lo siguiente:<br><br><br>\u00a0\u00a0Nuestra inquietud y Preocupaci\u00f3n ante la derogaci\u00f3n del voto rogado\u00a0 y las pol\u00edticas\u00a0 poco transparentes de los Gobiernos Auton\u00f3micos en poder del\u00a0 PP en el exterior\u00a0 y su compra de voluntades pol\u00edticas a trav\u00e9s de subvenciones\u00a0 practicadas o bien de forma\u00a0 directa\u00a0 o mediante conexiones con fundaciones subvencionadas con dinero\u00a0 P\u00fablico.<br><br><br>Hay que recordar que el anterior presidente de la Xunta de Galicia\u00a0 se\u00f1or Feij\u00f3o\u00a0 no tiene muy buena trayectoria Democr\u00e1tica y de transparencia, ya desde\u00a0 31 de marzo de 2013\u00a0 la prensa revel\u00f3 la amistad que Feij\u00f3o mantuvo durante a\u00f1os, en la d\u00e9cada de los noventa, con Marcial Dorado, entonces conocido contrabandista y posteriormente condenado por narcotr\u00e1fico,\u00a0 probaban una amistad duradera entre el pol\u00edtico popular y el contrabandista y revivieron toda una \u00e9poca de connivencia entre el PP y las actividades delictivas en la costa gallegas ,sin aclarar los posibles contratos entre empresas de Dorado y el Servicio Galego de Sa\u00fade.<br><br><br>Hay que recordar\u00a0 tambi\u00e9n que los principales medios de comunicaci\u00f3n gallegos, se compran sus voluntades a trav\u00e9s de pautas publicitarias\u00a0 por el gobierno del Partido Popular.<br><br><br>Una Galicia oficial\u00a0 con un sistema de medios de comunicaci\u00f3n condicionado en el sector privado por la publicidad y el reparto discrecional de dinero de la Xunta y en el sector p\u00fablico por el control pol\u00edtico de la CRTVG.<br><br><br>Como puede verse en el Diario Oficial de Galicia la distribuci\u00f3n de las ayudas directas a los medios de comunicaci\u00f3n desde el\u00a0 2015\u00a0 donde un 10% de los fondos que la Xunta destina anualmente a los medios en r\u00e9gimen de concurrencia no competitiva,(lo que implica que se conceden las subvenciones atendiendo al orden de llegada de las solicitudes o se realiza un reparto proporcional entre todas las solicitudes o sea, ni siquiera es un concurso p\u00fablico al uso).<br><br>As\u00ed que podemos suponer que el resto 90% \u00a0 se asignan simplemente a dedo.<br><br>Destacan La Voz de Galicia, S.A, Faro de Vigo, S.A.,\u00a0 y El Progreso de Lugo, S.L., con 1 Estos son tres de los peri\u00f3dicos m\u00e1s le\u00eddos en Galicia, y en el Exterior dos publicaciones , Espa\u00f1a Exterior y Cr\u00f3nicas de la Emigraci\u00f3n ( subvencionados\u00a0 con amplio\u00a0 protagonismo publicitario de la Xunta de Galicia , Castilla y Le\u00f3n,\u00a0 etc\u2026) que por otra parte, han obviado hablar del desv\u00edo de fondos p\u00fablicos para publicidad del Partido Popular en el gobierno en a\u00f1os electorales.<br><br>Esta situaci\u00f3n es intolerable y demuestra hasta qu\u00e9 punto existe una connivencia del poder del PP y Feij\u00f3o antes en Galicia y ahora al frente del PP nacional.\u00a0<br><br><br>No solamente existe est\u00e1 compra de voluntades y corruptelas hay que tirar de hemerotecas:<br><br>.-El proceso de fusi\u00f3n de las Cajas Gallegas\u00a0 impulsado por Feijoo,( el cual las saneo con dinero P\u00fablico)\u00a0 acab\u00f3 con la venta de estas a precio de saldo a un Banco venezolano, Banesco, con un patrimonio neto muy inferior a la entidad que compraba del se\u00f1or Escotet, el due\u00f1o venezolano que\u00a0 declar\u00f3 un beneficio de 1.157 millones . (Es decir, en el primer ejercicio recuper\u00f3 con creces lo que le cost\u00f3 el banco). Desde su compra acumula 3.000 millones de beneficios\u00a0 (la mayor\u00eda parlamentaria del PP tiene congelada la Comisi\u00f3n de Investigaci\u00f3n sobre la fusi\u00f3n de las cajas gallegas desde el a\u00f1o 2013 sin permitir nuevas comparecencias, informaci\u00f3n ni emitir las conclusiones).<br><br><br>.-Otros ejemplos\u00a0 la AP9,\u00a0 que fue privatizada por el gobierno de Aznar en el a\u00f1o 2004, despu\u00e9s de ser saneada con dinero p\u00fablico, con Feijoo de Conselleiro de Pol\u00edtica Territorial con una concesi\u00f3n hasta 2048, AUDASA, a partir de una infraestructura sin competencia posible, que factura anualmente unos 145 millones, obteniendo el 50% de beneficios antes de impuestos.<br><br><br>.-La privatizaci\u00f3n de\u00a0 ENDESA, siendo una empresa p\u00fablica rentable y sin competencia posible, fue el partido del se\u00f1or Feijoo.<br><br><br>.- Tambi\u00e9n le abri\u00f3 m\u00e1s la puerta al negocio de la sanidad privada, que anunci\u00f3 en 2019, que en Galicia hab\u00eda alcanzado la mayor cuota de mercado de la historia. En cuanto a los mayores no se cre\u00f3, en 11 a\u00f1os, ni una sola plaza de residencia p\u00fablica de gesti\u00f3n directa a pesar de que Galicia est\u00e1 muy por debajo de la media estatal en plazas.\u00a0<br><br><br>.- Corrupci\u00f3n\u00a0 de como ex-conselleiros lideran empresas del sector e\u00f3lico que pasan por encima de los derechos de los habitantes del rural, del patrimonio natural, cultural o paisaj\u00edstico para incrementar un negocio que ya factura m\u00e1s de 600 millones anuales, de los que son beneficiarios bancos, fondos buitre, constructoras o el\u00e9ctricas.<br><br><br>\u00a0O la empresa que dirige la hermana de Feij\u00f3o en Galicia\u00a0 que recibi\u00f3 adjudicaciones r\u00e9cord de la Xunta antes de ascenderla(Micaela N\u00fa\u00f1ez Feij\u00f3o fue nombrada directora de Eulen para el noroeste de Espa\u00f1a en el 2016, despu\u00e9s de que la administraci\u00f3n gallega asignar\u00e1 a las firmas del grupo contratos por valor de m\u00e1s de 6,2 millones)<br><br><br>Con estos ejemplos, y muchos otros que se vienen repitiendo, vemos que el \u00fanico programa del Se\u00f1or Feijoo en Galicia y ahora al presentarse en Espa\u00f1a\u00a0 es el sistem\u00e1tico saqueo econ\u00f3mico de las bases del desarrollo.\u00a0<br><br>As\u00ed podr\u00edamos seguir con innumerables\u00a0 casos, pero como dir\u00eda el Se\u00f1or FEIJ\u00d3O\u00a0 \u00absolo son pillines con pillerias\u00bb<br><br><br>En el Exterior nos preocupan con esta trayectorias de corrupci\u00f3n y compra de voluntades.<br><br>Ejemplos: Irregularidades en la gesti\u00f3n de la mutualista Casa de Galicia, cuya liquidaci\u00f3n fue decretada por el gobierno de Luis Lacalle Pou. Los hechos rese\u00f1ados vienen del siglo anterior avalados con una poco clara gesti\u00f3n que\u00a0 se verifica desde 2006 bajo la presidencia de Alberto N\u00fa\u00f1ez Feij\u00f3o, tambi\u00e9n integrante del Partido Popular gallego.<br><br>En el centro de la trama se ubica el inter\u00e9s de empresarios gallegos, junto con alg\u00fan uruguayo, de acceder a la valiosa propiedad de unos 4.500 m2 que Casa de Galicia posee en avenida 18 de Julio 1471 casi Barrios Amor\u00edn de Montevideo, valorada en 24 millones de euros. All\u00ed se preve\u00eda construir un hotel\u00a0<br><br>\u00a1CASUALIDAD! aparece nuevamente el banquero venezolano Juan Carlos Escotet como eje de la financiaci\u00f3n , radicado en Espa\u00f1a y fundador de Banesco, (deb\u00eda favores muy importantes a N\u00fa\u00f1ez Feij\u00f3o, presidente del gobierno gallego) la financiaci\u00f3n del proyecto de Casa de Galicia la cual\u00a0 se har\u00eda con falsos cr\u00e9ditos otorgados por ABANCA , instituci\u00f3n bancaria que le fuera adjudicada a Escotet por el presidente de la Xunta de Galicia.<br><br><br>Otro caso ya en\u00a0 el oto\u00f1o de 2009\u00a0 en Argentina el Gobierno gallego present\u00f3 una propuesta de nueva gesti\u00f3n para hacer frente al importante d\u00e9ficit. Fue un intento por privatizar el CGBA y una actitud por parte de los cargos p\u00fablicos, en especial del entonces secretario general de Emigraci\u00f3n, Santiago Camba, que los emigrantes calificaron de \u201cmafiosa y chantajista\u201d.<br><br>Con lo que lo de Uruguay no es algo nuevo.<br><br><br>Si parte de la di\u00e1spora afectada estuviera en Galicia, muy probablemente estar\u00eda luchando contra el fraude de los centros DomusVi, Pemex, la sanidad en la di\u00e1spora\u00a0 etc\u2026<br><br><br>TRANSPARENCIA en el CONSEJO DE CUENTAS DE GALICIA \u00aben plazo\u00bb y que se incorpore al portal de transparencia la informaci\u00f3n relativa a los fondos europeos y ayudas a medios del Exterior y Centros.\u00a0<br><br>Solo en Buenos Aires, hasta hace no mucho la ciudad m\u00e1s grande de Residentes Gallegos \u00a0 existen\u00a0 m\u00e1s de cuarenta centros gallegos. Cada uno con nombres ya no de ayuntamientos o comarcas, sino incluso de parroquias.<br><br>CLIENTELISMO \u00a0 con frases como c\u00f3mo ?habr\u00e1 comida\u00a0 gratis despu\u00e9s del acto? en las elecciones a los Consejos\u00a0 de Residentes\u00a0 Espa\u00f1oles en Avellaneda centro de Votaci\u00f3n en la casa de Galicia.<br><br>Las ayudas se deben dar\u00a0 con transparencia y son Ayudas Institucionales no compra de Voluntades con Favores Rec\u00edprocos.\u00a0<br><br>Ante la\u00a0 derogaci\u00f3n del voto Rogado hay que estar atentos a estas pr\u00e1cticas y combatirlas m\u00e1s ahora sabiendo que el Se\u00f1or FEIJ\u00d3O esta al frente del PP.<br><br>Y solicitar\u00a0 m\u00e1s que nunca transparencia y que no se utilize los Centros de Espa\u00f1oles como herramienta para comprar voluntades a los mercenarios de turno y estar atenta la colectividad espa\u00f1ola de estos centros\u00a0 a los intentos de posibles manipulaciones por parte del PP\u00a0 y EXPOLIOS INMOBILIARIOS\u00a0 en toda Latinoam\u00e9rica a trav\u00e9s de sus empleados a sueldo financiado por fundaciones subvencionadas por los Gobiernos del PP en Castilla y Le\u00f3n\u00a0 o Galicia.<br><br><br>Equipo Comunicaci\u00f3n\u00a0 Red de C\u00edrculos de Latinoam\u00e9rica<br><br><\/p>\n\n\n\n<figure class=\"wp-block-image size-large\"><img fetchpriority=\"high\" decoding=\"async\" width=\"962\" height=\"599\" src=\"http:\/\/xn--tuvozdiasporaespaola-k7b.com\/wp-content\/uploads\/2022\/08\/screenshot_20220807-224235_chrome.jpg?w=962\" alt=\"\" class=\"wp-image-18\" srcset=\"https:\/\/xn--tuvozdiasporaespaola-k7b.com\/wp-content\/uploads\/2022\/08\/screenshot_20220807-224235_chrome.jpg 962w, https:\/\/xn--tuvozdiasporaespaola-k7b.com\/wp-content\/uploads\/2022\/08\/screenshot_20220807-224235_chrome-300x187.jpg 300w, https:\/\/xn--tuvozdiasporaespaola-k7b.com\/wp-content\/uploads\/2022\/08\/screenshot_20220807-224235_chrome-768x478.jpg 768w\" sizes=\"(max-width: 962px) 100vw, 962px\" \/><\/figure>\n\n\n\n<figure class=\"wp-block-image\"><img decoding=\"async\" width=\"1140\" height=\"760\" src=\"http:\/\/xn--tuvozdiasporaespaola-k7b.com\/wp-content\/uploads\/2022\/08\/casagaliciaweb1.jpg?w=1024\" alt=\"\" class=\"wp-image-19\" srcset=\"https:\/\/xn--tuvozdiasporaespaola-k7b.com\/wp-content\/uploads\/2022\/08\/casagaliciaweb1.jpg 1140w, https:\/\/xn--tuvozdiasporaespaola-k7b.com\/wp-content\/uploads\/2022\/08\/casagaliciaweb1-300x200.jpg 300w, https:\/\/xn--tuvozdiasporaespaola-k7b.com\/wp-content\/uploads\/2022\/08\/casagaliciaweb1-1024x683.jpg 1024w, https:\/\/xn--tuvozdiasporaespaola-k7b.com\/wp-content\/uploads\/2022\/08\/casagaliciaweb1-768x512.jpg 768w\" sizes=\"(max-width: 1140px) 100vw, 1140px\" \/><\/figure>\n","protected":false},"excerpt":{"rendered":"<p>Desde la Red de C\u00edrculos de Podemos Latinoam\u00e9rica\u00a0 Podemos exterior queremos manifestar lo siguiente: \u00a0\u00a0Nuestra inquietud y Preocupaci\u00f3n ante la derogaci\u00f3n del voto rogado\u00a0 &#8230; <\/p>\n<p class=\"read-more-container\"><a title=\"\u00abEXPOLIO DE PROPIEDADES de CENTROS GALLEGOS en LATINOAM\u00c9RICA y compra de VOLUNTADES MEDIANTE CORRUPCI\u00d3N DE SUS DIRIGENTES , NEGOCIOS CLANDESTINOS \u00ab\" class=\"read-more button\" href=\"https:\/\/xn--tuvozdiasporaespaola-k7b.com\/page\/2\/expolio-de-propiedades-de-centros-gallegos-en-latinoamerica-y-compra-de-voluntades-mediante-corrupcion-de-sus-dirigentes-negocios-clandestinos\/#more-20\" aria-label=\"M\u00e1s en \u00abEXPOLIO DE PROPIEDADES de CENTROS GALLEGOS en LATINOAM\u00c9RICA y compra de VOLUNTADES MEDIANTE CORRUPCI\u00d3N DE SUS DIRIGENTES , NEGOCIOS CLANDESTINOS \u00ab\">Leer m\u00e1s<\/a><\/p>\n","protected":false},"author":222560522,"featured_media":0,"comment_status":"open","ping_status":"open","sticky":false,"template":"","format":"standard","meta":{"footnotes":""},"categories":[1771],"tags":[],"class_list":["post-20","post","type-post","status-publish","format-standard","hentry","category-sociales"],"_links":{"self":[{"href":"https:\/\/xn--tuvozdiasporaespaola-k7b.com\/page\/2\/wp-json\/wp\/v2\/posts\/20","targetHints":{"allow":["GET"]}}],"collection":[{"href":"https:\/\/xn--tuvozdiasporaespaola-k7b.com\/page\/2\/wp-json\/wp\/v2\/posts"}],"about":[{"href":"https:\/\/xn--tuvozdiasporaespaola-k7b.com\/page\/2\/wp-json\/wp\/v2\/types\/post"}],"author":[{"embeddable":true,"href":"https:\/\/xn--tuvozdiasporaespaola-k7b.com\/page\/2\/wp-json\/wp\/v2\/users\/222560522"}],"replies":[{"embeddable":true,"href":"https:\/\/xn--tuvozdiasporaespaola-k7b.com\/page\/2\/wp-json\/wp\/v2\/comments?post=20"}],"version-history":[{"count":0,"href":"https:\/\/xn--tuvozdiasporaespaola-k7b.com\/page\/2\/wp-json\/wp\/v2\/posts\/20\/revisions"}],"wp:attachment":[{"href":"https:\/\/xn--tuvozdiasporaespaola-k7b.com\/page\/2\/wp-json\/wp\/v2\/media?parent=20"}],"wp:term":[{"taxonomy":"category","embeddable":true,"href":"https:\/\/xn--tuvozdiasporaespaola-k7b.com\/page\/2\/wp-json\/wp\/v2\/categories?post=20"},{"taxonomy":"post_tag","embeddable":true,"href":"https:\/\/xn--tuvozdiasporaespaola-k7b.com\/page\/2\/wp-json\/wp\/v2\/tags?post=20"}],"curies":[{"name":"wp","href":"https:\/\/api.w.org\/{rel}","templated":true}]}}