{"id":1995,"date":"2023-05-15T23:54:47","date_gmt":"2023-05-16T02:54:47","guid":{"rendered":"https:\/\/xn--tuvozdiasporaespaola-k7b.com\/?p=1995"},"modified":"2023-05-15T23:54:50","modified_gmt":"2023-05-16T02:54:50","slug":"podemos-abre-su-campana-del-28m-en-el-exterior-con-actos-en-berlin-mensaje-a-la-diaspora-de-ione-belarra-y-cubriendo-la-mayoria-de-paises-de-residencia-de-la-emigracion-espanola","status":"publish","type":"post","link":"https:\/\/xn--tuvozdiasporaespaola-k7b.com\/page\/2\/podemos-abre-su-campana-del-28m-en-el-exterior-con-actos-en-berlin-mensaje-a-la-diaspora-de-ione-belarra-y-cubriendo-la-mayoria-de-paises-de-residencia-de-la-emigracion-espanola\/","title":{"rendered":"Podemos, abre su Campa\u00f1a del 28M en el Exterior con actos en Berl\u00edn, mensaje a la di\u00e1spora de Ione Belarra y cubriendo la mayor\u00eda de pa\u00edses de residencia de la emigraci\u00f3n espa\u00f1ola"},"content":{"rendered":"\n<p>El pasado  12 de mayo ha tenido lugar el despegue de la Campa\u00f1a Elecciones 28M en el Exterior desde las candidaturas de Podemos en las 12 Comunidades Aut\u00f3nomas con procesos convocados, con la mira puesta en mantener e incluso aumentar los gobiernos progresistas de coalici\u00f3n actuales, tras los buenos datos de la pre-campa\u00f1a y las recientes encuestas que sit\u00faan a la formaci\u00f3n como tercera fuerza electoral en el Estado Espa\u00f1ol.<\/p>\n\n\n\n<p>La Campa\u00f1a que llevar\u00e1 como <strong>lema \u201cValent\u00eda para Transformar, tambi\u00e9n desde el Exterior\u201d<\/strong> ya ha tenido un amplio despegue de pre-campa\u00f1a en numerosas ciudades de <strong>Argentina (Buenos Aires, Rosario, Tucum\u00e1n y La Plata ), Alemania o Reino Unido<\/strong>, principal residencia de la emigraci\u00f3n de casi todas las Comunidades Aut\u00f3nomas.<\/p>\n\n\n\n<figure class=\"wp-block-embed is-type-rich is-provider-twitter wp-block-embed-twitter\"><div class=\"wp-block-embed__wrapper\">\n<blockquote class=\"twitter-tweet\" data-width=\"550\" data-dnt=\"true\"><p lang=\"es\" dir=\"ltr\">En el exterior apela a tus ra\u00edces de Espa\u00f1a, movilizate vota progresista por ti, tus abuelos y tus derechos, para que nunca te los saquen e  ir por m\u00e1s, Retorno, Nacionalidad, Derechos Sociales y Salud, para seguir transformando y no dejar tu tierra. <a href=\"https:\/\/twitter.com\/hashtag\/ValentiaParaTransformar28M?src=hash&amp;ref_src=twsrc%5Etfw\">#ValentiaParaTransformar28M<\/a> <a href=\"https:\/\/t.co\/IIBfyv7z5h\">pic.twitter.com\/IIBfyv7z5h<\/a><\/p>&mdash; RED C\u00cdRCULOS PODEMOS LATINOAMERICA (@RedPodemosLatam) <a href=\"https:\/\/twitter.com\/RedPodemosLatam\/status\/1657362489271566337?ref_src=twsrc%5Etfw\">May 13, 2023<\/a><\/blockquote><script async src=\"https:\/\/platform.twitter.com\/widgets.js\" charset=\"utf-8\"><\/script>\n<\/div><\/figure>\n\n\n\n<p>El <strong>despliegue de equipos de Campa\u00f1a y Mesas informativas a los votantes de nacionalidad espa\u00f1ola en el exterior cubrir\u00e1 26 paises de Am\u00e9rica, Europa y Asia que representan el 93%<\/strong> del territorio en donde reside habitualmente la tradicional y nueva emigraci\u00f3n espa\u00f1ola.<\/p>\n\n\n\n<figure class=\"wp-block-embed is-type-rich is-provider-twitter wp-block-embed-twitter\"><div class=\"wp-block-embed__wrapper\">\n<blockquote class=\"twitter-tweet\" data-width=\"550\" data-dnt=\"true\"><p lang=\"es\" dir=\"ltr\">En Argentina informando de las elecciones Auton\u00f3micas y les cadidates en la puerta del Consulado de Espa\u00f1a, donde 800 personas cada d\u00eda hacen cola para ser atendidas, que nadie se quede sin informaci\u00f3n sobre <a href=\"https:\/\/twitter.com\/hashtag\/LaFuerzaQueTransforma?src=hash&amp;ref_src=twsrc%5Etfw\">#LaFuerzaQueTransforma<\/a> <a href=\"https:\/\/t.co\/3NdbbyXwIq\">pic.twitter.com\/3NdbbyXwIq<\/a><\/p>&mdash; Podemos Argentina Prov. (@PodemosBA_Prov) <a href=\"https:\/\/twitter.com\/PodemosBA_Prov\/status\/1656729811899891713?ref_src=twsrc%5Etfw\">May 11, 2023<\/a><\/blockquote><script async src=\"https:\/\/platform.twitter.com\/widgets.js\" charset=\"utf-8\"><\/script>\n<\/div><\/figure>\n\n\n\n<p>De esta forma la <strong>Coalici\u00f3n Unidas Podemos se confirma como la de mayor presencia e implantaci\u00f3n de las fuerzas progresistas fuera de Espa\u00f1a y cuyo trabajo pretende asesorar y garantizar la validez del voto de todos los electores reforzando la voz de la di\u00e1spora en sus territorios de origen<\/strong>.A las 19h del d\u00eda 12 se ha llevo a cabo en Berl\u00edn el primer Acto de Campa\u00f1a a cargo del diputado y representante de la direcci\u00f3n nacional de Podemos, <strong>Rafael Mayoral, quien ha disertado sobre los logros en estos 4 a\u00f1os de las pol\u00edticas de Unidas Podemos en gobiernos regionales y multitud de municipios<\/strong>.<\/p>\n\n\n\n<figure class=\"wp-block-embed is-type-rich is-provider-twitter wp-block-embed-twitter\"><div class=\"wp-block-embed__wrapper\">\n<blockquote class=\"twitter-tweet\" data-width=\"550\" data-dnt=\"true\"><p lang=\"es\" dir=\"ltr\">Estos d\u00edas hay que decir 2 cosas: no votes contra ti mismo y vota por nosotros pero incluy\u00e9ndote a ti, en primera persona del plural. Invitamos a la gente del Exterior a ser factor de cambio, porque en estas elecciones va a poder levantar una papeleta y decir que s\u00ed se puede. <a href=\"https:\/\/t.co\/5WvrMW0Msy\">pic.twitter.com\/5WvrMW0Msy<\/a><\/p>&mdash; Rafa Mayoral (@MayoralRafa) <a href=\"https:\/\/twitter.com\/MayoralRafa\/status\/1657338268021604357?ref_src=twsrc%5Etfw\">May 13, 2023<\/a><\/blockquote><script async src=\"https:\/\/platform.twitter.com\/widgets.js\" charset=\"utf-8\"><\/script>\n<\/div><\/figure>\n\n\n\n<p>A las 20h la <strong>Secretaria General de Podemos, Ione Belarra, ha dirigido un mensaje a la emigraci\u00f3n espa\u00f1ola, <\/strong>felicit\u00e1ndose por la supresi\u00f3n del voto rogado, y llamando a impulsar las pol\u00edticas valientes desde los gobiernos auton\u00f3micos y municipales, como son la protecci\u00f3n de la sanidad p\u00fablica o la garant\u00eda del derecho a la vivienda ampli\u00e1ndola tras la aprobaci\u00f3n de la nueva ley estatal y sumando su voto al cambio.<\/p>\n\n\n\n<figure class=\"wp-block-embed is-type-rich is-provider-twitter wp-block-embed-twitter\"><div class=\"wp-block-embed__wrapper\">\n<blockquote class=\"twitter-tweet\" data-width=\"550\" data-dnt=\"true\"><p lang=\"es\" dir=\"ltr\">Este <a href=\"https:\/\/twitter.com\/hashtag\/28M?src=hash&amp;ref_src=twsrc%5Etfw\">#28M<\/a> tenemos una cita muy importante. ??<br>Estemos donde estemos, nuestro voto cuenta y puede significar el cambio que necesitan nuestros territorios.<br> <br>??Escucha estas palabras de nuestra Secretaria General <a href=\"https:\/\/twitter.com\/ionebelarra?ref_src=twsrc%5Etfw\">@ionebelarra<\/a>.<a href=\"https:\/\/twitter.com\/hashtag\/ValentiaParaTransformar?src=hash&amp;ref_src=twsrc%5Etfw\">#ValentiaParaTransformar<\/a> <a href=\"https:\/\/twitter.com\/hashtag\/TransformandoDesdeElExterior?src=hash&amp;ref_src=twsrc%5Etfw\">#TransformandoDesdeElExterior<\/a> <a href=\"https:\/\/t.co\/7uiOnaQjey\">pic.twitter.com\/7uiOnaQjey<\/a><\/p>&mdash; Podemos Exterior (@podemosexterior) <a href=\"https:\/\/twitter.com\/podemosexterior\/status\/1657083218296983553?ref_src=twsrc%5Etfw\">May 12, 2023<\/a><\/blockquote><script async src=\"https:\/\/platform.twitter.com\/widgets.js\" charset=\"utf-8\"><\/script>\n<\/div><\/figure>\n\n\n\n<p>As\u00ed mismo se han previsto conversatorios unitarios con <strong>candidatas de Podemos e IU en diversas Comunidades Aut\u00f3nomas, como Extremadura, Canarias y Baleares y<\/strong> el domingo 14 se llevar\u00e1 a cabo un Debate por el Canal de Twitch \u201cDi\u00e1spora Espa\u00f1ola\u201d con portavoces de las 6 candidaturas auton\u00f3micas que participan en Gobiernos de Coalici\u00f3n progresistas en Espa\u00f1a, para hacer balance de los cuatro a\u00f1os de legislatura y dar a conocer las nuevas propuestas para 2023-2027.<\/p>\n\n\n\n<figure class=\"wp-block-gallery has-nested-images columns-default is-cropped wp-block-gallery-1 is-layout-flex wp-block-gallery-is-layout-flex\">\n<figure class=\"wp-block-image size-large\"><img fetchpriority=\"high\" decoding=\"async\" width=\"958\" height=\"985\" data-id=\"1996\" src=\"https:\/\/xn--tuvozdiasporaespaola-k7b.com\/wp-content\/uploads\/2023\/05\/Screenshot_20230515_234553_WordPress.jpg\" alt=\"\" class=\"wp-image-1996\" srcset=\"https:\/\/xn--tuvozdiasporaespaola-k7b.com\/wp-content\/uploads\/2023\/05\/Screenshot_20230515_234553_WordPress.jpg 958w, https:\/\/xn--tuvozdiasporaespaola-k7b.com\/wp-content\/uploads\/2023\/05\/Screenshot_20230515_234553_WordPress-292x300.jpg 292w, https:\/\/xn--tuvozdiasporaespaola-k7b.com\/wp-content\/uploads\/2023\/05\/Screenshot_20230515_234553_WordPress-768x790.jpg 768w\" sizes=\"(max-width: 958px) 100vw, 958px\" \/><\/figure>\n<figcaption class=\"blocks-gallery-caption wp-element-caption\">Mesas informativas en campa\u00f1a Argentina ( Buenos Aires y Tucum\u00e1n) Londres y Berl\u00edn.<\/figcaption><\/figure>\n\n\n\n<p><\/p>\n","protected":false},"excerpt":{"rendered":"<p>El pasado 12 de mayo ha tenido lugar el despegue de la Campa\u00f1a Elecciones 28M en el Exterior desde las candidaturas de Podemos en &#8230; <\/p>\n<p class=\"read-more-container\"><a title=\"Podemos, abre su Campa\u00f1a del 28M en el Exterior con actos en Berl\u00edn, mensaje a la di\u00e1spora de Ione Belarra y cubriendo la mayor\u00eda de pa\u00edses de residencia de la emigraci\u00f3n espa\u00f1ola\" class=\"read-more button\" href=\"https:\/\/xn--tuvozdiasporaespaola-k7b.com\/page\/2\/podemos-abre-su-campana-del-28m-en-el-exterior-con-actos-en-berlin-mensaje-a-la-diaspora-de-ione-belarra-y-cubriendo-la-mayoria-de-paises-de-residencia-de-la-emigracion-espanola\/#more-1995\" aria-label=\"M\u00e1s en Podemos, abre su Campa\u00f1a del 28M en el Exterior con actos en Berl\u00edn, mensaje a la di\u00e1spora de Ione Belarra y cubriendo la mayor\u00eda de pa\u00edses de residencia de la emigraci\u00f3n espa\u00f1ola\">Leer m\u00e1s<\/a><\/p>\n","protected":false},"author":222560522,"featured_media":1998,"comment_status":"open","ping_status":"open","sticky":false,"template":"","format":"standard","meta":{"footnotes":""},"categories":[121853,1771],"tags":[],"class_list":["post-1995","post","type-post","status-publish","format-standard","has-post-thumbnail","hentry","category-elecciones","category-sociales","resize-featured-image"],"_links":{"self":[{"href":"https:\/\/xn--tuvozdiasporaespaola-k7b.com\/page\/2\/wp-json\/wp\/v2\/posts\/1995","targetHints":{"allow":["GET"]}}],"collection":[{"href":"https:\/\/xn--tuvozdiasporaespaola-k7b.com\/page\/2\/wp-json\/wp\/v2\/posts"}],"about":[{"href":"https:\/\/xn--tuvozdiasporaespaola-k7b.com\/page\/2\/wp-json\/wp\/v2\/types\/post"}],"author":[{"embeddable":true,"href":"https:\/\/xn--tuvozdiasporaespaola-k7b.com\/page\/2\/wp-json\/wp\/v2\/users\/222560522"}],"replies":[{"embeddable":true,"href":"https:\/\/xn--tuvozdiasporaespaola-k7b.com\/page\/2\/wp-json\/wp\/v2\/comments?post=1995"}],"version-history":[{"count":0,"href":"https:\/\/xn--tuvozdiasporaespaola-k7b.com\/page\/2\/wp-json\/wp\/v2\/posts\/1995\/revisions"}],"wp:featuredmedia":[{"embeddable":true,"href":"https:\/\/xn--tuvozdiasporaespaola-k7b.com\/page\/2\/wp-json\/wp\/v2\/media\/1998"}],"wp:attachment":[{"href":"https:\/\/xn--tuvozdiasporaespaola-k7b.com\/page\/2\/wp-json\/wp\/v2\/media?parent=1995"}],"wp:term":[{"taxonomy":"category","embeddable":true,"href":"https:\/\/xn--tuvozdiasporaespaola-k7b.com\/page\/2\/wp-json\/wp\/v2\/categories?post=1995"},{"taxonomy":"post_tag","embeddable":true,"href":"https:\/\/xn--tuvozdiasporaespaola-k7b.com\/page\/2\/wp-json\/wp\/v2\/tags?post=1995"}],"curies":[{"name":"wp","href":"https:\/\/api.w.org\/{rel}","templated":true}]}}