{"id":1972,"date":"2023-05-15T22:17:40","date_gmt":"2023-05-16T01:17:40","guid":{"rendered":"https:\/\/xn--tuvozdiasporaespaola-k7b.com\/?p=1972"},"modified":"2023-05-15T22:17:42","modified_gmt":"2023-05-16T01:17:42","slug":"15m-el-inicio-de-la-transformacion","status":"publish","type":"post","link":"https:\/\/xn--tuvozdiasporaespaola-k7b.com\/page\/2\/15m-el-inicio-de-la-transformacion\/","title":{"rendered":"15M el inicio de la Transformaci\u00f3n."},"content":{"rendered":"\n<p>Tal d\u00eda como hoy de hace 12 a\u00f1os naci\u00f3 el Movimiento 15-M, tambi\u00e9n llamado movimiento de los indignados, un movimiento ciudadano formado&nbsp; por diversos colectivos, donde despu\u00e9s de que varios grupos de personas decidieran acampar en plazas de diferentes ciudades de Espa\u00f1a esa noche de forma espont\u00e1nea, se produjeron una serie de protestas pac\u00edficas en Espa\u00f1a, con la intenci\u00f3n de promover una democracia m\u00e1s participativa alejada del bipartidismo PSOE-PP&nbsp; y del control de bancos y corporaciones, as\u00ed como una aut\u00e9ntica divisi\u00f3n de poderes&nbsp; entre la justicia la politica y la economica,&nbsp; m\u00e1s&nbsp; otras medidas con la intenci\u00f3n de mejorar el sistema democr\u00e1tico.<\/p>\n\n\n\n<figure class=\"wp-block-gallery has-nested-images columns-default is-cropped wp-block-gallery-1 is-layout-flex wp-block-gallery-is-layout-flex\"><div class=\"wp-block-image\">\n<figure class=\"aligncenter size-large\"><img fetchpriority=\"high\" decoding=\"async\" width=\"1024\" height=\"632\" data-id=\"1973\" src=\"https:\/\/xn--tuvozdiasporaespaola-k7b.com\/wp-content\/uploads\/2023\/05\/15m-kFzH-U140308651046IdB-1248x770@RC-1024x632.jpg\" alt=\"\" class=\"wp-image-1973\" srcset=\"https:\/\/xn--tuvozdiasporaespaola-k7b.com\/wp-content\/uploads\/2023\/05\/15m-kFzH-U140308651046IdB-1248x770@RC-1024x632.jpg 1024w, https:\/\/xn--tuvozdiasporaespaola-k7b.com\/wp-content\/uploads\/2023\/05\/15m-kFzH-U140308651046IdB-1248x770@RC-300x185.jpg 300w, https:\/\/xn--tuvozdiasporaespaola-k7b.com\/wp-content\/uploads\/2023\/05\/15m-kFzH-U140308651046IdB-1248x770@RC-768x474.jpg 768w, https:\/\/xn--tuvozdiasporaespaola-k7b.com\/wp-content\/uploads\/2023\/05\/15m-kFzH-U140308651046IdB-1248x770@RC.jpg 1248w\" sizes=\"(max-width: 1024px) 100vw, 1024px\" \/><figcaption class=\"wp-element-caption\">15M en la puerta del sol de Madrid <\/figcaption><\/figure>\n<\/div><\/figure>\n\n\n\n<p>Aglutinando a diversos colectivos ciudadanos como estudiantes, jubilados, PYMES, trabajadores, vecinales, etc&#8230;  un movimiento trasversal con distintos lemas, como el de la manifestaci\u00f3n del 15 de mayo: \u00abNo somos marionetas en manos de pol\u00edticos y banqueros\u00bb o \u00abDemocracia real \u00a1YA! No somos mercanc\u00eda en manos de pol\u00edticos y banqueros\u00bb.A partir de la movilizaci\u00f3n mundial del 15 de octubre de 2011, los activistas que formaban parte de las acampadas y asambleas, empezaron a crear colectivos tem\u00e1ticos. Asimismo, comenzaron a formarse nuevos partidos pol\u00edticos, como el Partido X en enero de 2013, o Podemos en 2014, que se presentaron a las elecciones europeas de 2014, obteniendo cinco eurodiputados, siendo el cuarto grupo m\u00e1s votado, formaci\u00f3n pol\u00edtica transversal inducida por diversos profesores de Universidad en los que Pablo Iglesias junto con Juan Carlos Monedero fueron los baluartes de este proyecto junto a&nbsp; Carolina Bescansa o&nbsp; \u00cd\u00f1igo Erejon que luego abadinarin Podemos por diversos motivos y con distintas suerte.<\/p>\n\n\n\n<p>De forma similar a lo que fue la Primavera \u00c1rabe para el 15M, se crearon&nbsp; movimientos similares en otros pa\u00edses inspirados en parte en el 15M como: .-Movimiento Occupy iniciado en EE. UU..-Yosoy132 en M\u00e9xico.-Occupy Gezi en Turqu\u00eda.-Protestas en Brasil de 2013.-Nuit debout en Francia en 2016.<\/p>\n\n\n\n<p>Un antes y un despu\u00e9s para la pol\u00edtica Espa\u00f1ola donde una fuerza como PODEMOS&nbsp; 12 a\u00f1os despu\u00e9s sigue m\u00e1s viva que nunca y es parte del Gobierno ayudando desde dentro a cambiar la vida de la Gente y llevar el grito de \u00ab<strong> No les tenemos miedo \u00ab<\/strong> o el <strong>\u00bb Si se puede\u00bb<\/strong> a las entra\u00f1as del poder pol\u00edtico en el Congreso espa\u00f1ol e instituciones como los Ministerios.<\/p>\n\n\n\n<p>Una propuesta <strong>participativa con sus or\u00edgenes transversales en los Movimientos Sociales, Feministas -LGTBI y de los trabajadores, a significado la fuerza&nbsp; que le dio esa lucha en las calles para continuar transformando la sociedad Espa\u00f1ola .<\/strong><\/p>\n\n\n\n<figure class=\"wp-block-gallery has-nested-images columns-default is-cropped wp-block-gallery-2 is-layout-flex wp-block-gallery-is-layout-flex\">\n<figure class=\"wp-block-image size-large\"><img decoding=\"async\" width=\"1024\" height=\"547\" data-id=\"1975\" src=\"https:\/\/xn--tuvozdiasporaespaola-k7b.com\/wp-content\/uploads\/2023\/05\/Screenshot_20230414_135648_Chrome-1-1024x547.jpg\" alt=\"\" class=\"wp-image-1975\" srcset=\"https:\/\/xn--tuvozdiasporaespaola-k7b.com\/wp-content\/uploads\/2023\/05\/Screenshot_20230414_135648_Chrome-1-1024x547.jpg 1024w, https:\/\/xn--tuvozdiasporaespaola-k7b.com\/wp-content\/uploads\/2023\/05\/Screenshot_20230414_135648_Chrome-1-300x160.jpg 300w, https:\/\/xn--tuvozdiasporaespaola-k7b.com\/wp-content\/uploads\/2023\/05\/Screenshot_20230414_135648_Chrome-1-768x410.jpg 768w, https:\/\/xn--tuvozdiasporaespaola-k7b.com\/wp-content\/uploads\/2023\/05\/Screenshot_20230414_135648_Chrome-1.jpg 1080w\" sizes=\"(max-width: 1024px) 100vw, 1024px\" \/><\/figure>\n<\/figure>\n\n\n\n<p>En estos a\u00f1os en el Gobierno de Espa\u00f1a <strong>aprobando innumerables leyes que facilitaron la mejor vida de muchas y muchos espa\u00f1oles&nbsp; como la Ley de Vivienda, Ley Animal, Ley Solo Si es Si , Reforma Laboral, Tope al Gas&nbsp; Aborto libre y Gratuito, Ingreso m\u00ednimo Vital, Ley Trans, Ley de Muerte Digna, Limitar subida de alquileres al 2% , Escudo de Protecci\u00f3n Social, etc&#8230;<\/strong>&nbsp; y otros m\u00e1s&nbsp; que&nbsp; consagraron los derechos <strong>para la di\u00e1spora espa\u00f1ola como ha sido la derogaci\u00f3n del voto rogado&nbsp; o la aprobaci\u00f3n decla Ley de Memoria Democr\u00e1tica&nbsp; con la ley de Nacionalidad, sin olvidar las pol\u00edticas de Retorno integrales<\/strong> incentivadas por las comunidades aut\u00f3nomas con presencia de Podemos&nbsp; o el tener en cuenta a la diaspora en&nbsp; leyes para reconocer derechos aplicables en el exterior en <strong>Materias Sociales o de Salud o las prestaciones del  IMSERSO&nbsp; aplicadas en Europa y&nbsp; luchando para que pr\u00f3ximamente&nbsp; sea tambi\u00e9n en&nbsp; America<\/strong> .<\/p>\n\n\n\n<p>Aparte de esta transformaci\u00f3n &nbsp; politica del movimiento el 15M significo la creacion cientos de plataformas y colectivos, ejemplos: <\/p>\n\n\n\n<p>.- Sanidad: Se ha evitado el cierre de centros de salud..-Justicia: el colectivo 15MpaRato,  que consigui\u00f3 sentar en el banquillo a Rodrigo Rato. En junio de 2012 pusieron una querella iniciando el Caso Bankia, y tambi\u00e9n han colaborado en la filtraci\u00f3n en prensa de los Correos de Blesa y demostrando la estafa de las preferentes en Espa\u00f1a..-Sociales:&nbsp;&nbsp; Creando&nbsp; Plataformas Ciudadanas por la Auditor\u00eda de la Deuda (PACD), Xnet, PlanDeRescateCiudadano, Iaioflautas, PAH, OpEuribor, TomaTuBanco, CierraBankia, Democracia 4.0 y Madrilonia, entre otros colectivos..-Energ\u00eda: el colectivo Estafaluz, creado por Antonio Moreno Alfaro, a trav\u00e9s de su web ha permitido el ahorro a los ciudadanos de 500 millones de Euros..-Econom\u00eda: el colectivo OpEuribor, mediante los abogados Juan Moreno Yag\u00fce (impulsor a su vez de la iniciativa Democracia 4.0 y Francisco Jurado conocidos como los hackbogados, demostraron la manipulaci\u00f3n del Euribor. Bruselas impuso multas millonarias a seis grandes bancos. Por otro lado, la Plataforma por una Auditor\u00eda Ciudadana de la Deuda (PACD), ha conseguido que en varios municipios hayan declarado parte de su deuda, como deuda ileg\u00edtima, despu\u00e9s de una auditor\u00eda..-Vivienda: La PAH ha parado m\u00e1s de 600 desahucios.Por su parte, la Federaci\u00f3n anarquista de Gran Canaria hab\u00eda conseguido en 2016 realojar a m\u00e1s de 400 personas siguiendo las l\u00edneas del movimiento okupa.<\/p>\n\n\n\n<figure class=\"wp-block-gallery has-nested-images columns-default is-cropped wp-block-gallery-3 is-layout-flex wp-block-gallery-is-layout-flex\">\n<figure class=\"wp-block-image size-large\"><img decoding=\"async\" width=\"818\" height=\"1024\" data-id=\"1976\" src=\"https:\/\/xn--tuvozdiasporaespaola-k7b.com\/wp-content\/uploads\/2023\/05\/Screenshot_20230515_111421_Telegram-818x1024.jpg\" alt=\"\" class=\"wp-image-1976\" srcset=\"https:\/\/xn--tuvozdiasporaespaola-k7b.com\/wp-content\/uploads\/2023\/05\/Screenshot_20230515_111421_Telegram-818x1024.jpg 818w, https:\/\/xn--tuvozdiasporaespaola-k7b.com\/wp-content\/uploads\/2023\/05\/Screenshot_20230515_111421_Telegram-240x300.jpg 240w, https:\/\/xn--tuvozdiasporaespaola-k7b.com\/wp-content\/uploads\/2023\/05\/Screenshot_20230515_111421_Telegram-768x961.jpg 768w, https:\/\/xn--tuvozdiasporaespaola-k7b.com\/wp-content\/uploads\/2023\/05\/Screenshot_20230515_111421_Telegram-1024x1281.jpg 1024w, https:\/\/xn--tuvozdiasporaespaola-k7b.com\/wp-content\/uploads\/2023\/05\/Screenshot_20230515_111421_Telegram.jpg 1079w\" sizes=\"(max-width: 818px) 100vw, 818px\" \/><\/figure>\n<\/figure>\n\n\n\n<p>Estos son algunos ejemplos de la transformaci\u00f3n que significo en la sociedad el&nbsp; 15M.&nbsp; Sin olvidar el m\u00e1s importante <strong>darle voz a trav\u00e9s de un partido Pol\u00edtico como Podemos,&nbsp; donde estas asociaciones junto a otras forman el embri\u00f3n de su formaci\u00f3n pol\u00edtica,&nbsp; llevando en sus programas electorales los mismos reclamos del 15M y transform\u00e1ndolos en realidad&nbsp; para seguir cambiando el modelo Pol\u00edtico Espa\u00f1ol desde la independencia econ\u00f3mica y la transversavilidad Pol\u00edtica. <\/strong><\/p>\n\n\n\n<figure class=\"wp-block-embed is-type-video is-provider-youtube wp-block-embed-youtube wp-embed-aspect-16-9 wp-has-aspect-ratio\"><div class=\"wp-block-embed__wrapper\">\n<iframe title=\"Que las luchas de tu abuela o abuelo no queden en el olvido este 28M Vota Podemos\" width=\"1110\" height=\"624\" src=\"https:\/\/www.youtube.com\/embed\/p7U1peBaWqM?feature=oembed\" frameborder=\"0\" allow=\"accelerometer; autoplay; clipboard-write; encrypted-media; gyroscope; picture-in-picture; web-share\" allowfullscreen><\/iframe>\n<\/div><\/figure>\n\n\n\n<p>En estas elecciones auton\u00f3micas <strong>del 28 de Mayo m\u00e1s que nunca la voz de la Rebeld\u00eda&nbsp; tiene que estar presente a la hora de ir a votar y no darles margen para que las pol\u00edticas neoliberales que se combatieron desde&nbsp; el 15M. recuperen terreno <\/strong>y sean enterradas para ello tenemos que seguir <strong>apoyando las coaliciones progresistas que tienen claro el objetivo y est\u00e1n al margen de proyectos egocentristas como M\u00e1s Pa\u00eds&nbsp; o Compromis&nbsp; dos formaciones que pueden facilitar por la injusta Ley electoral espa\u00f1ola&nbsp; que comunidades&nbsp; como Madrid o Valencia se les de ox\u00edgeno a los partidos como PP o VOX&nbsp;<\/strong> sin olvidar a un PSOE de pol\u00edticas tibias a la hora de aplicar soluciones objetivas a pol\u00edticas de transformaci\u00f3n desde la Izquierda.<\/p>\n\n\n\n<p>Jorge Garcia, Redacci\u00f3n Revista TU VOZ , Salta Argentina.<\/p>\n","protected":false},"excerpt":{"rendered":"<p>Tal d\u00eda como hoy de hace 12 a\u00f1os naci\u00f3 el Movimiento 15-M, tambi\u00e9n llamado movimiento de los indignados, un movimiento ciudadano formado&nbsp; por diversos &#8230; <\/p>\n<p class=\"read-more-container\"><a title=\"15M el inicio de la Transformaci\u00f3n.\" class=\"read-more button\" href=\"https:\/\/xn--tuvozdiasporaespaola-k7b.com\/page\/2\/15m-el-inicio-de-la-transformacion\/#more-1972\" aria-label=\"M\u00e1s en 15M el inicio de la Transformaci\u00f3n.\">Leer m\u00e1s<\/a><\/p>\n","protected":false},"author":222560522,"featured_media":1976,"comment_status":"open","ping_status":"open","sticky":false,"template":"","format":"standard","meta":{"footnotes":""},"categories":[121850,1771],"tags":[],"class_list":["post-1972","post","type-post","status-publish","format-standard","has-post-thumbnail","hentry","category-politica","category-sociales","resize-featured-image"],"_links":{"self":[{"href":"https:\/\/xn--tuvozdiasporaespaola-k7b.com\/page\/2\/wp-json\/wp\/v2\/posts\/1972","targetHints":{"allow":["GET"]}}],"collection":[{"href":"https:\/\/xn--tuvozdiasporaespaola-k7b.com\/page\/2\/wp-json\/wp\/v2\/posts"}],"about":[{"href":"https:\/\/xn--tuvozdiasporaespaola-k7b.com\/page\/2\/wp-json\/wp\/v2\/types\/post"}],"author":[{"embeddable":true,"href":"https:\/\/xn--tuvozdiasporaespaola-k7b.com\/page\/2\/wp-json\/wp\/v2\/users\/222560522"}],"replies":[{"embeddable":true,"href":"https:\/\/xn--tuvozdiasporaespaola-k7b.com\/page\/2\/wp-json\/wp\/v2\/comments?post=1972"}],"version-history":[{"count":0,"href":"https:\/\/xn--tuvozdiasporaespaola-k7b.com\/page\/2\/wp-json\/wp\/v2\/posts\/1972\/revisions"}],"wp:featuredmedia":[{"embeddable":true,"href":"https:\/\/xn--tuvozdiasporaespaola-k7b.com\/page\/2\/wp-json\/wp\/v2\/media\/1976"}],"wp:attachment":[{"href":"https:\/\/xn--tuvozdiasporaespaola-k7b.com\/page\/2\/wp-json\/wp\/v2\/media?parent=1972"}],"wp:term":[{"taxonomy":"category","embeddable":true,"href":"https:\/\/xn--tuvozdiasporaespaola-k7b.com\/page\/2\/wp-json\/wp\/v2\/categories?post=1972"},{"taxonomy":"post_tag","embeddable":true,"href":"https:\/\/xn--tuvozdiasporaespaola-k7b.com\/page\/2\/wp-json\/wp\/v2\/tags?post=1972"}],"curies":[{"name":"wp","href":"https:\/\/api.w.org\/{rel}","templated":true}]}}