{"id":189,"date":"2022-09-19T20:24:46","date_gmt":"2022-09-19T23:24:46","guid":{"rendered":"https:\/\/xn--tuvozdiasporaespaola-k7b.com\/?p=189"},"modified":"2022-09-19T20:24:48","modified_gmt":"2022-09-19T23:24:48","slug":"los-desafios-mundiales-y-las-acertadas-premoniciones-de-ramonet","status":"publish","type":"post","link":"https:\/\/xn--tuvozdiasporaespaola-k7b.com\/page\/2\/los-desafios-mundiales-y-las-acertadas-premoniciones-de-ramonet\/","title":{"rendered":"Los desafios mundiales y las acertadas premoniciones de Ramonet"},"content":{"rendered":"\n<p class=\"has-text-align-left\">Ignacio Ramonet, para quienes todav\u00eda no lo hayan conocido, es un prestigioso periodista de origen gallego que ha dirigido una de las cabeceras de prensa m\u00e1s preclarividentes del panorama internacional, en concreto la edici\u00f3n en espa\u00f1ol de \u201cLe Monde Diplomatique\u201d. Sus an\u00e1lisis,opiniones y dict\u00e1menes sobre la direcci\u00f3n de la pol\u00edtica, la sociedad y econom\u00eda actual son muy<br>apreciados entre los especialistas, responsables de organismos internacionales y la mayor\u00eda de<br>las audiencias y lectores de car\u00e1cter progresista y antiglobalizaci\u00f3n.<br>Hace poco m\u00e1s de tres a\u00f1os, antes del estallido de la Pandemia, dio una conferencia en la<br>llamada \u201cCasa Encendida\u201d de Madrid, centro cultural de vanguardia donde los haya, titulada \u201cLa<br>informaci\u00f3n en la era de las fake news\u201d. En ella vaticinaba que los tres principales retos de la<br>Humanidad a los que nos enfrent\u00e1bamos eran el Cambio Clim\u00e1tico ya en marcha, los efectos de<br>las migraciones y la extensi\u00f3n de la Desinformaci\u00f3n.<br>Tras estos terribles a\u00f1os en los que nos han caido encima nuevas -o no tan nuevas- plagas de<br>Egipto, como la mortal pandemia del Covid o m\u00e1s recientemente la invasi\u00f3n de Ucrania y el<br>incremento del belicismo mundial, el planeta y la especie humana siguen padeciendo y de forma<br>creciente incluso, los efectos de los tres jinetes del apocalipsis mencionados por Ramonet.<br>En primer lugar, realimentado por la inacci\u00f3n de los gobiernos y la acci\u00f3n de los lobbys<br>industriales, extractivistas y del comercio y agravado por el impacto retardatario en la aplicaci\u00f3n de la Transici\u00f3n Ecol\u00f3gica que ha supuesto la nueva guerra en los contornos de Europa, volvemos a plantearnos con angustia las respuestas m\u00e1s eficaces y solidarias ante el ya incontestable Cambio Clim\u00e1tico. El conflicto de intereses entre las \u00e9lites y los pueblos va a determinar el rumbo de las pol\u00edticas para hacer frente a este grave reto.<br>Los desplazamientos masivos por m\u00faltiples causas de la poblaci\u00f3n en diferentes regiones del planeta, a las que hay que sumar los provocados por el imparable calentamiento global y la escasez de agua y recursos alimentarios, no han hecho m\u00e1s que aumentar en el escenario postpand\u00e9mico, agravados por la deriva xen\u00f3foba y el discurso demag\u00f3gico de la extrema<br>derecha, quienes sacan r\u00e9ditos electorales imparables del mensaje del miedo a la inmigraci\u00f3n que termina en odio a lo diferente y lo desconocido. Un verdadero drama a resolver o al menos aminorar.<\/p>\n\n\n\n<figure class=\"wp-block-image size-large\"><img fetchpriority=\"high\" decoding=\"async\" width=\"1080\" height=\"597\" src=\"http:\/\/xn--tuvozdiasporaespaola-k7b.com\/wp-content\/uploads\/2022\/09\/screenshot_20220920-010552_telegram4893802348446677991.jpg?w=1024\" alt=\"\" class=\"wp-image-185\" srcset=\"https:\/\/xn--tuvozdiasporaespaola-k7b.com\/wp-content\/uploads\/2022\/09\/screenshot_20220920-010552_telegram4893802348446677991.jpg 1080w, https:\/\/xn--tuvozdiasporaespaola-k7b.com\/wp-content\/uploads\/2022\/09\/screenshot_20220920-010552_telegram4893802348446677991-300x166.jpg 300w, https:\/\/xn--tuvozdiasporaespaola-k7b.com\/wp-content\/uploads\/2022\/09\/screenshot_20220920-010552_telegram4893802348446677991-1024x566.jpg 1024w, https:\/\/xn--tuvozdiasporaespaola-k7b.com\/wp-content\/uploads\/2022\/09\/screenshot_20220920-010552_telegram4893802348446677991-768x425.jpg 768w\" sizes=\"(max-width: 1080px) 100vw, 1080px\" \/><figcaption class=\"wp-element-caption\">Cumbre Fascista Europea .<\/figcaption><\/figure>\n\n\n\n<p>Finalmente y cada vez m\u00e1s preocupante resulta la extensi\u00f3n del mal uso de las nuevas<br>tecnolog\u00edas de la Informaci\u00f3n por parte de los enemigos de la Democracia y defensores de las opciones m\u00e1s autoritarias y las minor\u00edas privilegiadas. Su objetivo es, ha sido y ser\u00e1 crear una realidad paralela a trav\u00e9s de la intoxicaci\u00f3n premeditada, sistem\u00e1tica y generalizada en las redes sociales. Cualquier defensor de los Derechos Humanos, el Estado del Bienestar o las libertades individuales o colectivas es de esta forma linchado medi\u00e1ticamente combinando los canales<br>mainstream con esa potente maquinaria en un limbo legal que son las Plataformas digitales que act\u00faan a las \u00f3rdenes de las Agencias de Inteligencia y multinacionales que dirigen la globalizaci\u00f3n.<br>En Europa el auge de los negacionismos de diverso pelaje viene siendo imparable. En primer lugar tenemos el clim\u00e1tico que en Espa\u00f1a va desde el mismo expresidente Rajoy a la lideresa ultra en Madrid, Isabel Diaz Ayuso, pasando por el de la ciencia y la medicina plasmados en la infiltraci\u00f3n del discurso ultra en las manifestaciones antipandemia, y siguiendo por el de la<br>propia Historia que pretende reescribir y reinterpretar la misma evitando la recuperaci\u00f3n de la Memoria colectiva sobre lo que supuso el fascismo en Espa\u00f1a y el continente.<\/p>\n\n\n\n<figure class=\"wp-block-image size-large\"><img decoding=\"async\" width=\"1080\" height=\"655\" src=\"http:\/\/xn--tuvozdiasporaespaola-k7b.com\/wp-content\/uploads\/2022\/09\/screenshot_20220920-010540_telegram3116273798525648128.jpg?w=1024\" alt=\"\" class=\"wp-image-187\" srcset=\"https:\/\/xn--tuvozdiasporaespaola-k7b.com\/wp-content\/uploads\/2022\/09\/screenshot_20220920-010540_telegram3116273798525648128.jpg 1080w, https:\/\/xn--tuvozdiasporaespaola-k7b.com\/wp-content\/uploads\/2022\/09\/screenshot_20220920-010540_telegram3116273798525648128-300x182.jpg 300w, https:\/\/xn--tuvozdiasporaespaola-k7b.com\/wp-content\/uploads\/2022\/09\/screenshot_20220920-010540_telegram3116273798525648128-1024x621.jpg 1024w, https:\/\/xn--tuvozdiasporaespaola-k7b.com\/wp-content\/uploads\/2022\/09\/screenshot_20220920-010540_telegram3116273798525648128-768x466.jpg 768w\" sizes=\"(max-width: 1080px) 100vw, 1080px\" \/><figcaption class=\"wp-element-caption\">GEORGIA MELONI<\/figcaption><\/figure>\n\n\n\n<figure class=\"wp-block-image size-large\"><img decoding=\"async\" width=\"494\" height=\"282\" src=\"http:\/\/xn--tuvozdiasporaespaola-k7b.com\/wp-content\/uploads\/2022\/09\/ayuso-16751364889372697026.jpeg?w=494\" alt=\"\" class=\"wp-image-186\" srcset=\"https:\/\/xn--tuvozdiasporaespaola-k7b.com\/wp-content\/uploads\/2022\/09\/ayuso-16751364889372697026.jpeg 494w, https:\/\/xn--tuvozdiasporaespaola-k7b.com\/wp-content\/uploads\/2022\/09\/ayuso-16751364889372697026-300x171.jpeg 300w\" sizes=\"(max-width: 494px) 100vw, 494px\" \/><figcaption class=\"wp-element-caption\">ISABEL DIAZ AYUSO<\/figcaption><\/figure>\n\n\n\n<p>Todos estos negacionismos van en la l\u00ednea de hacer retroceder el escenario mundial al de un Capitalismo feudal y un mundo de monarqu\u00edas depredadoras que distraen y encandilan a la opini\u00f3n p\u00fablica, liquidando derechos conseguidos desde mediados del siglo XIX. Su mecanismo principal se basa en una serie de distorsiones de la realidad fruto del aumento ya mencionado de las fake news y la imposici\u00f3n de los marcos culturales del neoliberalismo en su fase actual de apuesta por el ascenso de gobiernos y reg\u00edmenes autoritarios.<br>Los triunfos electorales recientes de las formaciones racistas y populistas de derechas en Hungr\u00eda, Francia, Suecia y el ya vaticinado en Italia deben ponernos en guardia para prevenir y combatir a tiempo las causas y errores que han permitido que los enemigos del Bien Com\u00fan y las clases populares hagan caer a estas mismas en la seducci\u00f3n de masas provocada por el fascismo renovado, con lideres y lideresas que intentan disfrazarse de hero\u00ednas patri\u00f3ticas y que disponen de una enorme maquinaria de car\u00e1cter medi\u00e1tico y judicial a su servicio.<br>La unidad en la diversidad y el fortalecimiento de alianzas de Gobierno y electorales de cara a los multiples procesos decisorios que afrontaremos en los pr\u00f3ximos tiempos, ser\u00e1n una parte importante de las medidas que pueden frenar y revertir esta tendencia. Las fuerzas progresistas y de izquierdas deben de reconectar seriamente con la ciudadan\u00eda en la l\u00ednea de la recuperaci\u00f3n de una democracia participativa que nutri\u00f3 a la oposici\u00f3n en los momentos insurreccionales anteriores como el del 15M en Espa\u00f1a, los Estallidos sociales en Chile, Brasil y Colombia, etc.<br>Finalmente constatar que todos los retos est\u00e1n conectados, pero que s\u00f3lo la convicci\u00f3n personal primero y luego la conciencia colectiva de las amenazas que describ\u00eda el profesor y periodista Ignacio Ramonet, m\u00e1s una reacci\u00f3n a tiempo y la rectificaci\u00f3n de los errores cometidos en el pasado, pueden cambiar el rumbo al desastre al que nos llevan cual corderos los propietarios y<br>conductores actuales de nuestros destinos. De todas nosotras y nosotros depende. <\/p>\n\n\n\n<p>Miguel \u00c1ngel Ferris <\/p>\n\n\n\n<p>Portavoz Red de C\u00edrculos Europa. <\/p>\n\n\n\n<figure class=\"wp-block-image size-large\"><img loading=\"lazy\" decoding=\"async\" width=\"703\" height=\"767\" src=\"http:\/\/xn--tuvozdiasporaespaola-k7b.com\/wp-content\/uploads\/2022\/09\/screenshot_20220920-012211_google2499047224642281396.jpg?w=703\" alt=\"\" class=\"wp-image-188\" srcset=\"https:\/\/xn--tuvozdiasporaespaola-k7b.com\/wp-content\/uploads\/2022\/09\/screenshot_20220920-012211_google2499047224642281396.jpg 703w, https:\/\/xn--tuvozdiasporaespaola-k7b.com\/wp-content\/uploads\/2022\/09\/screenshot_20220920-012211_google2499047224642281396-275x300.jpg 275w\" sizes=\"(max-width: 703px) 100vw, 703px\" \/><figcaption class=\"wp-element-caption\">Ignacio Ramonet  junto a Fidel Castro <\/figcaption><\/figure>\n\n\n\n<p><\/p>\n","protected":false},"excerpt":{"rendered":"<p>Ignacio Ramonet, para quienes todav\u00eda no lo hayan conocido, es un prestigioso periodista de origen gallego que ha dirigido una de las cabeceras de &#8230; <\/p>\n<p class=\"read-more-container\"><a title=\"Los desafios mundiales y las acertadas premoniciones de Ramonet\" class=\"read-more button\" href=\"https:\/\/xn--tuvozdiasporaespaola-k7b.com\/page\/2\/los-desafios-mundiales-y-las-acertadas-premoniciones-de-ramonet\/#more-189\" aria-label=\"M\u00e1s en Los desafios mundiales y las acertadas premoniciones de Ramonet\">Leer m\u00e1s<\/a><\/p>\n","protected":false},"author":222560522,"featured_media":0,"comment_status":"open","ping_status":"open","sticky":false,"template":"","format":"standard","meta":{"footnotes":""},"categories":[1771],"tags":[],"class_list":["post-189","post","type-post","status-publish","format-standard","hentry","category-sociales"],"_links":{"self":[{"href":"https:\/\/xn--tuvozdiasporaespaola-k7b.com\/page\/2\/wp-json\/wp\/v2\/posts\/189","targetHints":{"allow":["GET"]}}],"collection":[{"href":"https:\/\/xn--tuvozdiasporaespaola-k7b.com\/page\/2\/wp-json\/wp\/v2\/posts"}],"about":[{"href":"https:\/\/xn--tuvozdiasporaespaola-k7b.com\/page\/2\/wp-json\/wp\/v2\/types\/post"}],"author":[{"embeddable":true,"href":"https:\/\/xn--tuvozdiasporaespaola-k7b.com\/page\/2\/wp-json\/wp\/v2\/users\/222560522"}],"replies":[{"embeddable":true,"href":"https:\/\/xn--tuvozdiasporaespaola-k7b.com\/page\/2\/wp-json\/wp\/v2\/comments?post=189"}],"version-history":[{"count":0,"href":"https:\/\/xn--tuvozdiasporaespaola-k7b.com\/page\/2\/wp-json\/wp\/v2\/posts\/189\/revisions"}],"wp:attachment":[{"href":"https:\/\/xn--tuvozdiasporaespaola-k7b.com\/page\/2\/wp-json\/wp\/v2\/media?parent=189"}],"wp:term":[{"taxonomy":"category","embeddable":true,"href":"https:\/\/xn--tuvozdiasporaespaola-k7b.com\/page\/2\/wp-json\/wp\/v2\/categories?post=189"},{"taxonomy":"post_tag","embeddable":true,"href":"https:\/\/xn--tuvozdiasporaespaola-k7b.com\/page\/2\/wp-json\/wp\/v2\/tags?post=189"}],"curies":[{"name":"wp","href":"https:\/\/api.w.org\/{rel}","templated":true}]}}