{"id":178,"date":"2022-09-16T09:42:47","date_gmt":"2022-09-16T12:42:47","guid":{"rendered":"https:\/\/xn--tuvozdiasporaespaola-k7b.com\/?p=178"},"modified":"2022-09-16T09:58:27","modified_gmt":"2022-09-16T12:58:27","slug":"manuel-zelaya-y-destacadas-personalidades-reclaman-la-libertad-de-julian-assange","status":"publish","type":"post","link":"https:\/\/xn--tuvozdiasporaespaola-k7b.com\/page\/2\/manuel-zelaya-y-destacadas-personalidades-reclaman-la-libertad-de-julian-assange\/","title":{"rendered":"Manuel Zelaya y destacadas personalidades reclaman la libertad de Julian Assange."},"content":{"rendered":"\n<p>El expresidente presidente de la Rep\u00fablica de Honduras y actual presidente de la Internacional Antiimperialista de los Pueblos en defensa de la Humanidad y la Naturaleza, Jos\u00e9 Manuel Zelaya Rosales, solicit\u00f3 a la Primera Ministra de Reino Unido, Liz Truss, la revisi\u00f3n de la extradici\u00f3n a los Estados Unidos de Am\u00e9rica y la libertad inmediata del periodista y activista australiano&nbsp;<\/p>\n\n\n\n<p>Julian Assange guarda prisi\u00f3n desde abril de 2019, luego de una permanencia de 7 a\u00f1os como refugiado pol\u00edtico en la embajada de Ecuador.<\/p>\n\n\n\n<figure class=\"wp-block-image size-large\"><img fetchpriority=\"high\" decoding=\"async\" width=\"470\" height=\"335\" src=\"http:\/\/xn--tuvozdiasporaespaola-k7b.com\/wp-content\/uploads\/2022\/09\/1246205860_028129821719450254507055..jpg?w=470\" alt=\"\" class=\"wp-image-175\" srcset=\"https:\/\/xn--tuvozdiasporaespaola-k7b.com\/wp-content\/uploads\/2022\/09\/1246205860_028129821719450254507055..jpg 470w, https:\/\/xn--tuvozdiasporaespaola-k7b.com\/wp-content\/uploads\/2022\/09\/1246205860_028129821719450254507055.-300x214.jpg 300w\" sizes=\"(max-width: 470px) 100vw, 470px\" \/><figcaption class=\"wp-element-caption\">Manuel Zelaya Internacional Antiimperialista <\/figcaption><\/figure>\n\n\n\n<p>El exmandatario hondure\u00f1o se sum\u00f3 a la voz de otros presidentes en representaci\u00f3n de la Internacional Antiimperialista de los Pueblos, organismos defensores de derechos humanos y numerosas personalidades pol\u00edticas y de la cultura de Am\u00e9rica Latina y el mundo, quienes est\u00e1n conscientes que el prolongado encierro y las actuales condiciones de detenci\u00f3n, han resentido gravemente la salud del Sr. Assange, pero tambi\u00e9n en razones que advierten sobre la vulneraci\u00f3n de derechos no solo del aludido sino del conjunto de la sociedad civilizada.<\/p>\n\n\n\n<p>Cabe destacar que, en caso que Reino Unido d\u00e9 la autorizaci\u00f3n para extraditar al Sr. Assange a EEUU implica el riesgo de una condena a 175 a\u00f1os de prisi\u00f3n, lo cual en virtud del actual estado de salud del periodista significa en la pr\u00e1ctica su condena a muerte, ante esto, el expresidente Zelaya se\u00f1al\u00f3 que dicha autorizaci\u00f3n ignora que extraditar por ofensas pol\u00edticas est\u00e1 prohibido tanto en la legislaci\u00f3n brit\u00e1nica como en la europea.<\/p>\n\n\n\n<p>En dicha carta dirigida a la primera ministra de Reino Unido, el presidente de la Internacional Antiimperialista le record\u00f3 que el mayor delito del Se\u00f1or Assange, fue el de revelar al mundo la verdad sobre una cantidad de acontecimientos que demuestran la vulneraci\u00f3n del derecho internacional y de los derechos de los pueblos a la seguridad y a la paz. Tomando en cuenta que Zelaya fue v\u00edctima de una de esas vulneraciones cuando result\u00f3 derrocado por un Golpe de estado en 2009, donde la injerencia de una fuerza extranjera fue luego confirmada por los documentos desclasificados por Wikileaks<\/p>\n\n\n\n<figure class=\"wp-block-image size-large\"><img decoding=\"async\" width=\"2048\" height=\"1456\" src=\"http:\/\/xn--tuvozdiasporaespaola-k7b.com\/wp-content\/uploads\/2022\/09\/europapress_3502700_filed_04_january_2021_england_london_wikileaks_founder_julian_assange-scaled7344792922136021305.jpg?w=1024\" alt=\"\" class=\"wp-image-176\" srcset=\"https:\/\/xn--tuvozdiasporaespaola-k7b.com\/wp-content\/uploads\/2022\/09\/europapress_3502700_filed_04_january_2021_england_london_wikileaks_founder_julian_assange-scaled7344792922136021305.jpg 2048w, https:\/\/xn--tuvozdiasporaespaola-k7b.com\/wp-content\/uploads\/2022\/09\/europapress_3502700_filed_04_january_2021_england_london_wikileaks_founder_julian_assange-scaled7344792922136021305-300x213.jpg 300w, https:\/\/xn--tuvozdiasporaespaola-k7b.com\/wp-content\/uploads\/2022\/09\/europapress_3502700_filed_04_january_2021_england_london_wikileaks_founder_julian_assange-scaled7344792922136021305-1024x728.jpg 1024w, https:\/\/xn--tuvozdiasporaespaola-k7b.com\/wp-content\/uploads\/2022\/09\/europapress_3502700_filed_04_january_2021_england_london_wikileaks_founder_julian_assange-scaled7344792922136021305-768x546.jpg 768w, https:\/\/xn--tuvozdiasporaespaola-k7b.com\/wp-content\/uploads\/2022\/09\/europapress_3502700_filed_04_january_2021_england_london_wikileaks_founder_julian_assange-scaled7344792922136021305-1568x1115.jpg 1568w\" sizes=\"(max-width: 2048px) 100vw, 2048px\" \/><\/figure>\n\n\n\n<p>Asimismo, Zelaya mencion\u00f3 que el art\u00edculo 19 de la Declaraci\u00f3n Universal de los Derechos Humanos suscrita por todos los Estados que comprenden la comunidad internacional, establece: \u201cTodo individuo tiene derecho a la libertad de opini\u00f3n y de expresi\u00f3n \u201c; este derecho incluye el de no ser molestado a causa de sus opiniones, el de investigar y recibir informaciones y opiniones, y el de difundirlas, sin limitaci\u00f3n de fronteras, por cualquier medio de expresi\u00f3n.<\/p>\n\n\n\n<p>Tras dar lectura a dicho art\u00edculo, Zelaya pregunta si la divulgaci\u00f3n de la verdad puede significar amenaza alguna a la seguridad de los Estados signatarios de esta Declaraci\u00f3n consagrada a pocos a\u00f1os de la tragedia de la Segunda Guerra Mundial, cuyas formidables lecciones no deber\u00edan olvidarse jam\u00e1s.<\/p>\n\n\n\n<p>La prolongada prisi\u00f3n e inminente extradici\u00f3n de quien no tiene un solo crimen en su conciencia, de quien no ha ordenado bombardear pueblos, ni derrocar gobiernos, constituye una amenaza real contra la prensa libre, contra el derecho de los pueblos a la informaci\u00f3n, plasmados en el mencionado Art\u00edculo 19, expres\u00f3 Zelaya.<\/p>\n\n\n\n<p>El expresidente de Honduras finaliza su carta recordando a la primer ministra de Reino Unido que ella tiene hoy la oportunidad de ejecutar un gesto de grandeza para contribuir a la inauguraci\u00f3n de una nueva era signada por el celoso respeto a los derechos humanos, lo cual reclama de los gobiernos y estadistas una actitud magn\u00e1nima de apego al derecho y de defensa del d\u00e9bil frente al poderoso.<\/p>\n\n\n\n<figure class=\"wp-block-image size-large\"><img decoding=\"async\" width=\"1200\" height=\"1200\" src=\"http:\/\/xn--tuvozdiasporaespaola-k7b.com\/wp-content\/uploads\/2022\/09\/n3o4fgzzerarrbwp3cvrdxfipy856882890915283579.jpg?w=1024\" alt=\"\" class=\"wp-image-177\" srcset=\"https:\/\/xn--tuvozdiasporaespaola-k7b.com\/wp-content\/uploads\/2022\/09\/n3o4fgzzerarrbwp3cvrdxfipy856882890915283579.jpg 1200w, https:\/\/xn--tuvozdiasporaespaola-k7b.com\/wp-content\/uploads\/2022\/09\/n3o4fgzzerarrbwp3cvrdxfipy856882890915283579-300x300.jpg 300w, https:\/\/xn--tuvozdiasporaespaola-k7b.com\/wp-content\/uploads\/2022\/09\/n3o4fgzzerarrbwp3cvrdxfipy856882890915283579-1024x1024.jpg 1024w, https:\/\/xn--tuvozdiasporaespaola-k7b.com\/wp-content\/uploads\/2022\/09\/n3o4fgzzerarrbwp3cvrdxfipy856882890915283579-150x150.jpg 150w, https:\/\/xn--tuvozdiasporaespaola-k7b.com\/wp-content\/uploads\/2022\/09\/n3o4fgzzerarrbwp3cvrdxfipy856882890915283579-768x768.jpg 768w\" sizes=\"(max-width: 1200px) 100vw, 1200px\" \/><\/figure>\n\n\n\n<p><strong>De esta manera Zelaya reiter\u00f3 el pedido de no extradici\u00f3n e inmediata libertad para Julian Assange<\/strong>:<\/p>\n\n\n\n<p><em>Secretar\u00eda de Prensa<\/em><\/p>\n\n\n\n<p><em>Honorable Excelencia Liz Truss<\/em><\/p>\n\n\n\n<p><em>Primera Ministra del Reino Unido<\/em><\/p>\n\n\n\n<p><em>David de la Paz<\/em><\/p>\n\n\n\n<p><em>Su Despacho<\/em><\/p>\n\n\n\n<p><em>Excelent\u00edsima Primera Ministra:<\/em><\/p>\n\n\n\n<p>\u00bb Me dirijo a usted, en mi car\u00e1cter de Ex Presidente de la Rep\u00fablica de Honduras y actual Presidente de la Internacional Antiimperialista de los Pueblos en defensa de la Humanidad y la Naturaleza, con el objeto de solicitar la revisi\u00f3n de la extradici\u00f3n a los Estados Unidos de Am\u00e9rica y la libertad inmediata del c\u00edber periodista y activista australiano Julian Assange, quien padece prisi\u00f3n en vuestro pa\u00eds desde abril del a\u00f1o 2019, luego de una permanencia de 7 a\u00f1os como refugiado pol\u00edtico en la embajada de Ecuador. Al hacerlo as\u00ed, sumo mi voz a la de otros mandatarios, organismos defensores de los derechos humanos y numerosas personalidades pol\u00edticas y de la cultura, de Am\u00e9rica Latina y el mundo. Fundamento este pedido en razones humanitarias, pues como es de p\u00fablico conocimiento el prolongado encierro y las actuales condiciones de detenci\u00f3n, han resentido gravemente la salud del Sr. Assange, pero tambi\u00e9n en razones que advierten sobre la vulneraci\u00f3n de derechos no solo del aludido sino del conjunto de la sociedad civilizada.<\/p>\n\n\n\n<p>La autorizaci\u00f3n del Reino Unido para extraditar al Sr. Assange a EE.UU implica el riesgo de una condena a 175 a\u00f1os de prisi\u00f3n, lo cual en virtud del actual estado de salud del periodista significa en la pr\u00e1ctica su condena a muerte. Se me permitir\u00e1 se\u00f1alar tambi\u00e9n, que dicha autorizaci\u00f3n ignora que extraditar por ofensas pol\u00edticas esta\u00e1 prohibido tanto en la legislaci\u00f3n brit\u00e1nica como en la europea y no tengo dudas sobre la absoluta falta de garant\u00edas en un juicio donde el detenido esta condenado de antemano.<\/p>\n\n\n\n<p><\/p>\n\n\n\n<p>Excelent\u00edsima Primera Ministra, estoy cada vez m\u00e1s convencido que el mayor delito del Se\u00f1or Assange, ha sido el de revelar al mundo la verdad sobre una cantidad de acontecimientos que demuestran de m\u00ednima, la vulneraci\u00f3n del derecho internacional y de los derechos de los pueblos a la seguridad y a la paz. El propio autor de la presente ha sido v\u00edctima de una de esas vulneraciones cuando result\u00f3 derrocado por un golpe de estado en 2009, donde la injerencia de una fuerza extranjera fue luego confirmada por los documentos desclasificados por Wikileaks.<\/p>\n\n\n\n<p>Debo recordar a la Excelent\u00edsima Primera Ministra, que el art\u00edculo 19 de la Declaraci\u00f3n Universal de los Derechos Humanos suscripta por todos los estados que comprenden la comunidad internacional, establece: \u00a8Todo individuo tiene derecho a la libertad de opini\u00f3n y de expresi\u00f3n\u00a8; este derecho incluye, el de no ser molestado a causa de sus opiniones, el de investigar y recibir informaciones y opiniones, y el de difundirlas, sin limitaci\u00f3n de fronteras, por cualquier medio de expresi\u00f3n.<\/p>\n\n\n\n<p>A la luz de dicho art\u00edculo entonces, cabe preguntarse si la divulgaci\u00f3n de la verdad puede significar amenaza alguna a la seguridad de los Estados signatarios de esta Declaraci\u00f3n consagrada a pocos a\u00f1os de la tragedia de la Segunda Guerra Mundial, cuyas formidables lecciones no deber\u00edan olvidarse jam\u00e1s. Si como lo expresa el Evangelio cristiano: \u00a8S\u00f3lo la verdad nos har\u00e1 libres\u00a8, no tenga usted la menor duda que el conocimiento de la verdad por dura y amarga que sea, es la \u00fanica v\u00eda hacia un mundo m\u00e1s justo donde la convivencia pac\u00edfica y armoniosa entre estados, pueblos, comunidades etc. se haga realidad.<\/p>\n\n\n\n<p>En cambio, la prolongada prisi\u00f3n e inminente extradici\u00f3n de quien no tiene un solo crimen en su conciencia, de quien no ha ordenado bombardear pueblos ni voltear gobiernos, constituye una amenaza real contra la prensa libre, contra el derecho de los pueblos a la informaci\u00f3n, plasmados en el mencionado Art\u00edculo 19.<\/p>\n\n\n\n<p>En esta hora dram\u00e1tica que transita el mundo, amenazado por una nueva conflagraci\u00f3n mundial, en coincidencia con la flamante designaci\u00f3n de Su Excelencia a tan alto cargo de gobierno, los pueblos esperamos de los gobernantes de las grandes naciones, gestos de grandeza.<\/p>\n\n\n\n<p>Usted, tiene hoy la oportunidad de ejecutar uno de ellos para contribuir a la inauguraci\u00f3n de una nueva era signada por el celoso respeto a los derechos humanos, lo cual reclama de los gobiernos y estadistas una actitud magn\u00e1nima de apego al derecho y de defensa del d\u00e9bil frente al poderoso.<\/p>\n\n\n\n<p>Reitero entonces el pedido de no extradici\u00f3n e inmediata libertad de Julian Assange.<\/p>\n\n\n\n<p><em>Saludo a Usted, con mi mayor consideraci\u00f3n<\/em>.<\/p>\n\n\n\n<p><em>Manuel Zelaya<\/em><\/p>\n\n\n\n<p><em>Internacional Antiimperialista de los<\/em><\/p>\n\n\n\n<p><em>Pueblos en Defensa de la Humanidad y la Naturaleza<\/em><\/p>\n\n\n\n<p><em>Tegucigalpa, Rep\u00fablica de Honduras<\/em><\/p>\n\n\n\n<figure class=\"wp-block-image size-large\"><img loading=\"lazy\" decoding=\"async\" width=\"864\" height=\"513\" src=\"http:\/\/xn--tuvozdiasporaespaola-k7b.com\/wp-content\/uploads\/2022\/09\/thumbs_b_c_105b910694cc65fd7a0dc2777db2cb1a4089937446892673140.jpg?w=864\" alt=\"\" class=\"wp-image-179\" srcset=\"https:\/\/xn--tuvozdiasporaespaola-k7b.com\/wp-content\/uploads\/2022\/09\/thumbs_b_c_105b910694cc65fd7a0dc2777db2cb1a4089937446892673140.jpg 864w, https:\/\/xn--tuvozdiasporaespaola-k7b.com\/wp-content\/uploads\/2022\/09\/thumbs_b_c_105b910694cc65fd7a0dc2777db2cb1a4089937446892673140-300x178.jpg 300w, https:\/\/xn--tuvozdiasporaespaola-k7b.com\/wp-content\/uploads\/2022\/09\/thumbs_b_c_105b910694cc65fd7a0dc2777db2cb1a4089937446892673140-768x456.jpg 768w\" sizes=\"(max-width: 864px) 100vw, 864px\" \/><\/figure>\n\n\n\n<p><strong>Se suman tambi\u00e9n al pedido internacional las siguientes personalidades firmantes:<\/strong><\/p>\n\n\n\n<p>.-Fernando Lugo, Ex Presidente de Paraguay<\/p>\n\n\n\n<p>.-Adolfo P\u00e9rez Esquivel, Premio Nobel De La Paz.<\/p>\n\n\n\n<p>.-Martin Almada, Premio Nobel Alternativo 2002. Descubridor de los Archivos del Plan C\u00f3ndor, Paraguay.<\/p>\n\n\n\n<p>.-Juan Carlos Monedero, Profesor De Ciencia Pol\u00edtica UCM Y Cofundador De Podemos. Espa\u00f1a<\/p>\n\n\n\n<p>.-Atilio Boron, Analista Internacional, Argentina<\/p>\n\n\n\n<p>.-Piedad C\u00f3rdoba, Senadora, Colombia.<\/p>\n\n\n\n<p>Ignacio Ramonet, Escritor y Periodista de Espa\u00f1a.<\/p>\n\n\n\n<p>.-Ver\u00f3nika Mendoza, Ex Candidata a Presidenta del Per\u00fa, Por Nuevo Per\u00fa.<\/p>\n\n\n\n<p>.-Yeidckol Polevnsky, Diputada Morena. M\u00e9xico.<\/p>\n\n\n\n<p>.-Alberto Rusconi, Secretario Relaciones Internacionales del Movimiento Evita. Argentina.<\/p>\n\n\n\n<p>.-Hugo Guti\u00e9rrez G\u00e1lvez, Ex Diputado y Ex Convencional Constituyente de Chile.<\/p>\n\n\n\n<p>.-Jorge Elbaun, Periodista y Soci\u00f3logo, Argentina.<\/p>\n\n\n\n<p>.-Ra\u00fal Torres, Cantante de la Nueva Trova Cubana. Diputado de la Asamblea Popular. Cuba<\/p>\n\n\n\n<p>.-Nidia Diaz, Negociadora y Firmante de la Paz por Frente Farabundo Mart\u00ed para la Liberaci\u00f3n Nacional (FMLN) El Salvador, Ex Diputada Asamblea Legislativa y del PARLACEN de El Salvador<\/p>\n\n\n\n<p>.-Stella Calloni, Analista Internacional, Argentina.<\/p>\n\n\n\n<p>.-Lois P\u00e9rez Leira, Secretario Ejecutivo de la Internacional Antiimperialista de los Pueblos, Argentina.<\/p>\n\n\n\n<p>.-Gabriela Rivadeneira Burbano. Ex Presidenta Asamblea Nacional del Ecuador.<\/p>\n\n\n\n<p>.-Carlos Aznarez, Director de Resumen Latinoamericano. Argentina.<\/p>\n\n\n\n<p>.-Enver Leon Gonzales, Secretario General Movimiento Nuevo Per\u00fa.<\/p>\n\n\n\n<p>.-Arleen Rodr\u00edguez Derivet, Periodista Cubana Mesa Redonda.<\/p>\n\n\n\n<p>.-Jorge Alem\u00e1n, Psicoanalista y Escritor, Espa\u00f1a.<\/p>\n\n\n\n<figure class=\"wp-block-image size-large\"><img loading=\"lazy\" decoding=\"async\" width=\"947\" height=\"732\" src=\"http:\/\/xn--tuvozdiasporaespaola-k7b.com\/wp-content\/uploads\/2022\/09\/screenshot_20220916-130847_chrome6097420609825134884.jpg?w=947\" alt=\"\" class=\"wp-image-183\" srcset=\"https:\/\/xn--tuvozdiasporaespaola-k7b.com\/wp-content\/uploads\/2022\/09\/screenshot_20220916-130847_chrome6097420609825134884.jpg 947w, https:\/\/xn--tuvozdiasporaespaola-k7b.com\/wp-content\/uploads\/2022\/09\/screenshot_20220916-130847_chrome6097420609825134884-300x232.jpg 300w, https:\/\/xn--tuvozdiasporaespaola-k7b.com\/wp-content\/uploads\/2022\/09\/screenshot_20220916-130847_chrome6097420609825134884-768x594.jpg 768w\" sizes=\"(max-width: 947px) 100vw, 947px\" \/><\/figure>\n\n\n\n<p>.-Sa\u00fal Ortega, Diputado Asamblea Nacional. Venezuela.<\/p>\n\n\n\n<p>.-Sandra Russo, Periodista y Escritora. Argentina.<\/p>\n\n\n\n<p>.-Claudio Lozano, Director Banco Naci\u00f3n Argentina. Presidente U.P.<\/p>\n\n\n\n<p>.-Adriana Varela. Cantante Argentina.<\/p>\n\n\n\n<p>.-Carlos Casta\u00f1eda, Ex Canciller de El Salvador. FLN FM.<\/p>\n\n\n\n<p>.-Cynthia Garc\u00eda, Periodista. Argentina.<\/p>\n\n\n\n<p>.-Gabriela Monta\u00f1o, Ex Presidenta de la C\u00e1mara de Diputados y de la C\u00e1mara de Senadores del Estado Plurinacional de Bolivia.<\/p>\n\n\n\n<p>.-Ricardo Canese, Parlamentario del Mercosur por el Frente Guasu, Paraguay.<\/p>\n\n\n\n<p>.-Eduardo Sigal, Vicepresidente Partido Frente Grande. Argentina.<\/p>\n\n\n\n<p>.-V\u00edctor Kot, Secretario General del Partido Comunista Argentino.<\/p>\n\n\n\n<p>.-Jorge Kreynnes, Secretario de Relaciones Internacionales del Partido Comunista Argentino.<\/p>\n\n\n\n<p>.-Esteban Diotallevi. Director del Diario El Argentino.<\/p>\n\n\n\n<p>.-Francisco Paco Olveira, Sacerdote Grupo Curas en Opci\u00f3n por los Pobres de Argentina.<\/p>\n\n\n\n<p>.-Roberto Perd\u00eda, Montonero, Miembro de Organizaciones Libres del Pueblo Resistir y Luchar OLP R Y L., Argentina<\/p>\n\n\n\n<p>.-Julia Argentina Peri\u00e9, Parlamentaria del -Parlasur. Argentina.<\/p>\n\n\n\n<p>.-Javier Madrazo Lav\u00edn, Ex-Consejero de Vivienda y Asuntos Sociales del Gobierno Vasco.<\/p>\n\n\n\n<p>.Rafael M\u00e9ndez, Ex Diputado y Dirigente de la Fuerza del Pueblo. Rep\u00fablica Dominicana.<\/p>\n\n\n\n<p>.-Elsa Osorio, Escritora. Argentina.<\/p>\n\n\n\n<p>.-Adair Pinto Rivero, Periodista Boliviano.<\/p>\n\n\n\n<p>.-Fatima Rallo Gutierrez, Internacionalista, Antrop\u00f3loga Dirigente Social. Paraguay.<\/p>\n\n\n\n<p>.-Pablo Micheli, Secretario General Central de Trabajadores de Argentina.<\/p>\n\n\n\n<p>.-Paula Klachko, Coordinadora de la REDH Argentina.<\/p>\n\n\n\n<p>.-Norma Guevara, Ex Diputada y Ex Secretaria General Adjunta del Frente Farabundo Mart\u00ed para la Liberaci\u00f3n Nacional (FMLN) El Salvador.<\/p>\n\n\n\n<p>.-Thelma Luzzani, Periodista y Escritora de Argentina.<\/p>\n\n\n\n<p>.-V\u00edctor Bassuk, Cineasta, APRI-. Argentina.<\/p>\n\n\n\n<p>Graciela Ram\u00edrez Cruz, Coordinadora Comit\u00e9 Internacional Paz, Justicia y Dignidad a los Pueblos, Cuba.<\/p>\n\n\n\n<p>.-Carlos Javier Estrada. Subsecretario de Comunicaci\u00f3n Estrat\u00e9gica y Prensa de Honduras.<\/p>\n\n\n\n<p>.-Mar\u00eda Remedios Garc\u00eda Albert. Espa\u00f1a.<\/p>\n\n\n\n<p>.-Federico Lopardo, \u00c1rea de Relaciones Internacionales de la Corriente Nuestra Patria, Argentina.<\/p>\n\n\n\n<p>.-Fernanda Pereyra, Secretaria de Relaciones Internacionales de la UTEP, Argentina.<\/p>\n\n\n\n<p>.-Alberto Larrambebere, M\u00fasico y Cineasta. Argentina.<\/p>\n\n\n\n<p>.-Miguel Petridis, Psic\u00f3logo. Argentina.<\/p>\n\n\n\n<p>.-Alberto Grillon, Ex Senador del Frente Guazu. Paraguay.<\/p>\n\n\n\n<p><strong>La Asamblea Internacional de los pueblos rechaza la extradici\u00f3n de Julian Assange assange por la libertad de Julian Assange: \u00abHip\u00f3critas\u2026 sois como sepulcros blanqueados Padre de Julian Assange: \u201cSi mi hijo cae y es extraditado a EE.UU. cae el periodismo\u201d&nbsp;<\/strong><\/p>\n\n\n\n<p>.-Oscar Gonz\u00e1lez, Ex Diputado Nacional, Presidente de Asociaci\u00f3n Democracia Participativa. Argentina.<\/p>\n\n\n\n<p>.-Alberto Girondo, Periodista de Tiempo Argentino.<\/p>\n\n\n\n<p>.-Horacio Viqueira, Diputado Nacional (MC). Frente Grande. Argentina.<\/p>\n\n\n\n<p>.-Francisco L\u00f3pez. Coordinador de Podemos Argentina. GT&nbsp; de Participaci\u00f3n y C\u00edrculos de Podemos Exterior.<\/p>\n\n\n\n<p>.-Minou Tav\u00e1rez Mirabal, Militante Pol\u00edtica. Rep\u00fablica Dominicana.<\/p>\n\n\n\n<p>.-Andr\u00e9s Bercum, Secretario de Relaciones Internacionales Corriente Peronista Descamisados. Argentina.<\/p>\n\n\n\n<p>.-Andr\u00e9s Rodr\u00edguez, Secretario de Relaciones Internacionales de Nuevo Encuentro. Argentina.<\/p>\n\n\n\n<p>.-Secil Oswaldo De Le\u00f3n, Profesor Universitario Guatemala.<\/p>\n\n\n\n<p>.-Julio Gambina, Fundaci\u00f3n de Investigaciones Sociales y Pol\u00edticas. Argentina.<\/p>\n\n\n\n<p>.-Jos\u00e9 Pacheco, Secretario General Del Partido Pueblo Unido \u2013 Per\u00fa.<\/p>\n\n\n\n<p>.-Tirso Saenz, Ex Ministro de la Industria de Cuba bajo las \u00d3rdenes de Ernesto Guevara.<\/p>\n\n\n\n<p>.-Alberto Nadra, Escritor y Periodista. Argentina.<\/p>\n\n\n\n<p>.-Daniel Ponzo, Periodista. Argentina.<\/p>\n\n\n\n<p>.-Geraldina Colotti, Periodista y Escritora Italiana.<\/p>\n\n\n\n<p>.-Dante Alfaro, Sindicalista Docente Escritor. Integra la Internacional Antimperialista de los Pueblos. Argentina.<\/p>\n\n\n\n<p>.-Juan Dionisio Rodr\u00edguez, Diputado por el Frente Amplio de Rep\u00fablica Dominicana.<\/p>\n\n\n\n<p>.-Maria Stella C\u00e1ceres, Periodista y Directora Fundadora del Museo de Las Memorias: Dictadura y Derechos Humanos Paraguay.<\/p>\n\n\n\n<p>.-Lorena Lores, Cantante y Actriz. Argentina.<\/p>\n\n\n\n<p>.-Norberto L\u00f3pez, Empresario. Argentina.<\/p>\n\n\n\n<p>H\u00e9ctor Castro P\u00e9rez, Economista, Per\u00fa.<\/p>\n\n\n\n<p>.-Sergio Maldonado, Defensor de Derechos Humanos&nbsp; y Hno. De Santiago Maldonado, Argentina.<\/p>\n\n\n\n<p>.-Taty Almeida, Por Madres de Plaza de Mayo L.F., Argentina.<\/p>\n\n\n\n<p>.-Lidia Doninni, Docente y Activista Defensora de Derechos Humano, Paraguay.<\/p>\n\n\n\n<p>.-Ricardo Pati\u00f1o Aroca, Ex Ministro de Relaciones Exteriores de Ecuador.<\/p>\n\n\n\n<p>.-Hugo \u201cCachorro\u201d Godoy, Secretario General de ATE, Argentina<\/p>\n\n\n\n<p>.-Edgardo Hern\u00e1n Cardo, Periodista, Presidente del Instituto de Investigaci\u00f3n y An\u00e1lisis Geopol\u00edtico Alexandre P\u00e9tion, Argentina.<\/p>\n\n\n\n<p>.-Ren\u00e9 Ortiz Mu\u00f1iz, Enlace Legislativo C\u00e1mara De Diputados Morena M\u00e9xico.<\/p>\n\n\n\n<p>.-Juan Manuel Flores Cornejo. Preside La Federaci\u00f3n Centroamericana de Amistad China. Miembro del Consejo Nacional Del Frente Farabundo Mart\u00ed para la Liberaci\u00f3n Nacional (FMLN) El Salvador.<\/p>\n\n\n\n<p>.-Anabel Belloso, Diputada a la Asamblea Legislativa de El Salvador. Integrante de la Comisi\u00f3n Pol\u00edtica del Frente Farabundo Mart\u00ed para la Liberaci\u00f3n Nacional (FMLN).<\/p>\n\n\n\n<p>.-Lorena Pe\u00f1a, Presidenta de la Federaci\u00f3n Democr\u00e1tica Internacional de Mujeres-FDIM- Ex presidenta de la Asamblea Legislativa de El Salvador.<\/p>\n\n\n\n<p>.-Alejandro Navarro Brain, Presidente del Foro Latinoamericano de Derechos Humanos ( FOLACH ). Ex Senador de la Rep\u00fablica de&nbsp; Chile.<\/p>\n\n\n\n<p>.-Esteban Silva Cuadra, Presidente Fundaci\u00f3n Constituyente XXI, Chile.<\/p>\n\n\n\n<p>.-Adolfo Mendoza, Dirigente del M\u00c1S Bolivia, Diputado Presidente del Parlamento Andino<\/p>\n\n\n\n<p>Luisa Valenzuela, Novelista y periodista, Argentina.<\/p>\n\n\n\n<p>.-Jorge Rivas, Dirigente socialista. Argentina.<\/p>\n\n\n\n<p>.-Allan Fajardo Reina, Soci\u00f3logo, Honduras.<\/p>\n\n\n\n<p>.-Francisco L\u00f3pez, Red de C\u00edrculos Podemos Latinoam\u00e9rica, Argentina.<\/p>\n\n\n\n<p>.-Fernando Bossi, Director Portal Alba, argentino venezolano. Fundador del Congreso Bolivariano de los Pueblos, Argentina.<\/p>\n\n\n\n<p>.-M\u00f3nica Sainz, Fundaci\u00f3n Emancipaci\u00f3n, argentina venezolana, Venezuela.<\/p>\n\n\n\n<p>.-Cris Gonz\u00e1lez, Directora de la Revista Correo del Alba, Venezuela.<\/p>\n\n\n\n<p>.-Roberto Perd\u00eda, Ex conducci\u00f3n de Montoneros \u2013 OLP Resistir y Luchar, Argentina.<\/p>\n\n\n\n<p>.-Hector Bejar. Escritor, Ex Canciller de Per\u00fa.<\/p>\n\n\n\n<p>.-Jasael Torres, Secretario Nacional de .-Juventud del FMLD, El Salvador.<\/p>\n\n\n\n<p>.-Juan Hubieres, Ex Diputado Presidente Cap\u00edtulo Dominicano.<\/p>\n\n\n\n<p>.-Juan Andr\u00e9s Compres, Ex Diputado Vicepresidente Cap\u00edtulo dominicano.<\/p>\n\n\n\n<p>.-Miguel Eduardo Espinal, Relaciones Internacionales Cap\u00edtulo Dominicano.<\/p>\n\n\n\n<p>.-Albertina M\u00e9ndez, Secretaria Cap\u00edtulo Dominicano.<\/p>\n\n\n\n<p>.-Txema Guijarro Garc\u00eda, Diputado Nacional Unidas Podemos, Espa\u00f1a.<\/p>\n\n\n\n<p>.-Marco Consolo. Refundaci\u00f3n Comunista, Italia.<\/p>\n\n\n\n<p>.-Ver\u00f3nica Costilla. Escritora, TGD Padres, Argentina.<\/p>\n\n\n\n<p>.-Myriam Archerito, Escritora, Argentina.<\/p>\n\n\n\n<p>.-Ana Navone. Escritora Argentina.<\/p>\n\n\n\n<p>.-Alonso Acosta, Lund, Suecia.<\/p>\n\n\n\n<p>\u201cFrente Intercontinental del FMLN\u201c.<\/p>\n\n\n\n<p>.-Asociaci\u00f3n Taxistas De Buenos Aires, Rep\u00fablica de Argentina.<\/p>\n\n\n\n<p>.-Asociaci\u00f3n Civil Alexandre P\u00e9tion, Argentina.<\/p>\n\n\n\n<p>&nbsp;<strong>La Asamblea Internacional de los pueblos rechaza la extradici\u00f3n de Julian Assange assange por la libertad de Julian Assange: \u00abHip\u00f3critas\u2026 sois como sepulcros blanqueados Padre de Julian Assange: \u201cSi mi hijo cae y es extraditado a EE.UU. cae el periodismo\u201d&nbsp;<\/strong><\/p>\n\n\n\n<figure class=\"wp-block-image size-large\"><img loading=\"lazy\" decoding=\"async\" width=\"1200\" height=\"1800\" src=\"http:\/\/xn--tuvozdiasporaespaola-k7b.com\/wp-content\/uploads\/2022\/09\/1200px-rueda_de_prensa_conjunta_entre_canciller_ricardo_patic3b1o_y_julian_assange_-_149538806218733230522569574921..jpg?w=683\" alt=\"\" class=\"wp-image-181\" srcset=\"https:\/\/xn--tuvozdiasporaespaola-k7b.com\/wp-content\/uploads\/2022\/09\/1200px-rueda_de_prensa_conjunta_entre_canciller_ricardo_patic3b1o_y_julian_assange_-_149538806218733230522569574921..jpg 1200w, https:\/\/xn--tuvozdiasporaespaola-k7b.com\/wp-content\/uploads\/2022\/09\/1200px-rueda_de_prensa_conjunta_entre_canciller_ricardo_patic3b1o_y_julian_assange_-_149538806218733230522569574921.-200x300.jpg 200w, https:\/\/xn--tuvozdiasporaespaola-k7b.com\/wp-content\/uploads\/2022\/09\/1200px-rueda_de_prensa_conjunta_entre_canciller_ricardo_patic3b1o_y_julian_assange_-_149538806218733230522569574921.-683x1024.jpg 683w, https:\/\/xn--tuvozdiasporaespaola-k7b.com\/wp-content\/uploads\/2022\/09\/1200px-rueda_de_prensa_conjunta_entre_canciller_ricardo_patic3b1o_y_julian_assange_-_149538806218733230522569574921.-768x1152.jpg 768w\" sizes=\"(max-width: 1200px) 100vw, 1200px\" \/><\/figure>\n\n\n\n<p>FUENTES : Kaosenlared.&nbsp;Comunicaci\u00f3n&nbsp; Red de C\u00edrculos Podemos Latinoam\u00e9rica<\/p>\n\n\n\n<p><\/p>\n","protected":false},"excerpt":{"rendered":"<p>El expresidente presidente de la Rep\u00fablica de Honduras y actual presidente de la Internacional Antiimperialista de los Pueblos en defensa de la Humanidad y &#8230; <\/p>\n<p class=\"read-more-container\"><a title=\"Manuel Zelaya y destacadas personalidades reclaman la libertad de Julian Assange.\" class=\"read-more button\" href=\"https:\/\/xn--tuvozdiasporaespaola-k7b.com\/page\/2\/manuel-zelaya-y-destacadas-personalidades-reclaman-la-libertad-de-julian-assange\/#more-178\" aria-label=\"M\u00e1s en Manuel Zelaya y destacadas personalidades reclaman la libertad de Julian Assange.\">Leer m\u00e1s<\/a><\/p>\n","protected":false},"author":222560522,"featured_media":0,"comment_status":"open","ping_status":"open","sticky":false,"template":"","format":"standard","meta":{"footnotes":""},"categories":[1771],"tags":[],"class_list":["post-178","post","type-post","status-publish","format-standard","hentry","category-sociales"],"_links":{"self":[{"href":"https:\/\/xn--tuvozdiasporaespaola-k7b.com\/page\/2\/wp-json\/wp\/v2\/posts\/178","targetHints":{"allow":["GET"]}}],"collection":[{"href":"https:\/\/xn--tuvozdiasporaespaola-k7b.com\/page\/2\/wp-json\/wp\/v2\/posts"}],"about":[{"href":"https:\/\/xn--tuvozdiasporaespaola-k7b.com\/page\/2\/wp-json\/wp\/v2\/types\/post"}],"author":[{"embeddable":true,"href":"https:\/\/xn--tuvozdiasporaespaola-k7b.com\/page\/2\/wp-json\/wp\/v2\/users\/222560522"}],"replies":[{"embeddable":true,"href":"https:\/\/xn--tuvozdiasporaespaola-k7b.com\/page\/2\/wp-json\/wp\/v2\/comments?post=178"}],"version-history":[{"count":0,"href":"https:\/\/xn--tuvozdiasporaespaola-k7b.com\/page\/2\/wp-json\/wp\/v2\/posts\/178\/revisions"}],"wp:attachment":[{"href":"https:\/\/xn--tuvozdiasporaespaola-k7b.com\/page\/2\/wp-json\/wp\/v2\/media?parent=178"}],"wp:term":[{"taxonomy":"category","embeddable":true,"href":"https:\/\/xn--tuvozdiasporaespaola-k7b.com\/page\/2\/wp-json\/wp\/v2\/categories?post=178"},{"taxonomy":"post_tag","embeddable":true,"href":"https:\/\/xn--tuvozdiasporaespaola-k7b.com\/page\/2\/wp-json\/wp\/v2\/tags?post=178"}],"curies":[{"name":"wp","href":"https:\/\/api.w.org\/{rel}","templated":true}]}}