{"id":173,"date":"2022-09-15T03:09:05","date_gmt":"2022-09-15T06:09:05","guid":{"rendered":"https:\/\/xn--tuvozdiasporaespaola-k7b.com\/2022\/09\/15\/que-tiemble-el-universo-de-joaquin-polo-recorre-espana\/"},"modified":"2022-09-15T03:09:05","modified_gmt":"2022-09-15T06:09:05","slug":"que-tiemble-el-universo-de-joaquin-polo-recorre-espana","status":"publish","type":"post","link":"https:\/\/xn--tuvozdiasporaespaola-k7b.com\/page\/2\/que-tiemble-el-universo-de-joaquin-polo-recorre-espana\/","title":{"rendered":"\u00a1QUE TIEMBLE EL UNIVERSO! de Joaquin\u00a0 Polo recorre Espa\u00f1a"},"content":{"rendered":"\n<p>La Red de C\u00edrculos Podemos Latinoam\u00e9rica de Podemos Exterior\u00a0\u00a0 recorre Espa\u00f1a .<\/p>\n\n\n\n<p>El d\u00eda 14 de septiembre la Red de C\u00edrculos de Latinoam\u00e9rica\u00a0 empez\u00f3 una gira por Espa\u00f1a presentando el Documental\u00a0\u00a0 \u00a1QUE TIEMBLE EL UNIVERSO!<\/p>\n\n\n\n<figure class=\"wp-block-image size-large\"><img fetchpriority=\"high\" decoding=\"async\" width=\"1600\" height=\"900\" src=\"http:\/\/xn--tuvozdiasporaespaola-k7b.com\/wp-content\/uploads\/2022\/09\/img-20220914-wa01054269376477554628410.jpg?w=1024\" alt=\"\" class=\"wp-image-168\" srcset=\"https:\/\/xn--tuvozdiasporaespaola-k7b.com\/wp-content\/uploads\/2022\/09\/img-20220914-wa01054269376477554628410.jpg 1600w, https:\/\/xn--tuvozdiasporaespaola-k7b.com\/wp-content\/uploads\/2022\/09\/img-20220914-wa01054269376477554628410-300x169.jpg 300w, https:\/\/xn--tuvozdiasporaespaola-k7b.com\/wp-content\/uploads\/2022\/09\/img-20220914-wa01054269376477554628410-1024x576.jpg 1024w, https:\/\/xn--tuvozdiasporaespaola-k7b.com\/wp-content\/uploads\/2022\/09\/img-20220914-wa01054269376477554628410-768x432.jpg 768w, https:\/\/xn--tuvozdiasporaespaola-k7b.com\/wp-content\/uploads\/2022\/09\/img-20220914-wa01054269376477554628410-1568x882.jpg 1568w\" sizes=\"(max-width: 1600px) 100vw, 1600px\" \/><figcaption class=\"wp-element-caption\">Joaqu\u00edn\u00a0 Polo presentando el acto <\/figcaption><\/figure>\n\n\n\n<p>En la primera parada en la ciudad de M\u00e1laga en un espacio como LA NAVE junto a Nico Sguiglia concejal de\u00a0 Podemos Malaga que presento el acto y la presencia de militantes y simpatizantes\u00a0, se pudo comprobar la gran Expectaci\u00f3n\u00a0 y la emoci\u00f3n que caus\u00f3 este trabajo de Joaquin Polo que m\u00e1s que nadie supo llegar al espectador con emociones y despertar ante la realidad de Latinoamerica y la lucha Progresista, esa rebeld\u00eda Humana\u00a0 para conseguir\u00a0 derechos .<\/p>\n\n\n\n<figure class=\"wp-block-image size-large\"><img decoding=\"async\" width=\"1080\" height=\"602\" src=\"http:\/\/xn--tuvozdiasporaespaola-k7b.com\/wp-content\/uploads\/2022\/09\/screenshot_20220914-230357_telegram749675762029895590.jpg?w=1024\" alt=\"\" class=\"wp-image-169\" srcset=\"https:\/\/xn--tuvozdiasporaespaola-k7b.com\/wp-content\/uploads\/2022\/09\/screenshot_20220914-230357_telegram749675762029895590.jpg 1080w, https:\/\/xn--tuvozdiasporaespaola-k7b.com\/wp-content\/uploads\/2022\/09\/screenshot_20220914-230357_telegram749675762029895590-300x167.jpg 300w, https:\/\/xn--tuvozdiasporaespaola-k7b.com\/wp-content\/uploads\/2022\/09\/screenshot_20220914-230357_telegram749675762029895590-1024x571.jpg 1024w, https:\/\/xn--tuvozdiasporaespaola-k7b.com\/wp-content\/uploads\/2022\/09\/screenshot_20220914-230357_telegram749675762029895590-768x428.jpg 768w\" sizes=\"(max-width: 1080px) 100vw, 1080px\" \/><figcaption class=\"wp-element-caption\">Nico Sguiglia <\/figcaption><\/figure>\n\n\n\n<p>Una lucha reflejada en Argentina,\u00a0 Colombia, Brasil y Chile como ejemplo\u00a0 de toda la lucha Latinoam\u00e9ricana en la Patria Grande\u00a0 tras ello se celebr\u00f3 una charla coloquio con el Director\u00a0\u00a0 y los espectadores Analizando el poder de la Presa Medi\u00e1tica,\u00a0 o C\u00f3mo EEUU financia \u00f3rganos de prensa de todo mundo para comprar influencia medi\u00e1tica analizando como el gobierno estadounidense financia en secreto a medios de prensa y periodistas extranjeros. Organismos gubernamentales incluido el Departamento de Estado, el Departamento de Defensa, la Agencia de Estados Unidos para el Desarrollo Internacional (USAID), la Fundaci\u00f3n Nacional para la Democracia (NED por sus siglas en ingl\u00e9s), los Junta de Gobernadores para la Radiodifusi\u00f3n BBG y el Instituto estadounidense para la Paz (USIP) apoyan el \u00abdesarrollo de los medios de comunicaci\u00f3n\u00bb en m\u00e1s de 70 pa\u00edses.<\/p>\n\n\n\n<figure class=\"wp-block-image size-large\"><img decoding=\"async\" width=\"1600\" height=\"900\" src=\"http:\/\/xn--tuvozdiasporaespaola-k7b.com\/wp-content\/uploads\/2022\/09\/img-20220914-wa01041841760654205904197.jpg?w=1024\" alt=\"\" class=\"wp-image-170\" srcset=\"https:\/\/xn--tuvozdiasporaespaola-k7b.com\/wp-content\/uploads\/2022\/09\/img-20220914-wa01041841760654205904197.jpg 1600w, https:\/\/xn--tuvozdiasporaespaola-k7b.com\/wp-content\/uploads\/2022\/09\/img-20220914-wa01041841760654205904197-300x169.jpg 300w, https:\/\/xn--tuvozdiasporaespaola-k7b.com\/wp-content\/uploads\/2022\/09\/img-20220914-wa01041841760654205904197-1024x576.jpg 1024w, https:\/\/xn--tuvozdiasporaespaola-k7b.com\/wp-content\/uploads\/2022\/09\/img-20220914-wa01041841760654205904197-768x432.jpg 768w, https:\/\/xn--tuvozdiasporaespaola-k7b.com\/wp-content\/uploads\/2022\/09\/img-20220914-wa01041841760654205904197-1568x882.jpg 1568w\" sizes=\"(max-width: 1600px) 100vw, 1600px\" \/><figcaption class=\"wp-element-caption\">Junto a parte de\u00a0 los asistentes al acto .<\/figcaption><\/figure>\n\n\n\n<p>O como la fuerza de la militancia activa en la calle consigue\u00a0 en Latinoam\u00e9rica\u00a0 cambios por la v\u00eda Democr\u00e1tica\u00a0 hacia gobiernos progresistas\u00a0debatiendo como trasladarlo a\u00a0 Espa\u00f1a\u00a0 esa movilizaci\u00f3n popular y democr\u00e1tica de reveindicacion de derechos pir la v\u00eda popular.<\/p>\n\n\n\n<p>O como combatir al poder medi\u00e1tico o las clocas de Estado desde una contraofensiva en medios y redes\u00a0 siendo esta una trinchera de Lucha para contener el ascenso de fascismo .<\/p>\n\n\n\n<p>Tras Malaga\u00a0 se continua con la gira por la Ciudad de Valencia <\/p>\n\n\n\n<figure class=\"wp-block-image size-large\"><img loading=\"lazy\" decoding=\"async\" width=\"1072\" height=\"1186\" src=\"http:\/\/xn--tuvozdiasporaespaola-k7b.com\/wp-content\/uploads\/2022\/09\/screenshot_20220914-113641_telegram951585333321215153.jpg?w=926\" alt=\"\" class=\"wp-image-165\" srcset=\"https:\/\/xn--tuvozdiasporaespaola-k7b.com\/wp-content\/uploads\/2022\/09\/screenshot_20220914-113641_telegram951585333321215153.jpg 1072w, https:\/\/xn--tuvozdiasporaespaola-k7b.com\/wp-content\/uploads\/2022\/09\/screenshot_20220914-113641_telegram951585333321215153-271x300.jpg 271w, https:\/\/xn--tuvozdiasporaespaola-k7b.com\/wp-content\/uploads\/2022\/09\/screenshot_20220914-113641_telegram951585333321215153-926x1024.jpg 926w, https:\/\/xn--tuvozdiasporaespaola-k7b.com\/wp-content\/uploads\/2022\/09\/screenshot_20220914-113641_telegram951585333321215153-768x850.jpg 768w\" sizes=\"(max-width: 1072px) 100vw, 1072px\" \/><\/figure>\n\n\n\n<p>Continuando en CASTILLA la MANCHA\u00a0 en la ciudad de Guadalajara.\u00a0 donde presentar\u00e1 el acto Asunci\u00f3n Mateo Gamez Secretar\u00eda de Igualdad de Castilla la Mancha <\/p>\n\n\n\n<figure class=\"wp-block-image size-large\"><img loading=\"lazy\" decoding=\"async\" width=\"1080\" height=\"1507\" src=\"http:\/\/xn--tuvozdiasporaespaola-k7b.com\/wp-content\/uploads\/2022\/09\/screenshot_20220914-210943_telegram6633464320220617744.jpg?w=734\" alt=\"\" class=\"wp-image-167\" srcset=\"https:\/\/xn--tuvozdiasporaespaola-k7b.com\/wp-content\/uploads\/2022\/09\/screenshot_20220914-210943_telegram6633464320220617744.jpg 1080w, https:\/\/xn--tuvozdiasporaespaola-k7b.com\/wp-content\/uploads\/2022\/09\/screenshot_20220914-210943_telegram6633464320220617744-215x300.jpg 215w, https:\/\/xn--tuvozdiasporaespaola-k7b.com\/wp-content\/uploads\/2022\/09\/screenshot_20220914-210943_telegram6633464320220617744-734x1024.jpg 734w, https:\/\/xn--tuvozdiasporaespaola-k7b.com\/wp-content\/uploads\/2022\/09\/screenshot_20220914-210943_telegram6633464320220617744-768x1072.jpg 768w\" sizes=\"(max-width: 1080px) 100vw, 1080px\" \/><\/figure>\n\n\n\n<p>Y terminar\u00e1 la exposici\u00f3n en Madrid con la Presencia de Patricia Fesser representante de Podemos Exterior\u00a0 y Francisco L\u00f3pez\u00a0 de la Red de C\u00edrculos de Latinoam\u00e9rica .<\/p>\n\n\n\n<p>En est\u00e1 gira esta presente tambi\u00e9n Diego Samiguel\u00a0\u00a0 consejero electo del Consejo de Residentes Espa\u00f1oles de Buenos Aires\u00a0 y Responsable de Terrirorio de y CREs de Podemos Argentina prov.\u00a0 Y Podemos Exterior .<\/p>\n\n\n\n<figure class=\"wp-block-image size-large\"><img loading=\"lazy\" decoding=\"async\" width=\"866\" height=\"1213\" src=\"http:\/\/xn--tuvozdiasporaespaola-k7b.com\/wp-content\/uploads\/2022\/09\/img-20220912-wa00292129115969673214166.jpg?w=731\" alt=\"\" class=\"wp-image-166\" srcset=\"https:\/\/xn--tuvozdiasporaespaola-k7b.com\/wp-content\/uploads\/2022\/09\/img-20220912-wa00292129115969673214166.jpg 866w, https:\/\/xn--tuvozdiasporaespaola-k7b.com\/wp-content\/uploads\/2022\/09\/img-20220912-wa00292129115969673214166-214x300.jpg 214w, https:\/\/xn--tuvozdiasporaespaola-k7b.com\/wp-content\/uploads\/2022\/09\/img-20220912-wa00292129115969673214166-731x1024.jpg 731w, https:\/\/xn--tuvozdiasporaespaola-k7b.com\/wp-content\/uploads\/2022\/09\/img-20220912-wa00292129115969673214166-768x1076.jpg 768w\" sizes=\"(max-width: 866px) 100vw, 866px\" \/><\/figure>\n\n\n\n<p>Sin lugar a dudas,\u00a0 tras el paso por Bruselas\u00a0 y M\u00e1laga\u00a0 llegamos a la conclusi\u00f3n que este modelo de Cine \u00a0\u00a0 refleja a trav\u00e9s\u00a0 de este\u00a0 documental la necesidad\u00a0 despertar conciencias\u00a0 y reflexionar sobre cuando , donde y como tenemos que combatir con cada uno de los elementos que tenemos cerca\u00a0 la prensa medi\u00e1tica y los poderes facticos\u00a0 en Europa y en Am\u00e9rica Latina. <\/p>\n\n\n\n<figure class=\"wp-block-video\"><video height=\"1080\" style=\"aspect-ratio: 1920 \/ 1080;\" width=\"1920\" controls src=\"http:\/\/xn--tuvozdiasporaespaola-k7b.com\/wp-content\/uploads\/2022\/09\/trailer_qteu-1.mp4\"><\/video><figcaption class=\"wp-element-caption\">Video promocional<\/figcaption><\/figure>\n\n\n\n<p>Equipo de Comunicaci\u00f3n de Podemos Latinoam\u00e9rica.<\/p>\n\n\n\n<figure class=\"wp-block-image size-large\"><img loading=\"lazy\" decoding=\"async\" width=\"1076\" height=\"528\" src=\"http:\/\/xn--tuvozdiasporaespaola-k7b.com\/wp-content\/uploads\/2022\/09\/screenshot_20220914-115942_whatsapp4151755905395945924.jpg?w=1024\" alt=\"\" class=\"wp-image-171\" srcset=\"https:\/\/xn--tuvozdiasporaespaola-k7b.com\/wp-content\/uploads\/2022\/09\/screenshot_20220914-115942_whatsapp4151755905395945924.jpg 1076w, https:\/\/xn--tuvozdiasporaespaola-k7b.com\/wp-content\/uploads\/2022\/09\/screenshot_20220914-115942_whatsapp4151755905395945924-300x147.jpg 300w, https:\/\/xn--tuvozdiasporaespaola-k7b.com\/wp-content\/uploads\/2022\/09\/screenshot_20220914-115942_whatsapp4151755905395945924-1024x502.jpg 1024w, https:\/\/xn--tuvozdiasporaespaola-k7b.com\/wp-content\/uploads\/2022\/09\/screenshot_20220914-115942_whatsapp4151755905395945924-768x377.jpg 768w\" sizes=\"(max-width: 1076px) 100vw, 1076px\" \/><figcaption class=\"wp-element-caption\">Miguel \u00c1ngel Ferris  y Joaqui  Polo en el Parlamento  Europeo <\/figcaption><\/figure>\n\n\n\n<p><\/p>\n","protected":false},"excerpt":{"rendered":"<p>La Red de C\u00edrculos Podemos Latinoam\u00e9rica de Podemos Exterior\u00a0\u00a0 recorre Espa\u00f1a . El d\u00eda 14 de septiembre la Red de C\u00edrculos de Latinoam\u00e9rica\u00a0 empez\u00f3 &#8230; <\/p>\n<p class=\"read-more-container\"><a title=\"\u00a1QUE TIEMBLE EL UNIVERSO! de Joaquin\u00a0 Polo recorre Espa\u00f1a\" class=\"read-more button\" href=\"https:\/\/xn--tuvozdiasporaespaola-k7b.com\/page\/2\/que-tiemble-el-universo-de-joaquin-polo-recorre-espana\/#more-173\" aria-label=\"M\u00e1s en \u00a1QUE TIEMBLE EL UNIVERSO! de Joaquin\u00a0 Polo recorre Espa\u00f1a\">Leer m\u00e1s<\/a><\/p>\n","protected":false},"author":222560522,"featured_media":0,"comment_status":"open","ping_status":"open","sticky":false,"template":"","format":"standard","meta":{"footnotes":""},"categories":[1771],"tags":[],"class_list":["post-173","post","type-post","status-publish","format-standard","hentry","category-sociales"],"_links":{"self":[{"href":"https:\/\/xn--tuvozdiasporaespaola-k7b.com\/page\/2\/wp-json\/wp\/v2\/posts\/173","targetHints":{"allow":["GET"]}}],"collection":[{"href":"https:\/\/xn--tuvozdiasporaespaola-k7b.com\/page\/2\/wp-json\/wp\/v2\/posts"}],"about":[{"href":"https:\/\/xn--tuvozdiasporaespaola-k7b.com\/page\/2\/wp-json\/wp\/v2\/types\/post"}],"author":[{"embeddable":true,"href":"https:\/\/xn--tuvozdiasporaespaola-k7b.com\/page\/2\/wp-json\/wp\/v2\/users\/222560522"}],"replies":[{"embeddable":true,"href":"https:\/\/xn--tuvozdiasporaespaola-k7b.com\/page\/2\/wp-json\/wp\/v2\/comments?post=173"}],"version-history":[{"count":0,"href":"https:\/\/xn--tuvozdiasporaespaola-k7b.com\/page\/2\/wp-json\/wp\/v2\/posts\/173\/revisions"}],"wp:attachment":[{"href":"https:\/\/xn--tuvozdiasporaespaola-k7b.com\/page\/2\/wp-json\/wp\/v2\/media?parent=173"}],"wp:term":[{"taxonomy":"category","embeddable":true,"href":"https:\/\/xn--tuvozdiasporaespaola-k7b.com\/page\/2\/wp-json\/wp\/v2\/categories?post=173"},{"taxonomy":"post_tag","embeddable":true,"href":"https:\/\/xn--tuvozdiasporaespaola-k7b.com\/page\/2\/wp-json\/wp\/v2\/tags?post=173"}],"curies":[{"name":"wp","href":"https:\/\/api.w.org\/{rel}","templated":true}]}}