{"id":164,"date":"2022-09-13T01:21:49","date_gmt":"2022-09-13T04:21:49","guid":{"rendered":"https:\/\/xn--tuvozdiasporaespaola-k7b.com\/2022\/09\/13\/latinoamerica-de-revolucion-a-supervivencia-afrodescendientedominicana-cuba-haiti-venezuela-brasil-etc\/"},"modified":"2022-09-13T01:21:49","modified_gmt":"2022-09-13T04:21:49","slug":"latinoamerica-de-revolucion-a-supervivencia-afrodescendientedominicana-cuba-haiti-venezuela-brasil-etc","status":"publish","type":"post","link":"https:\/\/xn--tuvozdiasporaespaola-k7b.com\/page\/2\/latinoamerica-de-revolucion-a-supervivencia-afrodescendientedominicana-cuba-haiti-venezuela-brasil-etc\/","title":{"rendered":"\u00bf LATINOAM\u00c9RICA de REVOLUCI\u00d3N a SUPERVIVENCIA AFRODESCENDIENTE?Dominicana , Cuba , Hait\u00ed, Venezuela, Brasil etc\u2026"},"content":{"rendered":"\n<p>La revoluci\u00f3n haitiana (1791-1804) fue el primer movimiento revolucionario de Am\u00e9rica Latina? que culmin\u00f3 con la abolici\u00f3n de la esclavitud en la colonia francesa de\u00a0Saint-Domingue\u00a0y la proclamaci\u00f3n del Primer Imperio de Hait\u00ed. Expulsi\u00f3n del gobierno colonial franc\u00e9s. Abolici\u00f3n de la esclavitud en Hait\u00ed.<\/p>\n\n\n\n<figure class=\"wp-block-image size-large\"><img fetchpriority=\"high\" decoding=\"async\" width=\"855\" height=\"441\" src=\"http:\/\/xn--tuvozdiasporaespaola-k7b.com\/wp-content\/uploads\/2022\/09\/jean1332533602803727566.jpg?w=855\" alt=\"\" class=\"wp-image-157\" srcset=\"https:\/\/xn--tuvozdiasporaespaola-k7b.com\/wp-content\/uploads\/2022\/09\/jean1332533602803727566.jpg 855w, https:\/\/xn--tuvozdiasporaespaola-k7b.com\/wp-content\/uploads\/2022\/09\/jean1332533602803727566-300x155.jpg 300w, https:\/\/xn--tuvozdiasporaespaola-k7b.com\/wp-content\/uploads\/2022\/09\/jean1332533602803727566-768x396.jpg 768w\" sizes=\"(max-width: 855px) 100vw, 855px\" \/><\/figure>\n\n\n\n<p>\u00bfCu\u00e1l es el pa\u00eds con m\u00e1s poblaci\u00f3n negra de Iberoam\u00e9rica?<\/p>\n\n\n\n<p>La migraci\u00f3n forzada de millones de africanos al llamado continente americano \u2013Abya Yala en el imaginario prehisp\u00e1nico- cre\u00f3 amplias comunidades de negros o afrodescendientes en los pa\u00edses de la regi\u00f3n. En particular en la llamada Iberoam\u00e9rica, pa\u00edses de colonizaci\u00f3n espa\u00f1ola y portuguesa, que somos m\u00e1s del 98% de la regi\u00f3n al sur del R\u00edo Bravo. Excluimos los pa\u00edses de El Caribe angl\u00f3fono, francesa y neerlandesa, como tampoco los Estados Unidos por razones de claridad en el an\u00e1lisis. Los grandes contingentes de negros africanos fueron tra\u00eddas al continente de manera forzada del \u00c1frica subsahariana, en particular de \u00c1frica occidental, mediante un sistema que ha estado a la base del nacimiento del sistema capitalista europeo: el llamado Comercio Triangular.<br \/><\/p>\n\n\n\n<p>El Comercio Triangular fue el sistema mediante el cual el mundo naciente del capitalismo industrial en Gran Breta\u00f1a, Holanda y Francia exportaron productos industriales a \u00c1frica en intercambio de esclavos negros, que a su vez eran enviados al Caribe, M\u00e9xico y Suram\u00e9rica (Espa\u00f1a) y a Brasil (Portugal) para trabajar forzadamente en la econom\u00eda de plantaciones. Az\u00facar, cacao, caf\u00e9 y productos menores fueron as\u00ed integrados a los grandes pa\u00edses colonialistas de Europa: Espa\u00f1a, Portugal, Francia, Inglaterra, Pa\u00edses Bajos, entre los m\u00e1s relevantes (Capitalism and Slavery\/ Eric Williams 1962)<\/p>\n\n\n\n<figure class=\"wp-block-image size-large\"><img decoding=\"async\" width=\"600\" height=\"520\" src=\"http:\/\/xn--tuvozdiasporaespaola-k7b.com\/wp-content\/uploads\/2022\/09\/haiti_dessalines3691530864221158100.png?w=600\" alt=\"\" class=\"wp-image-158\" srcset=\"https:\/\/xn--tuvozdiasporaespaola-k7b.com\/wp-content\/uploads\/2022\/09\/haiti_dessalines3691530864221158100.png 600w, https:\/\/xn--tuvozdiasporaespaola-k7b.com\/wp-content\/uploads\/2022\/09\/haiti_dessalines3691530864221158100-300x260.png 300w\" sizes=\"(max-width: 600px) 100vw, 600px\" \/><figcaption class=\"wp-element-caption\">Prime emperador  Afrodescendiente en HAIT\u00cd <\/figcaption><\/figure>\n\n\n\n<p>Los primeros esclavos africanos llegados al Caribe y Am\u00e9rica fue en la primera colonia espa\u00f1ola: la Colonia de Santo Domingo, llamada por Crist\u00f3bal Col\u00f3n como Isla La Espa\u00f1ola. A partir de Santo Domingo, comenz\u00f3 la expansi\u00f3n y el desarrollo de la esclavitud africana en toda Am\u00e9rica, llegando paulatinamente a Venezuela, Colombia, Cuba, y hasta los virreinatos de Nueva Espa\u00f1a (M\u00e9xico), el R\u00edo de la Plata (Argentina y Uruguay), Virreinato del Per\u00fa (Per\u00fa, Bolivia, y Ecuador), el de Nueva Granda (hoy Colombia\/Panam\u00e1) y la Capitan\u00eda General de Venezuela. Evidentemente, la colonia portuguesa de Brasil tambi\u00e9n desarroll\u00f3, masivamente, la esclavitud africana, sobretodo en el nordeste de ese enorme pa\u00eds, el llamado Sert\u00e3o.<br \/><\/p>\n\n\n\n<p>En pocas palabras, la esclavitud africana en Abya Ala o Am\u00e9rica espa\u00f1ola y portuguesa se inicia en la Capitan\u00eda General y Real Audiencia de Santo Domingo y se expande por todo El Caribe, Am\u00e9rica del Sur, M\u00e9xico y parte del istmo centroamericano. Ello da pie a extensas poblaciones negras o mulatas (mestizo de negro y espa\u00f1ol o negro y portugu\u00e9s) en la conformaci\u00f3n racial actual de casi todos los pa\u00edses de Am\u00e9rica Latina. Los primeros esclavos africanos llegaron a Santo Domingo en 1501\/1502, luego de un largo debate sobre \u201cel alma\u201d de los tainos. La abolici\u00f3n de la esclavitud africana concluy\u00f3 en Cuba en 1880. Pr\u00e1cticamente 400 a\u00f1os de esclavitud trasatl\u00e1ntica.<\/p>\n\n\n\n<figure class=\"wp-block-image size-large\"><img decoding=\"async\" width=\"560\" height=\"449\" src=\"http:\/\/xn--tuvozdiasporaespaola-k7b.com\/wp-content\/uploads\/2022\/09\/1410328800_141032_1410328800_000_sumario_normal6655926306292111562.jpg?w=560\" alt=\"\" class=\"wp-image-159\" srcset=\"https:\/\/xn--tuvozdiasporaespaola-k7b.com\/wp-content\/uploads\/2022\/09\/1410328800_141032_1410328800_000_sumario_normal6655926306292111562.jpg 560w, https:\/\/xn--tuvozdiasporaespaola-k7b.com\/wp-content\/uploads\/2022\/09\/1410328800_141032_1410328800_000_sumario_normal6655926306292111562-300x241.jpg 300w\" sizes=\"(max-width: 560px) 100vw, 560px\" \/><figcaption class=\"wp-element-caption\">Explotaci\u00f3n de la esclavitud <\/figcaption><\/figure>\n\n\n\n<p>La Corona Hisp\u00e1nica concluy\u00f3 que los tainos eran \u201cseres humanos\u201d y que no pod\u00edan ser sometidos al r\u00e9gimen esclavo. El exterminio de los tainos y el desarrollo de labores agr\u00edcolas y mineras en la isla llev\u00f3 a la Monarqu\u00eda Hisp\u00e1nica y a distintas ordenes de la Iglesia Cat\u00f3lica a proponer la abolici\u00f3n de la esclavitud de los tainos y recomendar la \u201cimportaci\u00f3n\u201d de negros provenientes de \u00c1frica, oficializada con el\u00a0 inici\u00f3 antes de la Leyes Nuevas de 1542 en que formalmente proh\u00edben la esclavitud de los \u201cind\u00edgenas\u201d.<\/p>\n\n\n\n<figure class=\"wp-block-image size-large\"><img loading=\"lazy\" decoding=\"async\" width=\"900\" height=\"600\" src=\"http:\/\/xn--tuvozdiasporaespaola-k7b.com\/wp-content\/uploads\/2022\/09\/sandrapm-e15320385724435650791504938254058.jpeg?w=900\" alt=\"\" class=\"wp-image-160\" srcset=\"https:\/\/xn--tuvozdiasporaespaola-k7b.com\/wp-content\/uploads\/2022\/09\/sandrapm-e15320385724435650791504938254058.jpeg 900w, https:\/\/xn--tuvozdiasporaespaola-k7b.com\/wp-content\/uploads\/2022\/09\/sandrapm-e15320385724435650791504938254058-300x200.jpeg 300w, https:\/\/xn--tuvozdiasporaespaola-k7b.com\/wp-content\/uploads\/2022\/09\/sandrapm-e15320385724435650791504938254058-768x512.jpeg 768w\" sizes=\"(max-width: 900px) 100vw, 900px\" \/><\/figure>\n\n\n\n<p>Posteriormente, tanto portugueses, franceses, ingleses, como holandeses, establecen sus colonias y expanden la esclavitud africana en la hoy Am\u00e9rica Latina, el Caribe y el sur de Norte Am\u00e9rica. La trata negrera entre \u00c1frica Occidental, b\u00e1sicamente provenientes del Golfo de Guinea, e Iberoam\u00e9rica, el Caribe y Am\u00e9rica del Norte implic\u00f3 el traslado forzado de un estimado de 30 millones de africanos, muchos de ellos muertos en la traves\u00eda por las condiciones que sufr\u00edan en los llamados barcos negreros. Hay cifras divergentes que estiman la esclavitud trasatl\u00e1ntica en 12 millones hasta 60 millones de personas.\u00a0<\/p>\n\n\n\n<p>\u00bfCu\u00e1l es el pa\u00eds proporcionalmente con m\u00e1s afrodescendientes en Iberoam\u00e9rica, lo que excluye los pa\u00edses no latinos del Caribe?<\/p>\n\n\n\n<p>&nbsp;\u00bfCu\u00e1l es el peso y la situaci\u00f3n de esas comunidades de afrodescendientes en esta segunda d\u00e9cada del siglo XXI?&nbsp;<\/p>\n\n\n\n<p>Evidentemente que la poblaci\u00f3n afrodescendiente m\u00e1s numerosa de Iberoam\u00e9rica est\u00e1 en Brasil. En el \u00faltimo censo oficial (2010) de ese pa\u00eds de 213 millones de habitantes, se reconoce 43,4% de la poblaci\u00f3n como mestiza, que incluye mayormente mulatos de negros y blancos y mestizos de todo tipo, y un 7,5% de negros. Las encuestas trimestrales del Instituto Brasile\u00f1o de Geograf\u00eda y Estad\u00edsticas (IBGE) del segundo trimestre de 2021 reporta 45,9% de mestizos y mulatos, 8,8% de negros y un 44,2% de blancos.<\/p>\n\n\n\n<figure class=\"wp-block-image size-large\"><img loading=\"lazy\" decoding=\"async\" width=\"580\" height=\"393\" src=\"http:\/\/xn--tuvozdiasporaespaola-k7b.com\/wp-content\/uploads\/2022\/09\/60ec3569331344522030872746168705.jpeg?w=580\" alt=\"\" class=\"wp-image-161\" srcset=\"https:\/\/xn--tuvozdiasporaespaola-k7b.com\/wp-content\/uploads\/2022\/09\/60ec3569331344522030872746168705.jpeg 580w, https:\/\/xn--tuvozdiasporaespaola-k7b.com\/wp-content\/uploads\/2022\/09\/60ec3569331344522030872746168705-300x203.jpeg 300w\" sizes=\"(max-width: 580px) 100vw, 580px\" \/><figcaption class=\"wp-element-caption\">Cuba revoluci\u00f3n  constante <\/figcaption><\/figure>\n\n\n\n<p>Otras comunidades negras importantes est\u00e1n en Venezuela, Colombia, Ecuador, Per\u00fa, Panam\u00e1, Uruguay, la costa Caribe de Centroam\u00e9rica y existi\u00f3 una poblaci\u00f3n negra hoy diluida en Argentina. Evidentemente, las grandes poblaciones de afrodescendientes est\u00e1n en Cuba, Puerto Rico, Santo Domingo, Venezuela y Colombia. Ahora bien, el peso cultural e ideol\u00f3gico de la negritud no se corresponde con su presencia en la realidad racial de muchos de estos pa\u00edses, particularmente en Rep\u00fablica Dominicana. Se ha venido desarrollando un sentido de \u201corgullo de la cultura negra\u201d en la mayor\u00eda de esos pa\u00edses. En Cuba es evidente desde el triunfo de la revoluci\u00f3n en 1959, pero es claro que la mayor\u00eda de la poblaci\u00f3n cubana es de origen espa\u00f1ol o europeo \u2013estimado en 65% en el \u00faltimo censo de 2002, negros un 10%, mulatos 24% y 1% de asi\u00e1ticos-. Producto de la revoluci\u00f3n castrista, la cual aboli\u00f3 y combati\u00f3 activamente la discriminaci\u00f3n racial, se ha incrementado la poblaci\u00f3n mulata. Lo mismo ha sucedido en Puerto Rico, cuya poblaci\u00f3n tambi\u00e9n es mayormente de origen espa\u00f1ol.<\/p>\n\n\n\n<figure class=\"wp-block-image size-large\"><img loading=\"lazy\" decoding=\"async\" width=\"575\" height=\"383\" src=\"http:\/\/xn--tuvozdiasporaespaola-k7b.com\/wp-content\/uploads\/2022\/09\/f60fd232-dominicanos3991755533980499751.jpg?w=575\" alt=\"\" class=\"wp-image-162\" srcset=\"https:\/\/xn--tuvozdiasporaespaola-k7b.com\/wp-content\/uploads\/2022\/09\/f60fd232-dominicanos3991755533980499751.jpg 575w, https:\/\/xn--tuvozdiasporaespaola-k7b.com\/wp-content\/uploads\/2022\/09\/f60fd232-dominicanos3991755533980499751-300x200.jpg 300w\" sizes=\"(max-width: 575px) 100vw, 575px\" \/><\/figure>\n\n\n\n<p>Sin embargo, Santo Domingo o Rep\u00fablica Dominicana es el pa\u00eds con el mayor porcentaje de poblaci\u00f3n negra y mulata del Caribe espa\u00f1ol, la cual supera el 80%, con una mayor\u00eda de mulatos cercano a un 50%, 30% de negros y un 15\/20% de blancos. Pero la ideolog\u00eda dominante en este pa\u00eds, dada la historia nacional el triunfo de la revoluci\u00f3n anti esclavista en el antiguo Saint-Domingue, hoy Haiti en 1804, ha hecho esa ideolog\u00eda cada vez mas hispanista y de espaldas a la realidad multi\u00e9tnica de la naci\u00f3n con predominancia africana.<br \/><\/p>\n\n\n\n<p>La ideolog\u00eda dominante en nuestro pa\u00eds incorpora todav\u00eda el concepto de \u201cindio\u201d (claro, oscuro, canela, lavaito, entre otras) que son formas de llamar a los mulatos. Tambi\u00e9n es antropol\u00f3gicamente prevaleciente el concepto de \u201cpelo malo\u201d para referirse al pelo crespo africano. El antihaitianismo prevaleciente y exacerbado aumenta esta auto percepci\u00f3n de los dominicanos.&nbsp;Somos el pa\u00eds con m\u00e1s cantidad de afrodescendiente de Iberoam\u00e9rica, entre mulatos y negros, y no existe un solo Memorial de la Herencia Africana, a pesar de tener sitios simb\u00f3licos como los ingenios Palav\u00e9, Diego Caballero, Engombe o Nigua que bien podr\u00edan ser Museos Memoriales de la Esclavitud y la Herencia Africana. En diciembre de 1522 se produjo en Nigua la primera sublevaci\u00f3n de todo el continente. No existe un d\u00eda consagrado a la Herencia Africana Dominicana. El continente africano es lo m\u00e1s lejos en el ethos dominicano.<\/p>\n\n\n\n<figure class=\"wp-block-image size-large\"><img loading=\"lazy\" decoding=\"async\" width=\"789\" height=\"526\" src=\"http:\/\/xn--tuvozdiasporaespaola-k7b.com\/wp-content\/uploads\/2022\/09\/a12265873_922062434498408_1041233869103564501_os31645956798167810473.jpg?w=789\" alt=\"\" class=\"wp-image-163\" srcset=\"https:\/\/xn--tuvozdiasporaespaola-k7b.com\/wp-content\/uploads\/2022\/09\/a12265873_922062434498408_1041233869103564501_os31645956798167810473.jpg 789w, https:\/\/xn--tuvozdiasporaespaola-k7b.com\/wp-content\/uploads\/2022\/09\/a12265873_922062434498408_1041233869103564501_os31645956798167810473-300x200.jpg 300w, https:\/\/xn--tuvozdiasporaespaola-k7b.com\/wp-content\/uploads\/2022\/09\/a12265873_922062434498408_1041233869103564501_os31645956798167810473-768x512.jpg 768w\" sizes=\"(max-width: 789px) 100vw, 789px\" \/><\/figure>\n\n\n\n<p>Es hora de revalorizar nuestra herencia y composici\u00f3n racial diversa con marcado origen africano, de construir una ideolog\u00eda nacional orgullosa de nuestra herencia africana y del mestizaje, de resaltar los sitios hist\u00f3ricos ligados a la esclavitud y de expandir nuestra visi\u00f3n de mundo al principal ancestro del pueblo dominicano: \u00c1frica.<\/p>\n\n\n\n<p>Por Julio Ortega Tous&nbsp;<\/p>\n\n\n\n<p>C\u00edrculo de Podemos Rep\u00fablica Dominicana.<\/p>\n\n\n\n<p>Fuente: acento<\/p>\n","protected":false},"excerpt":{"rendered":"<p>La revoluci\u00f3n haitiana (1791-1804) fue el primer movimiento revolucionario de Am\u00e9rica Latina? que culmin\u00f3 con la abolici\u00f3n de la esclavitud en la colonia francesa &#8230; <\/p>\n<p class=\"read-more-container\"><a title=\"\u00bf LATINOAM\u00c9RICA de REVOLUCI\u00d3N a SUPERVIVENCIA AFRODESCENDIENTE?Dominicana , Cuba , Hait\u00ed, Venezuela, Brasil etc\u2026\" class=\"read-more button\" href=\"https:\/\/xn--tuvozdiasporaespaola-k7b.com\/page\/2\/latinoamerica-de-revolucion-a-supervivencia-afrodescendientedominicana-cuba-haiti-venezuela-brasil-etc\/#more-164\" aria-label=\"M\u00e1s en \u00bf LATINOAM\u00c9RICA de REVOLUCI\u00d3N a SUPERVIVENCIA AFRODESCENDIENTE?Dominicana , Cuba , Hait\u00ed, Venezuela, Brasil etc\u2026\">Leer m\u00e1s<\/a><\/p>\n","protected":false},"author":222560522,"featured_media":0,"comment_status":"open","ping_status":"open","sticky":false,"template":"","format":"standard","meta":{"footnotes":""},"categories":[1771],"tags":[],"class_list":["post-164","post","type-post","status-publish","format-standard","hentry","category-sociales"],"_links":{"self":[{"href":"https:\/\/xn--tuvozdiasporaespaola-k7b.com\/page\/2\/wp-json\/wp\/v2\/posts\/164","targetHints":{"allow":["GET"]}}],"collection":[{"href":"https:\/\/xn--tuvozdiasporaespaola-k7b.com\/page\/2\/wp-json\/wp\/v2\/posts"}],"about":[{"href":"https:\/\/xn--tuvozdiasporaespaola-k7b.com\/page\/2\/wp-json\/wp\/v2\/types\/post"}],"author":[{"embeddable":true,"href":"https:\/\/xn--tuvozdiasporaespaola-k7b.com\/page\/2\/wp-json\/wp\/v2\/users\/222560522"}],"replies":[{"embeddable":true,"href":"https:\/\/xn--tuvozdiasporaespaola-k7b.com\/page\/2\/wp-json\/wp\/v2\/comments?post=164"}],"version-history":[{"count":0,"href":"https:\/\/xn--tuvozdiasporaespaola-k7b.com\/page\/2\/wp-json\/wp\/v2\/posts\/164\/revisions"}],"wp:attachment":[{"href":"https:\/\/xn--tuvozdiasporaespaola-k7b.com\/page\/2\/wp-json\/wp\/v2\/media?parent=164"}],"wp:term":[{"taxonomy":"category","embeddable":true,"href":"https:\/\/xn--tuvozdiasporaespaola-k7b.com\/page\/2\/wp-json\/wp\/v2\/categories?post=164"},{"taxonomy":"post_tag","embeddable":true,"href":"https:\/\/xn--tuvozdiasporaespaola-k7b.com\/page\/2\/wp-json\/wp\/v2\/tags?post=164"}],"curies":[{"name":"wp","href":"https:\/\/api.w.org\/{rel}","templated":true}]}}