{"id":16,"date":"2022-08-20T00:50:13","date_gmt":"2022-08-20T03:50:13","guid":{"rendered":"https:\/\/xn--tuvozdiasporaespaola-k7b.com\/?p=16"},"modified":"2022-08-20T00:50:14","modified_gmt":"2022-08-20T03:50:14","slug":"red-de-circulos-de-podemos-latinoamerica-de-podemos-exterior-denuncia-trato-discriminatorio-de-los-viajes-del-imserso-para-la-diaspora-de-mayores-en-latinoamerica-y-reclama-subsanacion-urgente","status":"publish","type":"post","link":"https:\/\/xn--tuvozdiasporaespaola-k7b.com\/page\/2\/red-de-circulos-de-podemos-latinoamerica-de-podemos-exterior-denuncia-trato-discriminatorio-de-los-viajes-del-imserso-para-la-diaspora-de-mayores-en-latinoamerica-y-reclama-subsanacion-urgente\/","title":{"rendered":"Red de C\u00edrculos de Podemos Latinoam\u00e9rica de Podemos Exterior denuncia trato discriminatorio de los viajes del IMSERSO para la Diaspora de Mayores en Latinoam\u00e9rica y reclama subsanaci\u00f3n urgente"},"content":{"rendered":"\n<p><br><br>Seg\u00fan la\u00a0Orden SCB 926\/2018, de 10 de septiembre, por la que se regula el Programa de Turismo del Instituto de Mayores y Servicios Sociales, y la\u00a0Resoluci\u00f3n de 7 de junio de 2022, del Instituto de Mayores y Servicios Sociales, por la que se convocan plazas para personas mayores que deseen participar en el Programa de Turismo del\u00a0Imserso, podr\u00e1n acceder\u00a0 cumpliendo loa siguientes Requisitos para participar en el programa de viajes:<br><br><br>1)Ser\u00a0pensionista de jubilaci\u00f3n\u00a0del sistema de Seguridad Social espa\u00f1ol\u00a0 ser\u00a0pensionista de viudedad\u00a0con\u00a0cincuenta y cinco o m\u00e1s a\u00f1os de edad\u00a0del sistema de Seguridad Social espa\u00f1ol.Ser\u00a0pensionista por otros conceptos\u00a0del sistema de Seguridad Social espa\u00f1ol o\u00a0perceptor de prestaciones o subsidios de desempleo, con 60 a\u00f1os cumplidos o m\u00e1s a\u00f1os de edad.<br><br><br>2) Ser asegurado\u00a0o beneficiario del Sistema de la Seguridad Social espa\u00f1ol, con sesenta y cinco a\u00f1os cumplidos o m\u00e1s a\u00f1os de edad y para los Espa\u00f1oles residentes en el extranjero siempre que re\u00fanan alguno de los requisitos incluidos en el apartado 1.a).<br><br><br>\u00a0As\u00ed, los espa\u00f1oles residentes en Alemania, Andorra, Austria, B\u00e9lgica, Dinamarca, Finlandia, Francia, Holanda, Italia, Luxemburgo, Noruega, Portugal, Reino Unido, Suecia y Suiza, podr\u00e1n tramitarlo en las correspondientes Consejer\u00edas de Trabajo, Migraciones y Seguridad Social.<br><br><br>Y Espa\u00f1oles de origen emigrantes que hayan retornado a Espa\u00f1a, siempre que sean pensionistas de los sistemas p\u00fablicos de Seguridad Social del pa\u00eds o pa\u00edses a los que hubieran emigrado.<br><br><br>Siguiendo con lo aprobado las personas usuarias podr\u00e1n ir\u00a0acompa\u00f1adas por su c\u00f3nyuge\u00a0o, en su caso, por\u00a0pareja de hecho o persona con la que se constituye una uni\u00f3n estable y de convivencia\u00a0con an\u00e1loga relaci\u00f3n de afectividad a la conyugal, sin necesidad de que estos re\u00fanan los requisitos de edad o pensi\u00f3n.<br><br><br>Asimismo, podr\u00e1n ir\u00a0acompa\u00f1adas de los\/las hijos\/as con discapacidad, en grado igual o superior al\u00a045 por ciento, siempre que viajen con sus padres y se alojen en la misma habitaci\u00f3n o, en su caso, abonar el suplemento establecido para habitaciones dobles de uso individual que estar\u00e1 sujeto a la disponibilidad de plazas.<br><br><br>En todo caso,\u00a0las personas usuarias de plazas y sus acompa\u00f1antes deben valerse por s\u00ed mismas para realizar las actividades b\u00e1sicas de la vida diaria.<br><br><br>Si a\u00fan no est\u00e1s inscrito a continuaci\u00f3n tendr\u00e1s la oportunidad de conocer detalle a detalle c\u00f3mo hacerlo.<br><br><br><br>\u00bfC\u00f3mo se\u00a0 pueden apuntarse para disfrutar de los viajes del Imserso?<br><br><br>Existen varias opciones para inscribirse a los\u00a0viajes del Imserso. La m\u00e1s c\u00f3moda es v\u00eda online a trav\u00e9s de la\u00a0Sede Electr\u00f3nica. Siendo la primera vez es necesario darse de alta rellenando el formulario que se presenta al acceder a la web.<br><br><br>Si por el contrario ya has estado inscrito en el\u00a0Imserso\u00a0no tendr\u00e1s que volver a hacerlo. Ellos se pondr\u00e1n en contacto contigo para ofrecerte los nuevos destinos por correo. Eso s\u00ed, hay que notificar los cambios de domicilio o de contacto si se da el caso. Para actualizar este tipo de informaci\u00f3n solo hay que acceder a trav\u00e9s de Cl@ve y poner el n\u00famero de referencia que cada usuario encuentra en su carta anual del Imserso.<br><br>Otra opci\u00f3n es descargar el formulario, cumplimentarlo y enviarlo por correo a la direcci\u00f3n de los Servicios Centrales del Imserso localizados en la Calle Ginzo de Limia, 58 \u2013 28029, Madrid<br><br><br>Lamentamos\u00a0 una vez m\u00e1s que desde el Ministerio de\u00a0 Emigraci\u00f3n\u00a0 y el Ministerio de agenda 2030\u00a0 no se haya\u00a0 ampliado para la totalidad de nuestros mayores independientemente\u00a0 de donde residan (LATINOAM\u00c9RICA QUEDA EXCLUIDA por unas u otras causas),\u00a0 teniendo en cuenta la contribuci\u00f3n a las libertades pol\u00edticas de su lucha en muchos casos por el fin de la Dictadura de Franco y la recuperaci\u00f3n de la Democracia de la cual hoy disfrutamos sus Derechos y Libertades.<br><br><br>Reclamamos\u00a0 p\u00fablicamente una\u00a0 SUBSANACI\u00d3N y\u00a0 RECTIFICACI\u00d3N URGENTE\u00a0 y definitiva para restituir \u00a0 el derecho de toda la emigraci\u00f3n espa\u00f1ola, independientemente de en qu\u00e9 pa\u00eds haya cotizado, para acceder a la presente Campa\u00f1a de Viajes del IMSERSO del 2022-23 que da comienzos a mediados de diciembre.\u00a0\u00a0<br><br>Y apoyamos igualmente los reclamos a tal efecto\u00a0 de los Consejos de Residentes en el Exterior (CREs) en los que ha se ha aprobado estas propuestas as\u00ed como del \u00a0 Consejo General de la Ciudadan\u00eda Espa\u00f1ola en el Exterior (CGCEE).<br><br><br>Planteamos ayudas similares a las que ya estuvieron en vigor en el a\u00f1o 2011\u00a0 como\u00a0 AYUDAS DE VIAJES PARA ESPA\u00d1OLES MAYORES RESIDENTES EN EL EXTERIOR \u00c1MBITO TERRITORIAL.<br><br>En la que fueron BENEFICIARIOS de estas ayudas los ESPA\u00d1OLES que, reun\u00edan\u00a0 los requisitos de acceso exigidos, en\u00a0 estas situaciones:<br><br><br>&#8211; Ser pensionista de jubilaci\u00f3n, invalidez o viudedad del Sistema de Seguridad Social espa\u00f1ol, o del de cualquier otro pa\u00eds, o beneficiarios de la prestaci\u00f3n econ\u00f3mica por raz\u00f3n de necesidad, y tener en todo caso 60 a\u00f1os o m\u00e1s.<br><br>&#8211; Tener 65 a\u00f1os o m\u00e1s y residir en el exterior.<br><br><br>Los requisitos exigidos para poder acceder a esas\u00a0 ayudas fueron:<br><br>&#8211; Que se trate de espa\u00f1oles residentes en el exterior.<br><br>&#8211; Formar parte de alguno de los grupos de beneficiarios o acompa\u00f1antes.<br><br>&#8211; Que los solicitantes puedan valerse por s\u00ed mismos.<br><br>&#8211; Que no padezcan trastornos psicof\u00edsicos que alteren la normal convivencia.<br><br><br>Estas ayudas ten\u00edan\u00a0 por objeto costear parte del viaje a Espa\u00f1a de los espa\u00f1oles mayores residentes en el extranjero para participar en el Programa de Vacaciones para Mayores\u00a0 que llevo a cabo el Instituto de Mayores y Servicios Sociales (IMSERSO).<br><br>La finalidad de las ayudas fue\u00a0 facilitar a quienes salieron de nuestro pa\u00eds y ahora son residentes en el exterior el reencuentro con la sociedad espa\u00f1ola as\u00ed como el disfrute de los beneficios sociales existentes en Espa\u00f1a.<br><br><br>La Direcci\u00f3n General de la Ciudadan\u00eda Espa\u00f1ola en el Exterior subvenciono parcialmente el importe de los pasajes de traslado a Espa\u00f1a y de regreso al pa\u00eds de residencia de cada beneficiario.<br><br>El importe de la subvenci\u00f3n fue por el coste total del viaje a Espa\u00f1a en el caso de los perceptores de la prestaci\u00f3n econ\u00f3mica por raz\u00f3n de necesidad.<br><br>\u00a0De igual forma los beneficiarios abonaron las aportaciones que se establec\u00edan\u00a0 por la Direcci\u00f3n General de la Ciudadan\u00eda Espa\u00f1ola en el Exterior y el IMSERSO para participar en el Programa de Viajes para mayores. Asimismo, fueron\u00a0 por cuenta de los beneficiarios las tasas e impuestos incluidos en el billete a\u00e9reo que eran\u00a0 emitidos\u00a0 para participar en el programa y cualquier otro gasto que pudo\u00a0 derivarse de su participaci\u00f3n en este programa o del incumplimiento de las condiciones de realizaci\u00f3n del mismo.<br><br>Todo esto fue en funci\u00f3n del n\u00famero de plazas que pudo establecer\u00a0 el IMSERSO.<br><br>La Direcci\u00f3n General de la Ciudadan\u00eda Espa\u00f1ola fijaba el importe de la subvenci\u00f3n de los pa\u00edses de procedencia de los beneficiarios, valorando las iniciativas de los Consejos de Residentes Espa\u00f1oles u otras Instituciones que patrocinaron\u00a0 la participaci\u00f3n en este programa de personas sin recursos econ\u00f3micos.<br><br><br>Siendo para el per\u00edodo del 2011-12 el n\u00famero m\u00e1ximo\u00a0 que se subvencionar\u00f3n\u00a0 en esa convocatoria \u00a0 de 5.000 personas , correspondiendo a Latinoam\u00e9rica unas 4.500\u00a0 siendo Argentina 2.500 , Brasil\u00a0 810 , Venezuela 450\u00a0 Chile 152 , Cuba 109 entre las m\u00e1s principales .<br><br>Esperemos se subsane este error y se pueda\u00a0 Hacer Justicia con nuestros Mayores\u00a0 en la Di\u00e1spora y de no ser posible para este periodo\u00a0 2022-23 \u00a0 que sea la \u00faltima vez\u00a0 que se vuelva a caer en este error\u00a0 y que cerca de 4000 personas de la di\u00e1spora en esos casos excluidos no se queden fuera\u00a0 estamos con un Gobierno Progresista y el deber nuestro es no dejar a nadie atr\u00e1s desde las Instituciones pol\u00edticas\u00a0 tanto Nacionales o Aut\u00f3nomas .<br><br><\/p>\n\n\n\n<figure class=\"wp-block-image size-large\"><img fetchpriority=\"high\" decoding=\"async\" width=\"600\" height=\"398\" src=\"http:\/\/xn--tuvozdiasporaespaola-k7b.com\/wp-content\/uploads\/2022\/08\/imsersomaletashotel_opt.jpg?w=600\" alt=\"\" class=\"wp-image-15\" srcset=\"https:\/\/xn--tuvozdiasporaespaola-k7b.com\/wp-content\/uploads\/2022\/08\/imsersomaletashotel_opt.jpg 600w, https:\/\/xn--tuvozdiasporaespaola-k7b.com\/wp-content\/uploads\/2022\/08\/imsersomaletashotel_opt-300x199.jpg 300w\" sizes=\"(max-width: 600px) 100vw, 600px\" \/><\/figure>\n","protected":false},"excerpt":{"rendered":"<p>Seg\u00fan la\u00a0Orden SCB 926\/2018, de 10 de septiembre, por la que se regula el Programa de Turismo del Instituto de Mayores y Servicios Sociales, &#8230; <\/p>\n<p class=\"read-more-container\"><a title=\"Red de C\u00edrculos de Podemos Latinoam\u00e9rica de Podemos Exterior denuncia trato discriminatorio de los viajes del IMSERSO para la Diaspora de Mayores en Latinoam\u00e9rica y reclama subsanaci\u00f3n urgente\" class=\"read-more button\" href=\"https:\/\/xn--tuvozdiasporaespaola-k7b.com\/page\/2\/red-de-circulos-de-podemos-latinoamerica-de-podemos-exterior-denuncia-trato-discriminatorio-de-los-viajes-del-imserso-para-la-diaspora-de-mayores-en-latinoamerica-y-reclama-subsanacion-urgente\/#more-16\" aria-label=\"M\u00e1s en Red de C\u00edrculos de Podemos Latinoam\u00e9rica de Podemos Exterior denuncia trato discriminatorio de los viajes del IMSERSO para la Diaspora de Mayores en Latinoam\u00e9rica y reclama subsanaci\u00f3n urgente\">Leer m\u00e1s<\/a><\/p>\n","protected":false},"author":222560522,"featured_media":0,"comment_status":"open","ping_status":"open","sticky":false,"template":"","format":"standard","meta":{"footnotes":""},"categories":[1771],"tags":[],"class_list":["post-16","post","type-post","status-publish","format-standard","hentry","category-sociales"],"_links":{"self":[{"href":"https:\/\/xn--tuvozdiasporaespaola-k7b.com\/page\/2\/wp-json\/wp\/v2\/posts\/16","targetHints":{"allow":["GET"]}}],"collection":[{"href":"https:\/\/xn--tuvozdiasporaespaola-k7b.com\/page\/2\/wp-json\/wp\/v2\/posts"}],"about":[{"href":"https:\/\/xn--tuvozdiasporaespaola-k7b.com\/page\/2\/wp-json\/wp\/v2\/types\/post"}],"author":[{"embeddable":true,"href":"https:\/\/xn--tuvozdiasporaespaola-k7b.com\/page\/2\/wp-json\/wp\/v2\/users\/222560522"}],"replies":[{"embeddable":true,"href":"https:\/\/xn--tuvozdiasporaespaola-k7b.com\/page\/2\/wp-json\/wp\/v2\/comments?post=16"}],"version-history":[{"count":0,"href":"https:\/\/xn--tuvozdiasporaespaola-k7b.com\/page\/2\/wp-json\/wp\/v2\/posts\/16\/revisions"}],"wp:attachment":[{"href":"https:\/\/xn--tuvozdiasporaespaola-k7b.com\/page\/2\/wp-json\/wp\/v2\/media?parent=16"}],"wp:term":[{"taxonomy":"category","embeddable":true,"href":"https:\/\/xn--tuvozdiasporaespaola-k7b.com\/page\/2\/wp-json\/wp\/v2\/categories?post=16"},{"taxonomy":"post_tag","embeddable":true,"href":"https:\/\/xn--tuvozdiasporaespaola-k7b.com\/page\/2\/wp-json\/wp\/v2\/tags?post=16"}],"curies":[{"name":"wp","href":"https:\/\/api.w.org\/{rel}","templated":true}]}}