{"id":153,"date":"2022-09-10T15:31:01","date_gmt":"2022-09-10T18:31:01","guid":{"rendered":"https:\/\/xn--tuvozdiasporaespaola-k7b.com\/2022\/09\/10\/joaquin-polo-en-el-encuentro-en-bruselas-de-podemos-exterior\/"},"modified":"2022-09-10T15:39:06","modified_gmt":"2022-09-10T18:39:06","slug":"joaquin-polo-en-el-encuentro-en-bruselas-de-podemos-exterior","status":"publish","type":"post","link":"https:\/\/xn--tuvozdiasporaespaola-k7b.com\/page\/2\/joaquin-polo-en-el-encuentro-en-bruselas-de-podemos-exterior\/","title":{"rendered":"JOAQU\u00cdN POLO\u00a0 en el\u00a0\u00a0 ENCUENTRO EN BRUSELAS de PODEMOS EXTERIOR"},"content":{"rendered":"\n<p>En el d\u00eda de ayer 9 de septiembre en&nbsp; Parlamento Europeo. Bruxelles, B\u00e9lgica.<\/p>\n\n\n\n<p>Se celebr\u00f3 un&nbsp; Encuentro&nbsp; tratando temas de sumo inter\u00e9s con Idoia Villanueva, Pau Vivas y Patricia Fesser.<\/p>\n\n\n\n<p>&nbsp;Tales como:<\/p>\n\n\n\n<p>Contexto pol\u00edtico y social.&nbsp;<\/p>\n\n\n\n<p>Hoja de ruta para el pr\u00f3ximo curso pol\u00edtico. Di\u00e1logo con la militancia de Podemos Exterior.<\/p>\n\n\n\n<p>Seguidamente se celebr\u00f3 SALA PARLAMENTO EUROPEO&nbsp; del GRUPO DE IZQUIERDAS la Proyecci\u00f3n y posterior debate a cargo de los C\u00edrculos de Latinoam\u00e9rica del documental<\/p>\n\n\n\n<p>\u00abPol\u00edticas neoliberales fascistas, resistencia y lucha progresista en Latinoam\u00e9rica\u00bb.<\/p>\n\n\n\n<p>Con la Presencia e intervenci\u00f3n&nbsp; de los C\u00edrculos de Ecuador,&nbsp; Brasil, M\u00e9xico,Argentina Provincias junto con EEUU-CANADA que auspiciando&nbsp; el&nbsp;<\/p>\n\n\n\n<p>Debate sobre \u201cExperiencias y aprendizajes de Am\u00e9rica Latina en la derrota del fascismo\u201d.<\/p>\n\n\n\n<figure class=\"wp-block-image size-large\"><img fetchpriority=\"high\" decoding=\"async\" width=\"828\" height=\"594\" src=\"http:\/\/xn--tuvozdiasporaespaola-k7b.com\/wp-content\/uploads\/2022\/09\/img-20220910-wa00176831383366945707198.jpg?w=828\" alt=\"\" class=\"wp-image-154\" srcset=\"https:\/\/xn--tuvozdiasporaespaola-k7b.com\/wp-content\/uploads\/2022\/09\/img-20220910-wa00176831383366945707198.jpg 828w, https:\/\/xn--tuvozdiasporaespaola-k7b.com\/wp-content\/uploads\/2022\/09\/img-20220910-wa00176831383366945707198-300x215.jpg 300w, https:\/\/xn--tuvozdiasporaespaola-k7b.com\/wp-content\/uploads\/2022\/09\/img-20220910-wa00176831383366945707198-768x551.jpg 768w\" sizes=\"(max-width: 828px) 100vw, 828px\" \/><figcaption class=\"wp-element-caption\">JOAQUIN POLO <\/figcaption><\/figure>\n\n\n\n<p>JOAQU\u00cdN POLO es documentalista<\/p>\n\n\n\n<p>&nbsp;Aen su trabajo contin\u00faa con la senda iniciada en los a\u00f1os 60s por documentalistas latinoamericanos comprometidos con causas sociales, Joaqu\u00edn Polo retrata en su cine los avatares de la lucha desigual en la que est\u00e1n inmersas millones de personas en la regi\u00f3n.&nbsp;<\/p>\n\n\n\n<p>La particularidad de sus formas cinematogr\u00e1ficas es la incorporaci\u00f3n de la pol\u00edtica en las producciones, entendiendo el cine como un arma. \u201cUn arma que no disparaba balas sino ideas capaces de transformar las conciencias de los espectadores\u201d, define Polo, tal como en d\u00e9cadas pasadas lo hicieran sus referentes. \u201cCreo que la definici\u00f3n concreta de qu\u00e9 era lo que yo quer\u00eda hacer, la tuve cuando pude ver lo que hicieron cineastas del pasado como Raymundo Gleyzer, Humberto R\u00edos, Glaube Rocha, Miguel Litt\u00edn, Juana Sapire. Ese cine para m\u00ed fue un derrotero para la creatividad. Y eso, m\u00e1s mi formaci\u00f3n pol\u00edtica y social, fue definiendo un perfil profesional del cual hoy vivo\u201d.<\/p>\n\n\n\n<figure class=\"wp-block-image size-large\"><img decoding=\"async\" width=\"1080\" height=\"491\" src=\"http:\/\/xn--tuvozdiasporaespaola-k7b.com\/wp-content\/uploads\/2022\/09\/screenshot_20220910-201657_telegram5316268250324441578.jpg?w=1024\" alt=\"\" class=\"wp-image-150\" srcset=\"https:\/\/xn--tuvozdiasporaespaola-k7b.com\/wp-content\/uploads\/2022\/09\/screenshot_20220910-201657_telegram5316268250324441578.jpg 1080w, https:\/\/xn--tuvozdiasporaespaola-k7b.com\/wp-content\/uploads\/2022\/09\/screenshot_20220910-201657_telegram5316268250324441578-300x136.jpg 300w, https:\/\/xn--tuvozdiasporaespaola-k7b.com\/wp-content\/uploads\/2022\/09\/screenshot_20220910-201657_telegram5316268250324441578-1024x466.jpg 1024w, https:\/\/xn--tuvozdiasporaespaola-k7b.com\/wp-content\/uploads\/2022\/09\/screenshot_20220910-201657_telegram5316268250324441578-768x349.jpg 768w\" sizes=\"(max-width: 1080px) 100vw, 1080px\" \/><figcaption class=\"wp-element-caption\">Representantes de C\u00edrculos Podemos Exterior <\/figcaption><\/figure>\n\n\n\n<p>Joaqu\u00edn Polo es el autor de un cine que agita las banderas de una lucha cotidiana y necesaria, el creador de un cine urgente<\/p>\n\n\n\n<p>Autor entre otros t\u00edtulos de producciones como \u201cRoque P\u00e9rez, 100 a\u00f1os de Historia(s)\u201d (2013), y \u201cR\u00edos de la Patria Grande\u201d (2016), Joaqu\u00edn Polo estudi\u00f3 cine en la Universidad de La Plata (Argentina), primera instituci\u00f3n en ofrecer la carrera de Cine de Latinoam\u00e9rica, cerrada durante los a\u00f1os de la dictadura y reabierta en 1994. \u201cLa formaci\u00f3n estaba muy pensada hacia el cine industrial, de ficci\u00f3n. Entonces termin\u00e9 la carrera y obtuve una beca durante los primeros a\u00f1os del gobierno de Cristina Fern\u00e1ndez de Kirchner para estudiar en la Universidad Aut\u00f3noma de M\u00e9xico (UNAM), y all\u00ed me especialic\u00e9 en documental latinoamericano. Hice mi tesis conjunta entre la UNAM y la universidad argentina y fui uno de los primeros de esta generaci\u00f3n en retomar el cine social, pol\u00edtico, militante, que tiene una larga trayectoria y tradici\u00f3n en el Nuevo Cine Latinoamericano de los a\u00f1os 60s y 70s\u201d.<\/p>\n\n\n\n<figure class=\"wp-block-image size-large\"><img decoding=\"async\" width=\"1600\" height=\"719\" src=\"http:\/\/xn--tuvozdiasporaespaola-k7b.com\/wp-content\/uploads\/2022\/09\/img-20220910-wa00118794589581159646430.jpg?w=1024\" alt=\"\" class=\"wp-image-155\" srcset=\"https:\/\/xn--tuvozdiasporaespaola-k7b.com\/wp-content\/uploads\/2022\/09\/img-20220910-wa00118794589581159646430.jpg 1600w, https:\/\/xn--tuvozdiasporaespaola-k7b.com\/wp-content\/uploads\/2022\/09\/img-20220910-wa00118794589581159646430-300x135.jpg 300w, https:\/\/xn--tuvozdiasporaespaola-k7b.com\/wp-content\/uploads\/2022\/09\/img-20220910-wa00118794589581159646430-1024x460.jpg 1024w, https:\/\/xn--tuvozdiasporaespaola-k7b.com\/wp-content\/uploads\/2022\/09\/img-20220910-wa00118794589581159646430-768x345.jpg 768w, https:\/\/xn--tuvozdiasporaespaola-k7b.com\/wp-content\/uploads\/2022\/09\/img-20220910-wa00118794589581159646430-1568x705.jpg 1568w\" sizes=\"(max-width: 1600px) 100vw, 1600px\" \/><figcaption class=\"wp-element-caption\">Representaci\u00f3n de Latinoam\u00e9rica <\/figcaption><\/figure>\n\n\n\n<p>El documental exhibido en Bruselas&nbsp;<\/p>\n\n\n\n<p>&nbsp;\u201cQue tiemble el Universo\u201d, un mediometraje en formato documental que aborda el avance de la derecha en Am\u00e9rica Latina. Tomo como referencia cuatro pa\u00edses de la regi\u00f3n, Argentina, Brasil, Colombia y Chile. \u201cEl cap\u00edtulo de Argentina ya estaba cerrado antes del intento de asesinato a Cristina Fern\u00e1ndez de Kirchner; resultado de la inoculaci\u00f3n de odio de los medios de comunicaci\u00f3n durante tantos a\u00f1os. El intento de proscripci\u00f3n y de encarcelar a Cristina por parte de del \u201cpartido judicial\u201d alineado con esa derecha es una historia que se escribe todos los d\u00edas\u201d.<\/p>\n\n\n\n<p>\u201cQue tiemble el Universo\u201d retrata esas luchas a las que refiere Polo; las que hay que dar contra el poder concentrado de la derecha y su forma de operar mediante fake news, lawfare y otras artima\u00f1as que tambi\u00e9n utiliza la derecha europea. \u201cEn Latinoam\u00e9rica es mucho m\u00e1s exacerbado, con mayor confrontaci\u00f3n. El documental tambi\u00e9n muestra el coraje de la gente, de las organizaciones sociales en la calle; porque es una pelea completamente desigual que a veces se gana, la menor de las veces, y muchas veces se gana. Cristina (Kirchner) lo dijo hace poco tiempo. Si uno se pusiera a pensar en esas relaciones de fuerza totalmente desiguales, se quedar\u00eda en la casa tomando mate. No hay que pensar en eso y hay que accionar\u201d.&nbsp;<\/p>\n\n\n\n<p>La pol\u00edtica atraviesa al cineasta de manera personal. \u201cPor historias familiares, por cuestiones personales de querer participar y transformar las cosas. Y yo elijo participar desde lo que s\u00e9 hacer, que es observar la realidad y dar una versi\u00f3n de esa realidad para generar una transformaci\u00f3n a trav\u00e9s de la reflexi\u00f3n y la posibilidad de accionar a partir de lo que uno ve. Uno no transforma la realidad con un documental, sino que propicia, general los espacios para el debate, la reflexi\u00f3n, la cr\u00edtica y el pensamiento. El cine que sigue cuando se apaga la pantalla y mediante la reflexi\u00f3n se interpela al espectador, es el que m\u00e1s me interesa\u201d.&nbsp;<\/p>\n\n\n\n<figure class=\"wp-block-video\"><video height=\"720\" style=\"aspect-ratio: 1280 \/ 720;\" width=\"1280\" controls src=\"http:\/\/xn--tuvozdiasporaespaola-k7b.com\/wp-content\/uploads\/2022\/09\/parlamento_subs.mp4\"><\/video><figcaption class=\"wp-element-caption\">ACTO DE PRESENTACI\u00d3N DEL DOCUMENTAL <\/figcaption><\/figure>\n\n\n\n<p>\u00abEl cine se ha utilizado pol\u00edticamente tanto como arma de propaganda, como de denuncia\u00bb<\/p>\n\n\n\n<p>Joaqu\u00edn Polo es el autor de un cine que agita las banderas de una lucha cotidiana y necesaria, el creador de un cine urgente, tal como \u00e9l mismo define. \u201cSiempre uno hace un cine urgente, un cine contrainformaci\u00f3n, que va en una direcci\u00f3n contraria a ese bombardeo medi\u00e1tico que busca construir una idea definida de las cosas y una \u00fanica realidad.&nbsp; Continuando \u00abUno pelea contra eso todos los d\u00edas en una lucha totalmente desigual pero que no hay que abandonar, sino que hay que profundizar\u201d.<\/p>\n\n\n\n<p>&nbsp;Walter C. Medina.<\/p>\n\n\n\n<p>&nbsp;Equipo Comunicaci\u00f3n de Red de C\u00edrculos Podemos Latinoam\u00e9rica.&nbsp;<\/p>\n\n\n\n<p>Fuentes: Radio Argentina AM570,&nbsp; Cenizas de Babilonia di\u00e1spora Espa\u00f1ola.&nbsp;<\/p>\n\n\n\n<p>Nueva Tribuna. ,&nbsp; Podemos Exterior&nbsp;<\/p>\n","protected":false},"excerpt":{"rendered":"<p>En el d\u00eda de ayer 9 de septiembre en&nbsp; Parlamento Europeo. Bruxelles, B\u00e9lgica. Se celebr\u00f3 un&nbsp; Encuentro&nbsp; tratando temas de sumo inter\u00e9s con Idoia &#8230; <\/p>\n<p class=\"read-more-container\"><a title=\"JOAQU\u00cdN POLO\u00a0 en el\u00a0\u00a0 ENCUENTRO EN BRUSELAS de PODEMOS EXTERIOR\" class=\"read-more button\" href=\"https:\/\/xn--tuvozdiasporaespaola-k7b.com\/page\/2\/joaquin-polo-en-el-encuentro-en-bruselas-de-podemos-exterior\/#more-153\" aria-label=\"M\u00e1s en JOAQU\u00cdN POLO\u00a0 en el\u00a0\u00a0 ENCUENTRO EN BRUSELAS de PODEMOS EXTERIOR\">Leer m\u00e1s<\/a><\/p>\n","protected":false},"author":222560522,"featured_media":0,"comment_status":"open","ping_status":"open","sticky":false,"template":"","format":"standard","meta":{"footnotes":""},"categories":[1771],"tags":[],"class_list":["post-153","post","type-post","status-publish","format-standard","hentry","category-sociales"],"_links":{"self":[{"href":"https:\/\/xn--tuvozdiasporaespaola-k7b.com\/page\/2\/wp-json\/wp\/v2\/posts\/153","targetHints":{"allow":["GET"]}}],"collection":[{"href":"https:\/\/xn--tuvozdiasporaespaola-k7b.com\/page\/2\/wp-json\/wp\/v2\/posts"}],"about":[{"href":"https:\/\/xn--tuvozdiasporaespaola-k7b.com\/page\/2\/wp-json\/wp\/v2\/types\/post"}],"author":[{"embeddable":true,"href":"https:\/\/xn--tuvozdiasporaespaola-k7b.com\/page\/2\/wp-json\/wp\/v2\/users\/222560522"}],"replies":[{"embeddable":true,"href":"https:\/\/xn--tuvozdiasporaespaola-k7b.com\/page\/2\/wp-json\/wp\/v2\/comments?post=153"}],"version-history":[{"count":0,"href":"https:\/\/xn--tuvozdiasporaespaola-k7b.com\/page\/2\/wp-json\/wp\/v2\/posts\/153\/revisions"}],"wp:attachment":[{"href":"https:\/\/xn--tuvozdiasporaespaola-k7b.com\/page\/2\/wp-json\/wp\/v2\/media?parent=153"}],"wp:term":[{"taxonomy":"category","embeddable":true,"href":"https:\/\/xn--tuvozdiasporaespaola-k7b.com\/page\/2\/wp-json\/wp\/v2\/categories?post=153"},{"taxonomy":"post_tag","embeddable":true,"href":"https:\/\/xn--tuvozdiasporaespaola-k7b.com\/page\/2\/wp-json\/wp\/v2\/tags?post=153"}],"curies":[{"name":"wp","href":"https:\/\/api.w.org\/{rel}","templated":true}]}}