{"id":15029,"date":"2026-09-06T11:38:16","date_gmt":"2026-09-06T14:38:16","guid":{"rendered":"https:\/\/xn--tuvozdiasporaespaola-k7b.com\/page\/2\/?p=15029"},"modified":"2026-09-06T11:38:17","modified_gmt":"2026-09-06T14:38:17","slug":"el-fracaso-del-g20-y-el-pincel-de-milei","status":"publish","type":"post","link":"https:\/\/xn--tuvozdiasporaespaola-k7b.com\/page\/2\/el-fracaso-del-g20-y-el-pincel-de-milei\/","title":{"rendered":"El fracaso del G20 y el pincel de Milei"},"content":{"rendered":"\n<p class=\"wp-block-paragraph\">Por Jorge Norberto Elbaum, soci\u00f3logo, periodista, investigador y profesor universitario argentino. Fue el primer presidente del Llamamiento Argentino Jud\u00edo, embajador de la Canciller\u00eda argentina ante la International Holocaust Remembrance Alliance y dirigi\u00f3 la Escuela de Defensa Nacional (EDENA).<\/p>\n\n\n\n<p class=\"wp-block-paragraph\">La reuni\u00f3n de ministros de finanzas y presidentes de bancos centrales del G20, realizada la \u00faltima semana en Asheville, Carolina del Norte, expuso la impotencia de la Casa Blanca para encolumnar a sus socios atlantistas y volvi\u00f3 a poner en evidencia su incapacidad para intimidar a la Rep\u00fablica Popular China. El c\u00f3nclave fue planificado como una puesta en escena del mando estadounidense sobre la econom\u00eda global. <\/p>\n\n\n\n<p class=\"wp-block-paragraph\">El evento, coordinado por Scot Bessent, exhibi\u00f3 un Occidente fragmentado que a\u00fan ostenta su se\u00f1or\u00edo medi\u00e1tico, digital y b\u00e9lico, sin que dichos bagajes puedan ser reconvertidos en obediencia global. Como otras tantas veces, el lenguaje de la \u201ccoordinaci\u00f3n internacional\u201d de Washington oper\u00f3 como un barniz diplom\u00e1tico para imponer el disciplinamiento. Para el Secretario de Tesoro no se trataba de una convocatoria para deliberar. Era una cita para obedecer.<\/p>\n\n\n\n<p class=\"wp-block-paragraph\">El resultado del encuentro, en ese marco, no fue econ\u00f3mico, sino geopol\u00edtico. El dato sustancial fue que la reuni\u00f3n termin\u00f3 sin un comunicado conjunto porque China rechaz\u00f3 una redacci\u00f3n que condenaba a los pa\u00edses con \u201csuper\u00e1vits externos excesivos y persistentes\u201d. <\/p>\n\n\n\n<p class=\"wp-block-paragraph\">Ese eufemismo se refer\u00eda a la capacidad exportadora de Beijing, cuyos representantes se encargaron de recordar que Estados Unidos tuvo durante el siglo XX \u2014hasta la d\u00e9cada de los 70\u2014 ese mismo super\u00e1vit sin que sus actuales funcionarios se avengan a recordarlo. Ante el veto de China, Estados Unidos public\u00f3 una declaraci\u00f3n unilateral de la presidencia. <\/p>\n\n\n\n<p class=\"wp-block-paragraph\">Esa escena condensa el giro de \u00e9poca: el Departamento de Estado, dirigido por Narco Rubio, todav\u00eda ordena, pero ya no persuade. Presiona, pero no conduce.La presencia del ministro de Finanzas ruso, Ant\u00f3n Silu\u00e1nov, adem\u00e1s, puso en evidencia las contradicciones de la OTAN. <\/p>\n\n\n\n<p class=\"wp-block-paragraph\">En Asheville, Mosc\u00fa volvi\u00f3 a sentarse en la mesa donde se discuten dimensiones de la econom\u00eda global, mientras la indignaci\u00f3n europea se hac\u00eda expl\u00edcita. El aislamiento de Vladimir Putin no pudo convertirse en la foto del encuentro. Por su parte, el veto de Beijing volvi\u00f3 a poner en evidencia las contradicciones de Estados Unidos, que insiste en predicar la libertad econ\u00f3mica mientras aplica repetidas regulaciones tanto a nivel dom\u00e9stico como en su pol\u00edtica exterior. <\/p>\n\n\n\n<p class=\"wp-block-paragraph\">Hacia adentro, regula, invierte y empodera a los megamillonarios con cortes\u00edas tributarias e inversiones del propio Estado federal. Los casos de Internet, el GPS, la microelectr\u00f3nica y ahora la Inteligencia Artificial (IA) alcanzaron su madurez con la planificaci\u00f3n estatal, el financiamiento p\u00fablico, la participaci\u00f3n de los laboratorios nacionales, el involucramiento de las agencias militares y los subsidios encubiertos. <\/p>\n\n\n\n<p class=\"wp-block-paragraph\">El ecosistema corporativo estadounidense se consolid\u00f3 y se mantiene gracias a un entramado de subsidios estatales indirectos, contratos militares y exenciones fiscales masivas.<\/p>\n\n\n\n<p class=\"wp-block-paragraph\">En la actualidad, el AI Action Plan, creado por Donald Trump, no inaugura una pol\u00edtica p\u00fablica cient\u00edfico-tecnol\u00f3gica: actualiza una matriz hist\u00f3rica. Invierte el dinero de la recaudaci\u00f3n tributaria en programas p\u00fablicos de desarrollo y en corporaciones privadas vinculadas con la innovaci\u00f3n. <\/p>\n\n\n\n<figure class=\"wp-block-image size-full is-resized\"><img fetchpriority=\"high\" decoding=\"async\" width=\"500\" height=\"375\" src=\"https:\/\/xn--tuvozdiasporaespaola-k7b.com\/wp-content\/uploads\/2026\/09\/1000977299.jpg\" alt=\"\" class=\"wp-image-15030\" style=\"width:840px;height:auto\" srcset=\"https:\/\/xn--tuvozdiasporaespaola-k7b.com\/wp-content\/uploads\/2026\/09\/1000977299.jpg 500w, https:\/\/xn--tuvozdiasporaespaola-k7b.com\/wp-content\/uploads\/2026\/09\/1000977299-300x225.jpg 300w\" sizes=\"(max-width: 500px) 100vw, 500px\" \/><figcaption class=\"wp-element-caption\">Jorge Norberto Elbaum<\/figcaption><\/figure>\n\n\n\n<p class=\"wp-block-paragraph\">En t\u00e9rminos econ\u00f3micos, ha auxiliado a las grandes empresas y ha socializado los riesgos de sus p\u00e9rdidas entre los contribuyentes. El viejo mecanismo Hood Robin que ahora se ve reforzado: hasta el segundo mandato de Trump, los incentivos federales se limitaban a subsidios, contratos, pr\u00e9stamos a tasas preferenciales o rescates financieros a bancos y compa\u00f1\u00edas de seguros (como los viabilizados durante la crisis iniciada en 2009). Desde 2024, el magnate naranja le sum\u00f3 la participaci\u00f3n accionaria del Estado en empresas privadas, bajo el argumento de la seguridad nacional y la competencia con China. Hacia afuera, exhorta a la apertura a terceros pa\u00edses para que las corporaciones estadounidenses se expandan.<\/p>\n\n\n\n<p class=\"wp-block-paragraph\">Esta din\u00e1mica confirma una tesis central de la econom\u00eda pol\u00edtica cr\u00edtica: la innovaci\u00f3n tecnol\u00f3gica estadounidense nunca descans\u00f3 en el propagandizado laissez-faire, sino en una combinaci\u00f3n de financiamiento p\u00fablico, planificaci\u00f3n industrial y captura privada de los beneficios. La hipocres\u00eda se presenta as\u00ed de forma estent\u00f3rea. <\/p>\n\n\n\n<p class=\"wp-block-paragraph\">Estados Unidos invoca el libre mercado cuando pretende subyugar al Sur Global o frenar a Beijing, pero despliega licencias de exportaci\u00f3n, aranceles y sanciones cuando su supremac\u00eda aparece amenazada. Tal como Mariana Mazzucato document\u00f3 para el caso del iPhone, el Estado nunca es neutral. <\/p>\n\n\n\n<p class=\"wp-block-paragraph\">En el caso de la IA, esa matriz vuelve a hacerse manifiesta: Bessent invoca el libre mercado cuando busca legitimar la expansi\u00f3n de sus corporaciones, pero les otorga sustento a sus corporaciones cuando necesita preservar su primac\u00eda. Lo obsceno no es que Estados Unidos intervenga; lo s\u00f3rdido y despreciable es que pretenda prohibir a los dem\u00e1s hacer lo propio.<\/p>\n\n\n\n<p class=\"wp-block-paragraph\">Para Am\u00e9rica Latina y el Caribe, la escenificaci\u00f3n de Asheville supone una nueva admonici\u00f3n injerencista. Washington se repliega cada vez m\u00e1s sobre lo que califica como su patio trasero, ante la creciente multipolaridad reinante. El caso argentino es ilustrativo. <\/p>\n\n\n\n<p class=\"wp-block-paragraph\">La desregulaci\u00f3n comercial celebrada por el gobierno de Javier Milei deja al pa\u00eds m\u00e1s expuesto a los mismos desequilibrios que Estados Unidos denuncia cuando afectan sus intereses. La participaci\u00f3n de Luis Caputo en la reuni\u00f3n del G20 prolog\u00f3 la ampulosa discursividad oportunista de Javier Milei, referida a las Malvinas, que confirm\u00f3 que no era el topo que ven\u00eda a destruir el Estado, sino el insect\u00edvoro que llegaba para entregarle la soberan\u00eda a Estados Unidos.<\/p>\n\n\n\n<p class=\"wp-block-paragraph\">En ese marco, el Atl\u00e1ntico Sur y la cuesti\u00f3n de las Malvinas se transforman en una transacci\u00f3n ajena a la soberan\u00eda nacional, a trav\u00e9s de la cual Trump castiga a Londres por no participar en la guerra contra la Rep\u00fablica Isl\u00e1mica, extorsiona a su premier Andy Burnham para que aumente el presupuesto militar e intenta debilitar a los laboristas en el poder. <\/p>\n\n\n\n<p class=\"wp-block-paragraph\">Esta disputa externa expone tambi\u00e9n el oportunismo grotesco de Milei: la causa inalienable de las Malvinas deja de ser pensada desde una perspectiva soberana y pasa a ser una moneda de cambio de una nueva tutela imperial. Frente a esta realidad, la tarea consiste en sumarse a los actores globales que proponen el multilateralismo y el respeto a las soberan\u00edas.<\/p>\n\n\n\n<p class=\"wp-block-paragraph\">La tarea emancipatoria del Sur Global es construir poder propio: integraci\u00f3n regional, soberan\u00eda tecnol\u00f3gica, mecanismos financieros aut\u00f3nomos y una pol\u00edtica exterior que no disfrace la obediencia con el nombre de pragmatismo. Asheville no fue apenas una reuni\u00f3n fallida. Fue una postal del agotamiento de un orden que durante d\u00e9cadas convirti\u00f3 sus intereses particulares en reglas universales. <\/p>\n\n\n\n<p class=\"wp-block-paragraph\">Occidente llam\u00f3 \u201cmultilateralismo\u201d a su mando; \u201clibre mercado\u201d a su proteccionismo selectivo; y \u201cseguridad internacional\u201d a sus guerras preventivas, sanciones y bloqueos. Ese vocabulario empieza a gastarse porque la realidad ya no lo sostiene. Milei esta colgado de un pincel global al que se le est\u00e1 agotando su pintura. De ah\u00ed su intento de emular a Leopoldo Fortunato Galtieri.<\/p>\n\n\n\n<p class=\"wp-block-paragraph\">Enlace: <a href=\"https:\/\/www.pagina12.com.ar\/2026\/09\/05\/el-fracaso-del-g20-y-el-pincel-de-milei\/\" data-type=\"link\" data-id=\"https:\/\/www.pagina12.com.ar\/2026\/09\/05\/el-fracaso-del-g20-y-el-pincel-de-milei\/\">https:\/\/www.pagina12.com.ar\/2026\/09\/05\/el-fracaso-del-g20-y-el-pincel-de-milei\/<\/a><\/p>\n","protected":false},"excerpt":{"rendered":"<p>Por Jorge Norberto Elbaum, soci\u00f3logo, periodista, investigador y profesor universitario argentino. Fue el primer presidente del Llamamiento Argentino Jud\u00edo, embajador de la Canciller\u00eda argentina &#8230; <\/p>\n<p class=\"read-more-container\"><a title=\"El fracaso del G20 y el pincel de Milei\" class=\"read-more button\" href=\"https:\/\/xn--tuvozdiasporaespaola-k7b.com\/page\/2\/el-fracaso-del-g20-y-el-pincel-de-milei\/#more-15029\" aria-label=\"M\u00e1s en El fracaso del G20 y el pincel de Milei\">Leer m\u00e1s<\/a><\/p>\n","protected":false},"author":222560522,"featured_media":15033,"comment_status":"closed","ping_status":"open","sticky":false,"template":"","format":"standard","meta":{"footnotes":""},"categories":[121890,121850],"tags":[],"class_list":["post-15029","post","type-post","status-publish","format-standard","has-post-thumbnail","hentry","category-argentina","category-politica","resize-featured-image"],"_links":{"self":[{"href":"https:\/\/xn--tuvozdiasporaespaola-k7b.com\/page\/2\/wp-json\/wp\/v2\/posts\/15029","targetHints":{"allow":["GET"]}}],"collection":[{"href":"https:\/\/xn--tuvozdiasporaespaola-k7b.com\/page\/2\/wp-json\/wp\/v2\/posts"}],"about":[{"href":"https:\/\/xn--tuvozdiasporaespaola-k7b.com\/page\/2\/wp-json\/wp\/v2\/types\/post"}],"author":[{"embeddable":true,"href":"https:\/\/xn--tuvozdiasporaespaola-k7b.com\/page\/2\/wp-json\/wp\/v2\/users\/222560522"}],"replies":[{"embeddable":true,"href":"https:\/\/xn--tuvozdiasporaespaola-k7b.com\/page\/2\/wp-json\/wp\/v2\/comments?post=15029"}],"version-history":[{"count":1,"href":"https:\/\/xn--tuvozdiasporaespaola-k7b.com\/page\/2\/wp-json\/wp\/v2\/posts\/15029\/revisions"}],"predecessor-version":[{"id":15034,"href":"https:\/\/xn--tuvozdiasporaespaola-k7b.com\/page\/2\/wp-json\/wp\/v2\/posts\/15029\/revisions\/15034"}],"wp:featuredmedia":[{"embeddable":true,"href":"https:\/\/xn--tuvozdiasporaespaola-k7b.com\/page\/2\/wp-json\/wp\/v2\/media\/15033"}],"wp:attachment":[{"href":"https:\/\/xn--tuvozdiasporaespaola-k7b.com\/page\/2\/wp-json\/wp\/v2\/media?parent=15029"}],"wp:term":[{"taxonomy":"category","embeddable":true,"href":"https:\/\/xn--tuvozdiasporaespaola-k7b.com\/page\/2\/wp-json\/wp\/v2\/categories?post=15029"},{"taxonomy":"post_tag","embeddable":true,"href":"https:\/\/xn--tuvozdiasporaespaola-k7b.com\/page\/2\/wp-json\/wp\/v2\/tags?post=15029"}],"curies":[{"name":"wp","href":"https:\/\/api.w.org\/{rel}","templated":true}]}}