{"id":15014,"date":"2026-09-05T04:04:23","date_gmt":"2026-09-05T07:04:23","guid":{"rendered":"https:\/\/xn--tuvozdiasporaespaola-k7b.com\/page\/2\/?p=15014"},"modified":"2026-09-05T04:04:23","modified_gmt":"2026-09-05T07:04:23","slug":"el-supremo-abre-la-batalla-sobre-el-cera-que-puede-pasar-con-los-espanoles-que-obtuvieron-la-nacionalidad-por-la-ley-de-memoria-democratica","status":"publish","type":"post","link":"https:\/\/xn--tuvozdiasporaespaola-k7b.com\/page\/2\/el-supremo-abre-la-batalla-sobre-el-cera-que-puede-pasar-con-los-espanoles-que-obtuvieron-la-nacionalidad-por-la-ley-de-memoria-democratica\/","title":{"rendered":"El Supremo abre la batalla sobre el CERA, \u00bfqu\u00e9 puede pasar con los espa\u00f1oles que obtuvieron la nacionalidad por la Ley de Memoria Democr\u00e1tica?"},"content":{"rendered":"\n<p class=\"wp-block-paragraph\">\u00ab<strong><em>La asociaci\u00f3n de ultraderecha HazteO\u00edr lleva al Tribunal Supremo las inscripciones de nuevos espa\u00f1oles en el exterior y cuestiona los criterios de asignaci\u00f3n electoral. El procedimiento puede afectar al debate sobre el voto exterior, pero no supone, por s\u00ed mismo, la p\u00e9rdida de la nacionalidad de quienes ya la obtuvieron, aunque la cuesti\u00f3n que genera mayor incertidumbre es la medida cautelar solicitada por la asociaci\u00f3n, y no se sabe hasta donde puede afectar todos los procesos pendientes\u00bb.<\/em><\/strong><\/p>\n\n\n\n<p class=\"wp-block-paragraph\">La Sala Tercera de lo Contencioso-Administrativo del Tribunal Supremo ha admitido a tr\u00e1mite el recurso presentado por la asociaci\u00f3n HazteO\u00edr contra determinadas actuaciones de la Junta Electoral Central (JEC) relacionadas con el Censo Electoral de Residentes Ausentes (CERA) y con las inscripciones de ciudadanos que han adquirido la nacionalidad espa\u00f1ola al amparo de la Ley de Memoria Democr\u00e1tica.<\/p>\n\n\n\n<p class=\"wp-block-paragraph\">La decisi\u00f3n del Alto Tribunal abre un nuevo frente judicial sobre una cuesti\u00f3n especialmente sensible: c\u00f3mo se incorpora al sistema electoral espa\u00f1ol a los nuevos ciudadanos residentes en el extranjero y, en particular, bajo qu\u00e9 criterios se determina su adscripci\u00f3n electoral cuando no existe un arraigo directo o f\u00e1cilmente identificable con un municipio concreto.<\/p>\n\n\n\n<p class=\"wp-block-paragraph\">HazteO\u00edr sostiene que debe existir una mayor transparencia y trazabilidad en estas inscripciones y pretende que se auditen determinados procedimientos. El recurso ha sido admitido por la v\u00eda especial de protecci\u00f3n de derechos fundamentales y el Supremo ha requerido a la Junta Electoral Central el expediente administrativo completo, con un plazo m\u00e1ximo e improrrogable de cinco d\u00edas.Una batalla que va m\u00e1s all\u00e1 del CERA.<\/p>\n\n\n\n<p class=\"wp-block-paragraph\">El conflicto tiene una dimensi\u00f3n pol\u00edtica evidente porque el crecimiento del n\u00famero de espa\u00f1oles residentes en el extranjero ha adquirido una importancia creciente tras la entrada en vigor de la Ley de Memoria Democr\u00e1tica.<\/p>\n\n\n\n<p class=\"wp-block-paragraph\">La denominada Ley de Nietos permiti\u00f3 que descendientes de espa\u00f1oles que durante d\u00e9cadas hab\u00edan permanecido fuera del pa\u00eds pudieran acceder a la nacionalidad en determinados supuestos. Miles de personas han utilizado esta v\u00eda para recuperar una ciudadan\u00eda vinculada a sus antecedentes familiares.<\/p>\n\n\n\n<p class=\"wp-block-paragraph\">El incremento del n\u00famero de ciudadanos espa\u00f1oles en el exterior ha provocado, a su vez, un aumento considerable del CERA y ha convertido el voto de la di\u00e1spora en un elemento cada vez m\u00e1s relevante del sistema electoral y es precisamente ah\u00ed donde aparece la disputa por parte de la derecha espa\u00f1ola para paralizar todo el proceso.<\/p>\n\n\n\n<p class=\"wp-block-paragraph\">El recurso plantea interrogantes sobre los criterios utilizados para asignar una circunscripci\u00f3n o municipio electoral a determinados nuevos inscritos que residen fuera de Espa\u00f1a y que, en algunos casos, no mantienen un v\u00ednculo territorial directo con el municipio al que quedan adscritos electoralmente.<\/p>\n\n\n\n<p class=\"wp-block-paragraph\">La organizaci\u00f3n recurrente sostiene que esa cuesti\u00f3n debe quedar perfectamente documentada para garantizar que el censo responde a criterios legales y no puede ser manipulado para modificar artificialmente el mapa electoral.<\/p>\n\n\n\n<p class=\"wp-block-paragraph\">Sin embargo, una cosa es investigar el procedimiento administrativo y otra muy distinta cuestionar la legitimidad de los ciudadanos que han obtenido legalmente la nacionalidad espa\u00f1ola.<\/p>\n\n\n\n<p class=\"wp-block-paragraph\"><strong>\u00bfQu\u00e9 ocurre con quienes ya tienen la nacionalidad?<\/strong><\/p>\n\n\n\n<p class=\"wp-block-paragraph\">Esta es probablemente una de las cuestiones que m\u00e1s preocupa a los espa\u00f1oles que adquirieron la ciudadan\u00eda mediante la Ley de Memoria Democr\u00e1tica.<\/p>\n\n\n\n<p class=\"wp-block-paragraph\"><strong>La admisi\u00f3n a tr\u00e1mite del recurso no significa que el Tribunal Supremo haya declarado ilegales las nacionalidades concedidas ni que los ciudadanos que ya son espa\u00f1oles pierdan autom\u00e1ticamente sus derechos. <\/strong>Mientras una persona haya adquirido v\u00e1lidamente la nacionalidad espa\u00f1ola mediante el procedimiento establecido por la legislaci\u00f3n vigente, su condici\u00f3n de ciudadano no queda anulada simplemente porque una organizaci\u00f3n haya recurrido determinadas actuaciones administrativas relacionadas con el CERA.<\/p>\n\n\n\n<p class=\"wp-block-paragraph\">El procedimiento judicial se centra en las actuaciones electorales y administrativas que son objeto del recurso. Por tanto, quienes ya son espa\u00f1oles deben diferenciar entre dos cuestiones: la nacionalidad espa\u00f1ola, por un lado, y la inscripci\u00f3n y adscripci\u00f3n electoral, por otro.<\/p>\n\n\n\n<p class=\"wp-block-paragraph\">Una eventual resoluci\u00f3n judicial podr\u00eda establecer nuevos criterios administrativos sobre la inscripci\u00f3n, la circunscripci\u00f3n o la asignaci\u00f3n electoral, pero eso no equivale autom\u00e1ticamente a retirar la nacionalidad a las personas afectadas.<\/p>\n\n\n\n<p class=\"wp-block-paragraph\">\u00bf<strong>Y quienes ya presentaron la documentaci\u00f3n y esperan la resoluci\u00f3n?.<\/strong><\/p>\n\n\n\n<p class=\"wp-block-paragraph\">La situaci\u00f3n es diferente para quienes <strong>todav\u00eda no han recibido la resoluci\u00f3n de nacionalidad. <\/strong>Estas personas contin\u00faan siendo solicitantes y no pueden ser consideradas ciudadanos espa\u00f1oles con plenos derechos pol\u00edticos hasta que la nacionalidad sea efectivamente concedida y se produzca la correspondiente inscripci\u00f3n registral.<\/p>\n\n\n\n<p class=\"wp-block-paragraph\">El recurso de HazteO\u00edr, por s\u00ed mismo, no significa que las solicitudes pendientes queden anuladas ni que la Administraci\u00f3n pueda dejar de resolverlas. <strong>La cuesti\u00f3n que podr\u00eda generar mayor incertidumbre es la medida cautelar solicitada por la asociaci\u00f3n.<\/strong><\/p>\n\n\n\n<p class=\"wp-block-paragraph\">El Supremo ha abierto una pieza separada para estudiar esas medidas y ha dado cinco d\u00edas a las partes personadas para pronunciarse sobre la suspensi\u00f3n provisional de determinados efectos jur\u00eddicos vinculados a las nuevas solicitudes.<\/p>\n\n\n\n<p class=\"wp-block-paragraph\">Ser\u00e1, por tanto, el propio Tribunal quien determine si procede adoptar alguna medida provisional mientras se resuelve el fondo del litigio, hasta entonces, no deber\u00eda confundirse una solicitud pendiente con una nacionalidad concedida, <strong>quien est\u00e1 esperando resoluci\u00f3n sigue estando a la espera de que la Administraci\u00f3n concluya su procedimiento.<\/strong><\/p>\n\n\n\n<p class=\"wp-block-paragraph\"><strong>La cuesti\u00f3n electoral y el temor a una alteraci\u00f3n artificial, propvida por Partido Popular y VOX.<\/strong><\/p>\n\n\n\n<p class=\"wp-block-paragraph\">El argumento central de HazteO\u00edr gira alrededor de la posibilidad de que determinadas inscripciones puedan producir efectos electorales en municipios concretos. La pregunta que plantea el procedimiento es aparentemente t\u00e9cnica, pero tiene consecuencias pol\u00edticas: \u00bfa qu\u00e9 circunscripci\u00f3n debe quedar vinculado electoralmente un ciudadano espa\u00f1ol residente en el extranjero cuando no existe una vinculaci\u00f3n territorial directa?.<\/p>\n\n\n\n<p class=\"wp-block-paragraph\">La respuesta determinar\u00e1 d\u00f3nde se contabilizan sus derechos electorales y, por tanto, puede adquirir especial relevancia en elecciones en las que los resultados se deciden por m\u00e1rgenes estrechos.<\/p>\n\n\n\n<p class=\"wp-block-paragraph\">La preocupaci\u00f3n planteada por esta <strong>asociaci\u00f3n de ultraderecha Hazte Oir (como brazo instrumental de Abascal y Feij\u00f3o) <\/strong>es que una asignaci\u00f3n incorrecta o poco transparente pueda concentrar nuevos electores en determinadas circunscripciones y alterar el equilibrio pol\u00edtico.<\/p>\n\n\n\n<p class=\"wp-block-paragraph\">Pero tambi\u00e9n existe el riesgo contrario: que la sospecha sobre el uso del CERA termine convirti\u00e9ndose en una herramienta para poner bajo sospecha a colectivos enteros de nuevos ciudadanos espa\u00f1oles.<\/p>\n\n\n\n<p class=\"wp-block-paragraph\"><strong>El componente pol\u00edtico de la denuncia.<\/strong><\/p>\n\n\n\n<p class=\"wp-block-paragraph\">El protagonismo de HazteO\u00edr tampoco puede analizarse exclusivamente desde una perspectiva administrativa, la organizaci\u00f3n mantiene desde hace a\u00f1os posiciones claramente vinculadas a la derecha conservadora espa\u00f1ola y ha desarrollado campa\u00f1as sobre inmigraci\u00f3n, familia, educaci\u00f3n, nacionalidad y cuestiones relacionadas con la identidad nacional.<\/p>\n\n\n\n<p class=\"wp-block-paragraph\">En este contexto, las denuncias relacionadas con la Ley de Memoria Democr\u00e1tica y el voto exterior se han convertido en otro terreno de confrontaci\u00f3n pol\u00edtica, donde <strong>Partido Popular y Vox han alimentado y amplificado p\u00fablicamente buena parte de las cr\u00edticas contra determinadas consecuencias de la Ley de Memoria Democr\u00e1tica, contra el crecimiento del voto exterior y otorgamientosde ciudadan\u00eda<\/strong> espa\u00f1ola para descendientes, mientras que organizaciones como HazteO\u00edr han ejercido un papel activo en la movilizaci\u00f3n jur\u00eddica y medi\u00e1tica de estas posiciones.<\/p>\n\n\n\n<p class=\"wp-block-paragraph\">Por ello, <strong>desde sectores progresistas y de la di\u00e1spora (como asi expresa la plataforma ciudadana \u00abDiaspora Espa\u00f1ola Por M\u00e1s Derechos Memoria Democr\u00e1tica\u00bb<\/strong>) se cuestiona que <strong>una controversia administrativa sobre el CERA pueda terminar utiliz\u00e1ndose como instrumento pol\u00edtico para desacreditar la incorporaci\u00f3n de nuevos espa\u00f1oles<\/strong> al sistema electoral.<\/p>\n\n\n\n<p class=\"wp-block-paragraph\">Debe distinguirse, no obstante, entre la afinidad pol\u00edtica y la colaboraci\u00f3n o coincidencia de discursos y la existencia de una prueba concreta de que PP o Vox hayan dirigido o financiado este recurso judicial espec\u00edfico. <\/p>\n\n\n\n<p class=\"wp-block-paragraph\">Esa diferencia es fundamental si se pretende mantener un debate basado en hechos y no \u00fanicamente en acusaciones pol\u00edticas.Otro recurso sobre la mesa. <\/p>\n\n\n\n<p class=\"wp-block-paragraph\">El procedimiento de HazteO\u00edr no es el \u00fanico frente judicial abierto, ya qu\u00e9 en el Tribunal Supremo tambi\u00e9n se tramita un recurso presentado por Iustitia Europa, cuya vista formal est\u00e1 fijada para el 7 de septiembre de 2026. La coincidencia de ambos procedimientos demuestra que la cuesti\u00f3n del voto exterior y de las consecuencias electorales de la Ley de Memoria Democr\u00e1tica ha entrado en una nueva fase de judicializaci\u00f3n.<\/p>\n\n\n\n<p class=\"wp-block-paragraph\">El resultado de estos procesos podr\u00eda terminar estableciendo criterios importantes sobre c\u00f3mo se organiza el CERA y c\u00f3mo se determina la adscripci\u00f3n electoral de los nuevos espa\u00f1oles residentes en el extranjero.<\/p>\n\n\n\n<p class=\"wp-block-paragraph\"><strong>La di\u00e1spora espa\u00f1ola, en el centro del debate.<\/strong><\/p>\n\n\n\n<p class=\"wp-block-paragraph\">La controversia llega en un momento en que la di\u00e1spora espa\u00f1ola tiene un peso demogr\u00e1fico y pol\u00edtico muy superior al de a\u00f1os anteriores. Durante d\u00e9cadas, cientos de miles de descendientes de espa\u00f1oles quedaron fuera de la ciudadan\u00eda por circunstancias hist\u00f3ricas, migratorias o familiares. <\/p>\n\n\n\n<p class=\"wp-block-paragraph\">La Ley de Memoria Democr\u00e1tica modific\u00f3 parcialmente esa realidad y permiti\u00f3 que muchas de esas personas recuperaran una nacionalidad que estaba vinculada a su historia familiar. Ahora, precisamente cuando ese colectivo comienza a adquirir un peso electoral relevante, aparece una batalla jur\u00eddica y pol\u00edtica sobre su incorporaci\u00f3n al CERA.<\/p>\n\n\n\n<p class=\"wp-block-paragraph\">El Tribunal Supremo tendr\u00e1 que determinar d\u00f3nde est\u00e1n los l\u00edmites entre la defensa de la transparencia electoral y la utilizaci\u00f3n pol\u00edtica de una cuesti\u00f3n que afecta directamente a miles de ciudadanos.<\/p>\n\n\n\n<p class=\"wp-block-paragraph\">La clave estar\u00e1 en una cuesti\u00f3n esencial: <strong>garantizar que el censo electoral sea transparente, verificable y jur\u00eddicamente correcto sin convertir a los nuevos espa\u00f1oles en ciudadanos de segunda categor\u00eda ni cuestionar colectivamente su derecho a participar en la democracia espa\u00f1ola.<\/strong><\/p>\n\n\n\n<p class=\"wp-block-paragraph\">Porque investigar c\u00f3mo funciona el CERA puede ser leg\u00edtimo y necesario, lo que no puede darse por supuesto es que obtener la nacionalidad espa\u00f1ola mediante una ley aprobada democr\u00e1ticamente convierta autom\u00e1ticamente al ciudadano en sospechoso de alterar unas elecciones. <strong>El Supremo tendr\u00e1 ahora la palabra y algo importante,  s\u00f3lo un Gobierno Progresista en Espa\u00f1a hoy encabezado  por Pedro S\u00e1nchez garantizar\u00e1 estos derechos adquiridos.<\/strong><\/p>\n\n\n\n<p class=\"wp-block-paragraph\"><\/p>\n","protected":false},"excerpt":{"rendered":"<p>\u00abLa asociaci\u00f3n de ultraderecha HazteO\u00edr lleva al Tribunal Supremo las inscripciones de nuevos espa\u00f1oles en el exterior y cuestiona los criterios de asignaci\u00f3n electoral. &#8230; <\/p>\n<p class=\"read-more-container\"><a title=\"El Supremo abre la batalla sobre el CERA, \u00bfqu\u00e9 puede pasar con los espa\u00f1oles que obtuvieron la nacionalidad por la Ley de Memoria Democr\u00e1tica?\" class=\"read-more button\" href=\"https:\/\/xn--tuvozdiasporaespaola-k7b.com\/page\/2\/el-supremo-abre-la-batalla-sobre-el-cera-que-puede-pasar-con-los-espanoles-que-obtuvieron-la-nacionalidad-por-la-ley-de-memoria-democratica\/#more-15014\" aria-label=\"M\u00e1s en El Supremo abre la batalla sobre el CERA, \u00bfqu\u00e9 puede pasar con los espa\u00f1oles que obtuvieron la nacionalidad por la Ley de Memoria Democr\u00e1tica?\">Leer m\u00e1s<\/a><\/p>\n","protected":false},"author":222560522,"featured_media":15016,"comment_status":"closed","ping_status":"open","sticky":false,"template":"","format":"standard","meta":{"footnotes":""},"categories":[121854],"tags":[],"class_list":["post-15014","post","type-post","status-publish","format-standard","has-post-thumbnail","hentry","category-consejo-de-residentes-espanoles","resize-featured-image"],"_links":{"self":[{"href":"https:\/\/xn--tuvozdiasporaespaola-k7b.com\/page\/2\/wp-json\/wp\/v2\/posts\/15014","targetHints":{"allow":["GET"]}}],"collection":[{"href":"https:\/\/xn--tuvozdiasporaespaola-k7b.com\/page\/2\/wp-json\/wp\/v2\/posts"}],"about":[{"href":"https:\/\/xn--tuvozdiasporaespaola-k7b.com\/page\/2\/wp-json\/wp\/v2\/types\/post"}],"author":[{"embeddable":true,"href":"https:\/\/xn--tuvozdiasporaespaola-k7b.com\/page\/2\/wp-json\/wp\/v2\/users\/222560522"}],"replies":[{"embeddable":true,"href":"https:\/\/xn--tuvozdiasporaespaola-k7b.com\/page\/2\/wp-json\/wp\/v2\/comments?post=15014"}],"version-history":[{"count":2,"href":"https:\/\/xn--tuvozdiasporaespaola-k7b.com\/page\/2\/wp-json\/wp\/v2\/posts\/15014\/revisions"}],"predecessor-version":[{"id":15017,"href":"https:\/\/xn--tuvozdiasporaespaola-k7b.com\/page\/2\/wp-json\/wp\/v2\/posts\/15014\/revisions\/15017"}],"wp:featuredmedia":[{"embeddable":true,"href":"https:\/\/xn--tuvozdiasporaespaola-k7b.com\/page\/2\/wp-json\/wp\/v2\/media\/15016"}],"wp:attachment":[{"href":"https:\/\/xn--tuvozdiasporaespaola-k7b.com\/page\/2\/wp-json\/wp\/v2\/media?parent=15014"}],"wp:term":[{"taxonomy":"category","embeddable":true,"href":"https:\/\/xn--tuvozdiasporaespaola-k7b.com\/page\/2\/wp-json\/wp\/v2\/categories?post=15014"},{"taxonomy":"post_tag","embeddable":true,"href":"https:\/\/xn--tuvozdiasporaespaola-k7b.com\/page\/2\/wp-json\/wp\/v2\/tags?post=15014"}],"curies":[{"name":"wp","href":"https:\/\/api.w.org\/{rel}","templated":true}]}}