{"id":14996,"date":"2026-09-04T12:08:58","date_gmt":"2026-09-04T15:08:58","guid":{"rendered":"https:\/\/xn--tuvozdiasporaespaola-k7b.com\/page\/2\/?p=14996"},"modified":"2026-09-04T12:14:01","modified_gmt":"2026-09-04T15:14:01","slug":"gabriel-rufian-dice-la-verdad-sobre-ceuta-en-el-congreso-pp-y-vox-son-traidores","status":"publish","type":"post","link":"https:\/\/xn--tuvozdiasporaespaola-k7b.com\/page\/2\/gabriel-rufian-dice-la-verdad-sobre-ceuta-en-el-congreso-pp-y-vox-son-traidores\/","title":{"rendered":"GABRIEL RUF\u00cdAN  SOBRE CEUTA EN EL CONGRESO. \u00abPP Y VOX SON TRAIDORES\u00bb"},"content":{"rendered":"\n<p class=\"wp-block-paragraph\">Redacci\u00f3n Espa\u00f1a.<\/p>\n\n\n\n<p class=\"wp-block-paragraph\">\u00ab<strong>Ustedes son los traidores a su patria o lacayos<\/strong> ( Partido Popular y VOX) <strong>y no sus ciudadanos. La pulserita, (aparte de la que llevan), de Israel, de Marruecos y de Estados Unidos\u00bb<\/strong>. Declar\u00f3 Gabriel Rufi\u00e1n en el Congreso despu\u00e9s de bastante tiempo hablando sobre Ceuta y sobre cosas que a la derecha prefiere callar.<\/p>\n\n\n\n<p class=\"wp-block-paragraph\">Ante diputados del Patido Popular y VOX dando lecciones de lo que hay que hacer en Ceuta , Rufi\u00e1n comenzo su discurso exponiendolo siguien:<\/p>\n\n\n\n<p class=\"wp-block-paragraph\">\u00abSe <em>ha comentado, que murieron 141 personas, m\u00e1s all\u00e1 de nuestras ideas y de las historias que aqu\u00ed contemos, 141 personas murieron, incluido ni\u00f1os<strong>. \u00bfQu\u00e9 pasar\u00eda si este verano hubieran muerto 141 personas en un solo d\u00eda de cualquier otra cosa?<\/strong> Pues ser\u00eda esto un escandalazo y estar\u00edamos aqu\u00ed en nuestro s\u00e9ptimo pleno para hablar de la historia. Pero bueno, \u00bfes lo que menos le importa a la gente? Sobre todo esto est\u00e1, <\/em>CEUTA\u00bb.<\/p>\n\n\n\n<p class=\"wp-block-paragraph\">\u00ab<em>Yo no critico a Marruecos por no controlar a 80 mil personas en su frontera. Yo acuso a Marruecos de <strong>enviar a 80 mil personas a su frontera para cargarse al gobierno de Espa\u00f1a con la colaboraci\u00f3n de Washington, de Tel Aviv y s\u00ed, de la derecha y de la ultraderecha espa\u00f1ola, policial y judicial.<\/strong><\/em><\/p>\n\n\n\n<p class=\"wp-block-paragraph\"><em><strong>Mohamed Sexto es un asesino. Ustedes  <\/strong>(Partido<\/em> Popular y VOX) <em><strong>son los traidores a su patria porque si lo sab\u00edan polic\u00edas y jueces, sus polic\u00edas y sus jueces, ustedes tambi\u00e9n lo sab\u00edan.<\/strong><\/em><\/p>\n\n\n\n<p class=\"wp-block-paragraph\"><em>\u00bb Ustedes, se\u00f1or\u00edas del gobierno, son unos pusil\u00e1nimes y estoy siendo generoso, porque aqu\u00ed solamente hay dos opciones. <strong>La primera es la conspiranoica que yo no me creo, que Marruecos tiene una informaci\u00f3n de no s\u00e9 qui\u00e9n y de no s\u00e9 cu\u00e1l<\/strong>. Esta es una opci\u00f3n para justificar su posici\u00f3n, de tapar y de ocultar y decir, bueno, no s\u00e9, puede ser, investigaremos, bueno, en fin, \u00bf<strong>ustedes no han visto las im\u00e1genes de los furgones, de los camiones cargados de gente y la polic\u00eda marroqu\u00ed mirando como las vacas al tren?.<\/strong><\/em><\/p>\n\n\n\n<p class=\"wp-block-paragraph\">\u00bf<em>Ustedes ( gobierno<\/em>) <em>no han visto eso, ustedes no han visto al presidente de Estados Unidos y al vicepresidente de Estados Unidos, al embajador de Israel ante la ONU jalear lo que sucedi\u00f3, al ministro de exteriores de Marruecos, al ministro de asuntos religiosos de Marruecos, <strong>frente al rey de Marruecos, frente al heredero del rey de Marruecos diciendo que C\u00e9uta es marroqu\u00ed y Melilla es marroqu\u00ed y que es un derecho sagrado recuperarlas.<\/strong><\/em><\/p>\n\n\n\n<p class=\"wp-block-paragraph\"><em>Y la segunda, ustedes est\u00e1n tapando todo esto, y es que si Marruecos les plantea la guerra ustedes no la pueden ganar. La primera opci\u00f3n, la conspiranoica, es fastidiada para ustedes.<\/em> <em>La segunda es fastidiada para todos, para todos.<\/em><\/p>\n\n\n\n<p class=\"wp-block-paragraph\"><em>Por cierto, usted se presenta aqu\u00ed anunciado que va a desclasificar y va a ense\u00f1ar informes de la polic\u00eda, de la inteligencia espa\u00f1ola, aqu\u00ed ha aplaudido casi todo el mundo de aqu\u00ed, de esta bancada, menos una persona, la se\u00f1ora Robles. ministra de Defensa.<\/em><\/p>\n\n\n\n<p class=\"wp-block-paragraph\"><em>Tiene usted un problem\u00f3n importante.<\/em> <em>Los gobiernos<\/em> <em>se pierden por errar, equivocarse, (puede ser m\u00e1s o menos complicado, m\u00e1s o menos lesivo para un gobierno). <strong>Los gobiernos, sobre todo, se pierden por mentir. Mohamed Sexto ni viste ni come ni respira sin que lo sepa Donald Trump.<\/strong><\/em><\/p>\n\n\n\n<p class=\"wp-block-paragraph\"><em>Y Trump , m\u00e1s all\u00e1 de lo de Gaza, Argelia, China, la OTAN, lo que sabe perfectamente, conjuntamente con Netanyahu es que <strong>si controlas el estrecho de Gibraltar, el estrecho de Ormuz, el canal de Panam\u00e1 y el canal de Suez controlas el comercio mundial.<\/strong> Y para eso necesita socios. Y el socio aqu\u00ed se llama Mohamed Sexto<\/em>.<\/p>\n\n\n\n<p class=\"wp-block-paragraph\">Y mucho piensan \u00ab<em>El rey Marroqu\u00ed, esto no se le puede permitir, no puede dar esa imagen internacional\u00bb, no hombre no, es que ese dia era aniversario<\/em> de <em>su coronaci\u00f3n. Pero si el rey de Marruecos vive en un \u00e1tico de Par\u00eds todo el a\u00f1o, \u00bf<strong>Mohamed Sexto, cuidar la imagen internacional de Marruecos?. Igual es que va a perder las pr\u00f3ximas elecciones, <\/strong>se\u00f1or\u00edas del gobierno, han atacado a su pa\u00eds, esto es un ataque, es utilizar a la gente como carne de ca\u00f1\u00f3n. Y d\u00edganlo que no pasa nada.<\/em><\/p>\n\n\n\n<p class=\"wp-block-paragraph\"><em>O s\u00ed pasa. \u00bfQu\u00e9 va a pasar? \u00bfQue van a perder la organizaci\u00f3n del Mundial de 2030? Ya lo han perdido.\u00bfQue Marrocos va a enviar 80.000 personas cada d\u00eda? <\/em><strong><em>Lo van a seguir haciendo. Cada vez que quieran o cada vez que se lo pida, repito, Netanyahu<\/em> <em>o Washington.<\/em><\/strong><\/p>\n\n\n\n<p class=\"wp-block-paragraph\"><em>Con el S\u00e1hara ustedes entregaron su credibilidad en pos de una supuesta diplomacia genial de Albares .<strong>Ustedes ahora est\u00e1n entregando su dignidad. \u00bfUstedes se acuerdan de lo del 11M y el PP? <\/strong>\u00bfse acuerdan? Salbando las distancias, porque aquello fue terriblemente miserable, es que lo de ahora no se sostiene por ning\u00fan lado.<\/em><\/p>\n\n\n\n<p class=\"wp-block-paragraph\"><em>Y no es responsabilidad, ni expertos en c\u00f3mplot, ni brillante ministro de exteriores, que justifique esto. <strong>Se\u00f1ores del PP y de Vox, ustedes han repetido 14 veces la palabra invasi\u00f3n. \u00bfNo? Las invasiones pasan en las guerras. <\/strong>\u00bfEstamos en guerra entonces? No, no estamos en guerra.<\/em><\/p>\n\n\n\n<p class=\"wp-block-paragraph\"><em>\u00bfS\u00ed? \u00bfEstamos en guerra? \u00bfY si estamos en guerra, \u00bfqui\u00e9n va a ir? \u00bfUstedes? \u00bfUstedes van a ir a una guerra? \u00bfY quienes les piden ir a la guerra? \u00bfSaben que algunos de ustedes pidieron pr\u00f3rroga? \u00bfSe saltaron la mili incluso? Abascal.<\/em><\/p>\n\n\n\n<p class=\"wp-block-paragraph\"><em>Por cierto, <strong>se\u00f1or Figueredo<\/strong>, (que no est\u00e1 hoy, igual era muy pronto para volver), que ha comentado y <strong>pidi\u00f3 cazar a migrantes en Ceuta, <\/strong>yo pido que cacen al se\u00f1or Figueredo.<\/em><\/p>\n\n\n\n<p class=\"wp-block-paragraph\"><em>La inteligencia y la verg\u00fcenza, porque \u00e9l siempre corre m\u00e1s y mira que le persiguen. Para invasi\u00f3n de Marruecos la que lleg\u00f3 de Marruecos, la del 36, la del 37, la del 38 y la del 39. Franco hizo traer a 100.000 Marroqu\u00eds para asesinar, para robar y para violar al pueblo espa\u00f1ol. Y la verdad es que aqu\u00ed no pas\u00f3 nada.<\/em><\/p>\n\n\n\n<p class=\"wp-block-paragraph\"><em>\u00bf<strong>Ustedes , Partido Popular y VOX<\/strong><\/em>,  <em><strong>de qu\u00e9 bando estaban ,entonces? Y sobre todo, \u00bfustedes creen que cuando ustedes est\u00e9n en el gobierno (que llegar\u00e1n m\u00e1s tarde o m\u00e1s pronto), Trump, Netanyahu y Mohamed VI no van a hacer lo mismo con ustedes?<\/strong> \u00bfSe lo creen de verdad? \u00bfO es que ya les va bien? \u00bfO es que son lacallos y no ciudadanos libres de su pa\u00eds?<\/em><\/p>\n\n\n\n<p class=\"wp-block-paragraph\"><em>No lo dira nadie, mirando otro lado. Y ahora aqu\u00ed vienen a cuestionar una imvasion, cuando yo deber\u00eda dar datos y decir aquello de no, es que <strong>\u00bfpor qu\u00e9 250.000 ucranianos s\u00ed y 80.000 Marroqu\u00eds no?<\/strong> No, es que en Ceuta hay mucha facha. No, es que todo os mentira.<\/em>&#8230;<\/p>\n\n\n\n<p class=\"wp-block-paragraph\"><em>La gente lo que quiere son soluciones, porque esta situacion se\u00f1or\u00edas, nos pongamos como nos pongamos es un problem\u00f3n. \u00bfO no es un problem\u00f3n si te acosan a menores sexualmente que duermen en la calle?. Por cierto, la mitad de  estos acosadores  espa\u00f1oles, residentes en Ceuta. \u00bfEso no es un problem\u00f3n?. Quien diga lo contrario, o no se entera de nada, o miente. Y <strong>si no damos soluciones desde la izquierda, pues viene el primer descerebrao, con una bandera y dice que \u00e9l ya la arreglar\u00e1 con m\u00e1s banderas.<\/strong><\/em><\/p>\n\n\n\n<p class=\"wp-block-paragraph\"><em>La gente se\u00f1or\u00edas, ( a Europa<\/em>) <em>no va a dejar venir. 258 millones de personas migran en todo el mundo cada d\u00eda, un 50% m\u00e1s que hace 20 a\u00f1os. \u00bfPor qu\u00e9? \u00bfY por qu\u00e9 no se puede frenar? Pues por  la explotaci\u00f3n en el sur y la emergencia clim\u00e1tica que achecha al sur. \u00bfA qu\u00e9 se no se va a hacer nada para solicionar esto? de momento. <\/em><\/p>\n\n\n\n<p class=\"wp-block-paragraph\"><em>Pues entonces que <strong>no hay frontera suficientemente alta para frenarlo, as\u00ed que hay que gestionarlo. Ni la criminalizaci\u00f3n de unos, ni la negaci\u00f3n de otros. Frente al reto de la migraci\u00f3n. Orden, inclusi\u00f3n, integraci\u00f3n y derechos y obligaciones.<\/strong><\/em> <em>Yo digo que orden, recuperar las v\u00edas legales de entrada. <\/em><\/p>\n\n\n\n<p class=\"wp-block-paragraph\"><strong><em>Convertir a Europa en una urbanizaci\u00f3n<\/em> <em>de lujo con porteros m\u00e1s grandes y con armas m\u00e1s fuertes no sirve de nada<\/em><\/strong><em>. \u00bfPor qu\u00e9 llega m\u00e1s gente a Espa\u00f1a que nunca? \u00bfPor que en Espa\u00f1a trabaja m\u00e1s gente que nunca? \u00bfQue la gente no es idiota? \u00bfViva d\u00f3nde viva? V\u00edas legales de entrada. Es la responsabilidad de cualquier pa\u00eds. Dos, inclusi\u00f3n, integraci\u00f3n.<\/em><\/p>\n\n\n\n<p class=\"wp-block-paragraph\"><em>Yo mismo soy hijo y nieto de migrantes que se integraron en un barrio, que fueron ayudados a integrarse en un barrio. <strong>Inclusi\u00f3n<\/strong>. Por cierto, en el mismo barrio&#8230; en los que est\u00e1 llegando ahora esa migraci\u00f3n. <strong>Derechos y obligaciones<\/strong>. En esto quiero ser muy claro. \u00bfQui\u00e9n la hace? La paga<strong>.<\/strong> \u00bfTe llames Antonio, te llames Dimitri o te llames Hassan? \u00bfQui\u00e9n la hace? La paga. Y los que entraron, como entraron, que sean atendidos con felicidad. Y que sean devueltos con dignidad.<\/em><\/p>\n\n\n\n<p class=\"wp-block-paragraph\"><em>Porque, <strong>qu\u00e9 respuesta e imagen se le da al mundo si frente a esta agresi\u00f3n. Callas, tragas y pagas<\/strong>. \u00bfQu\u00e9 imagen se le da?. \u00bfLo siguiente qu\u00e9 ser\u00e1? \u00bf80 mil m\u00e1s?. Utilizados como carne de ca\u00f1\u00f3n. Enviados al mar para morir. <strong>Se\u00f1orias de izquierdas<\/strong>, repito, los esl\u00f3ganes, los lugares comunes, la cobard\u00eda en definitiva, <strong>frente a los dos dramas que nos van a pasar \u00abla vivienda y la migraci\u00f3n\u00bb, o la izquierda mira a la realidad o aqu\u00ed los traidores a su patria se inventar\u00e1n una nueva cruzada.<\/strong><\/em><\/p>\n\n\n\n<figure class=\"wp-block-embed is-type-rich is-provider-twitter wp-block-embed-twitter\"><div class=\"wp-block-embed__wrapper\">\n<blockquote class=\"twitter-tweet\" data-width=\"550\" data-dnt=\"true\"><p lang=\"es\" dir=\"ltr\">Estos 6 minutos de Rufi\u00e1n son c\u00e1tedra pol\u00edtica, hablando de todos los actores involucrados, acusando a todos los que tienen que acusar y defendiendo los intereses como se tienen que defender. <a href=\"https:\/\/t.co\/K7QlIFtpgH\">pic.twitter.com\/K7QlIFtpgH<\/a><\/p>&mdash; Alex_politics (@comuflauta) <a href=\"https:\/\/x.com\/comuflauta\/status\/2095447455382823347?ref_src=twsrc%5Etfw\">September 3, 2026<\/a><\/blockquote><script async src=\"https:\/\/platform.x.com\/widgets.js\" charset=\"utf-8\"><\/script>\n<\/div><\/figure>\n\n\n\n<p class=\"wp-block-paragraph\"><strong>Transcripci\u00f3n en parte del discurso de Rufi\u00e1n <\/strong>despu\u00e9s de que hubiese intervenido el presidente del gobierno (en la que no habl\u00f3 tampoco de Marruecos), argumentando que hasta ese momento no se hab\u00eda encontrado responsabilidad, cuando se trata de hablar de Donald Trump y Israel, (algunos dicen no, pero Trump y Israel son los socios de Marruecos) que act\u00faan a trav\u00e9s de un Marruecos, al que ahora si no somos capaces de plantar cara (como dec\u00eda Gabriel Rufi\u00e1n ) <strong>la pr\u00f3xima vez vendr\u00e1 a hacer lo mismo. \u00bfPor qu\u00e9? Porque saben que sale gratis.<\/strong><\/p>\n\n\n\n<p class=\"wp-block-paragraph\">En el 2021 atendimo y tuvimos el coraje de atender a Brahim Ghali que era un dirigente del frente polisario del S\u00e1hara Occidental que nos hab\u00eda pedido el favor de la mano de Argelia.\u00bfSab\u00e9is que Argelia ejerce siempre un apoyo expl\u00edcito al S\u00e1hara en su independencia?.<\/p>\n\n\n\n<p class=\"wp-block-paragraph\">Nos pidio por favor y Espa\u00f1a lo hizo (atender a una persona que ten\u00eda COVID y una grave enfermedad y que deb\u00eda ser tratada en un hospital, lo hizo). Consecuencia en el 2021 Marruecos permiti\u00f3 la entrada de 10.000 personas. En el 2026 ocurre una cosa similar, Espa\u00f1a negocia energ\u00e9ticamente con Argelia y Marruecos abre una vez m\u00e1s las puertas y entra no 10.000, 80.000.<\/p>\n\n\n\n<p class=\"wp-block-paragraph\">\u00bfPor qu\u00e9? Porque en el 2021 cuando ocurri\u00f3, lo mismo  la respuesta fue sacar a la ministra de exteriores de entonces, Laya, y sustituirla por Albares. <strong>No hicimos otra cosa, hicimos lo que Marruecos quer\u00eda y por supuesto reconocer la soberan\u00eda del S\u00e1hara Occidental por parte de Marruecos<\/strong> y ahora en el 2026 para aquellos ingenuos que hubiesen pensado que de esa manera se hab\u00edan logrado contener el \u00e1nimo deligerante de Marruecos no es cierto.<\/p>\n\n\n\n<p class=\"wp-block-paragraph\"><strong>T\u00fa cuando te muestras d\u00e9bil , el contrincante contraatacara. Con Marruecos le das a entender es que puede pedir, pedir, pedir porque cada vez que pide se le da, cada vez que pide se le ofrece.<\/strong><\/p>\n\n\n\n<p class=\"wp-block-paragraph\">A un abus\u00f3 lo que hay que saber es decirle basta y como en el 21 no dijimos basta y le dimos todo pues hoy esta embalentonado. Reconocimos que el S\u00e1hara era Marroqu\u00ed, pues ahora en el 2026 de repente nos llega la misma situaci\u00f3n. \u00bfY qu\u00e9 hacemos? Pues seguir d\u00e1ndole.<\/p>\n\n\n\n<p class=\"wp-block-paragraph\"><strong>No, esto nos culpa de Marruecos es culpa nuestra,  del propio Gobierno \u00bfY qui\u00e9n gana? Israel (<\/strong>como ha dicho Rufi\u00e1n ) <strong>que declara que Ceuta y Melilla fueron parte de Marruecos<\/strong>, <strong>Estados Unidos que dice lo mismo y por supuesto el reinado de Mohamed Sexto que lo confirma.<\/strong><\/p>\n\n\n\n<p class=\"wp-block-paragraph\">En el discurso de Pedro S\u00e1nchez nos hemos enterado de que se convoc\u00f3 a la embajadora de Marruecos el d\u00eda 20 para pedirle explicaciones sobre las comunicaciones de dos de sus ministros que hab\u00edan dicho que Ceuta y Melilla deb\u00edan ser Marroqu\u00edes \u00a1nos enteramos ahora 15 d\u00edas despu\u00e9s! <\/p>\n\n\n\n<p class=\"wp-block-paragraph\">\u00bfPor qu\u00e9 no lo dijeron p\u00fablicamente que el 20 agosto hab\u00edan llamado a consultas a la embajadora con la que tenemos montada ? Es que no se entiende esta posici\u00f3n, \u00bfporque se comportan as\u00ed ?, y \u00e9sto puede originar,  que en el 2027 o el mes que viene cuando les d\u00e9 la gana, volvamos a ver la misma situaci\u00f3n y saldr\u00e1 la oposici\u00f3n y dir\u00e1n el mismo relato de caos y falsos patriotas, casposos de blanco y negro.<\/p>\n\n\n\n<p class=\"wp-block-paragraph\">El rey Felipe VI , (ni esta ni se le epera) , tampoco esta a la altura (una cosa bastante t\u00edpica de las monarqu\u00edas del mundo). Uno puede ser ciudadano del mundo cuando tiene los bolsillos cargados de dinero, los reyes en Espa\u00f1a de hecho durante much\u00edsimo tiempo ni siquiera hablaron castellano, ni siquiera la primera lengua del rey Juan Carlos I y por supuesto el caso de la reina sof\u00eda que hablaba un espa\u00f1ol fluidamente.<\/p>\n\n\n\n<p class=\"wp-block-paragraph\"><strong>Mientras desde Israel y Estados Unidos dicen que Ceuta y Melilla debe ser Marroqu\u00ed porque son aliados de Marruecos, <\/strong>aqu\u00ed tenemos a <strong>gente coordinadas con el fachorio casposo haci\u00e9ndose la digna y atreviendose a decir en voz alta que van a defender la soberan\u00eda espa\u00f1ola de Ceuta y Marruecos<\/strong>, ( compadres de ricachones, con barcos de lujo, mariscadas y botellines en estado de embriaguez)<strong>, mientras hacen fotograf\u00edas con aquellos que son los principales aliados a Donald Trump.<\/strong><\/p>\n\n\n\n<p class=\"wp-block-paragraph\">El rey de Marrucos le ha regalado una autopista a Donald Trump de m\u00e1s de mil kil\u00f3metros que llega hasta el S\u00e1hara \u00abautopista Donald Trump Marruecos\u00bb. <strong>El embajador de naciones unidas de Israel gritando (tambi\u00e9n dec\u00eda lo mismo) Ceuta y Melilla son Marroqu\u00eds.<\/strong><\/p>\n\n\n\n<p class=\"wp-block-paragraph\">Con Israel todo mal ,  porque condenamos el genocidio, porque reconocimos el estado Palestino, con Estados Unidos y Donald Trump c porque no permitimos que utilizase las bases militares que tiene en nuestro pa\u00eds, territorio y nuestra soberan\u00eda para hacer su guerra absurda contra Ir\u00e1n de la que ahora no sabe c\u00f3mo salir.<\/p>\n\n\n\n<p class=\"wp-block-paragraph\"><strong>Un apoyo de Donald Trump a Marruecos, que adem\u00e1s le permite tener cierto control del estrecho Gibraltar una parte fundamental para el paso por norte de \u00c1frica y todo el sur de Europa control del mar mediterr\u00e1neo sumado a canal de Suez estrecho de Ormuz <\/strong>y todos estos espacios fundamentales para la estrategia geopol\u00edtica del mundo de la que algunos son muy conscientes y otros son demasiado ignorantes y se quedan simplemente en decir \u00abno el inmigrante que es malo\u00bb.<\/p>\n\n\n\n<p class=\"wp-block-paragraph\">Cuando la realidad es que el inmigrante fue utilizado como carnaza o basura por el rey de MARRUECOS lanz\u00e1ndolos contra la frontera donde murieron m\u00e1s de 140 personas, en el lado espa\u00f1ol sin contar el lado marroqu\u00ed  donde como buena dictadura  se oculta la catastrofe,  porque  <strong>los migrantes son simplemente la moneda de cambio,  en la que el Rey de Marruecos ejerce su opresi\u00f3n o represi\u00f3n, para ocultar su abandono de su poblaci\u00f3n y las miserias de su reinado <\/strong><\/p>\n\n\n\n<p class=\"wp-block-paragraph\"><\/p>\n","protected":false},"excerpt":{"rendered":"<p>Redacci\u00f3n Espa\u00f1a. \u00abUstedes son los traidores a su patria o lacayos ( Partido Popular y VOX) y no sus ciudadanos. La pulserita, (aparte de &#8230; <\/p>\n<p class=\"read-more-container\"><a title=\"GABRIEL RUF\u00cdAN  SOBRE CEUTA EN EL CONGRESO. \u00abPP Y VOX SON TRAIDORES\u00bb\" class=\"read-more button\" href=\"https:\/\/xn--tuvozdiasporaespaola-k7b.com\/page\/2\/gabriel-rufian-dice-la-verdad-sobre-ceuta-en-el-congreso-pp-y-vox-son-traidores\/#more-14996\" aria-label=\"M\u00e1s en GABRIEL RUF\u00cdAN  SOBRE CEUTA EN EL CONGRESO. \u00abPP Y VOX SON TRAIDORES\u00bb\">Leer m\u00e1s<\/a><\/p>\n","protected":false},"author":222560522,"featured_media":15011,"comment_status":"closed","ping_status":"open","sticky":false,"template":"","format":"standard","meta":{"footnotes":""},"categories":[121901],"tags":[],"class_list":["post-14996","post","type-post","status-publish","format-standard","has-post-thumbnail","hentry","category-espana","resize-featured-image"],"_links":{"self":[{"href":"https:\/\/xn--tuvozdiasporaespaola-k7b.com\/page\/2\/wp-json\/wp\/v2\/posts\/14996","targetHints":{"allow":["GET"]}}],"collection":[{"href":"https:\/\/xn--tuvozdiasporaespaola-k7b.com\/page\/2\/wp-json\/wp\/v2\/posts"}],"about":[{"href":"https:\/\/xn--tuvozdiasporaespaola-k7b.com\/page\/2\/wp-json\/wp\/v2\/types\/post"}],"author":[{"embeddable":true,"href":"https:\/\/xn--tuvozdiasporaespaola-k7b.com\/page\/2\/wp-json\/wp\/v2\/users\/222560522"}],"replies":[{"embeddable":true,"href":"https:\/\/xn--tuvozdiasporaespaola-k7b.com\/page\/2\/wp-json\/wp\/v2\/comments?post=14996"}],"version-history":[{"count":7,"href":"https:\/\/xn--tuvozdiasporaespaola-k7b.com\/page\/2\/wp-json\/wp\/v2\/posts\/14996\/revisions"}],"predecessor-version":[{"id":15013,"href":"https:\/\/xn--tuvozdiasporaespaola-k7b.com\/page\/2\/wp-json\/wp\/v2\/posts\/14996\/revisions\/15013"}],"wp:featuredmedia":[{"embeddable":true,"href":"https:\/\/xn--tuvozdiasporaespaola-k7b.com\/page\/2\/wp-json\/wp\/v2\/media\/15011"}],"wp:attachment":[{"href":"https:\/\/xn--tuvozdiasporaespaola-k7b.com\/page\/2\/wp-json\/wp\/v2\/media?parent=14996"}],"wp:term":[{"taxonomy":"category","embeddable":true,"href":"https:\/\/xn--tuvozdiasporaespaola-k7b.com\/page\/2\/wp-json\/wp\/v2\/categories?post=14996"},{"taxonomy":"post_tag","embeddable":true,"href":"https:\/\/xn--tuvozdiasporaespaola-k7b.com\/page\/2\/wp-json\/wp\/v2\/tags?post=14996"}],"curies":[{"name":"wp","href":"https:\/\/api.w.org\/{rel}","templated":true}]}}