{"id":14988,"date":"2026-09-02T19:26:43","date_gmt":"2026-09-02T22:26:43","guid":{"rendered":"https:\/\/xn--tuvozdiasporaespaola-k7b.com\/page\/2\/?p=14988"},"modified":"2026-09-02T19:36:55","modified_gmt":"2026-09-02T22:36:55","slug":"ceuta-malaska-pide-informacion-a-la-policia-sobre-omolicacion-de-marruecos","status":"publish","type":"post","link":"https:\/\/xn--tuvozdiasporaespaola-k7b.com\/page\/2\/ceuta-malaska-pide-informacion-a-la-policia-sobre-omolicacion-de-marruecos\/","title":{"rendered":"Ceuta, Malaska pide informaci\u00f3n a la polic\u00eda sobre implicaci\u00f3n de Marruecos."},"content":{"rendered":"\n<p class=\"wp-block-paragraph\">Redacci\u00f3n Argentina .<\/p>\n\n\n\n<p class=\"wp-block-paragraph\">La implicaci\u00f3n de Marruecos en Ceuta se centra en una fuerte controversia pol\u00edtica y judicial tras la entrada masiva de miles de migrantes a la ciudad aut\u00f3noma a finales de julio de 2026. <strong>Un reciente informe de la Polic\u00eda Nacional enviado a la Audiencia Nacional se\u00f1ala directamente a las fuerzas de seguridad marroqu\u00edes<\/strong>, desatando un cruce de declaraciones y tensiones dentro del propio Gobierno espa\u00f1ol , esto ya lo adelantamos en nuestro medio, que sin Marruecos, el juego sucio del Partido Popular y VOX con el apoyo de la CIA nunca hubiera sido posible.<\/p>\n\n\n\n<figure class=\"wp-block-embed is-type-rich is-provider-x wp-block-embed-x\"><div class=\"wp-block-embed__wrapper\">\n<blockquote class=\"twitter-tweet\" data-width=\"550\" data-dnt=\"true\"><p lang=\"es\" dir=\"ltr\">Ceuta, inmigraci\u00f3n y geopol\u00edtica: una acusaci\u00f3n que abre m\u00e1s preguntas que respuestas<br>14 de agosto de 2026  TUVOZ Revista Informativa<br><br>An\u00e1lisis y opini\u00f3n desde Redacci\u00f3n internacionales en <a href=\"https:\/\/x.com\/hashtag\/Argentina?src=hash&amp;ref_src=twsrc%5Etfw\">#Argentina<\/a>.<br><br>En las \u00faltimas horas esta circulado una afirmaci\u00f3n de los servicios de\u2026 <a href=\"https:\/\/t.co\/mhCr0PhGHx\">pic.twitter.com\/mhCr0PhGHx<\/a><\/p>&mdash; TU VOZ Di\u00e1spora Progresista (@DiasporaEspa) <a href=\"https:\/\/x.com\/DiasporaEspa\/status\/2088372902710149553?ref_src=twsrc%5Etfw\">August 14, 2026<\/a><\/blockquote><script async src=\"https:\/\/platform.x.com\/widgets.js\" charset=\"utf-8\"><\/script>\n<\/div><\/figure>\n\n\n\n<p class=\"wp-block-paragraph\"><\/p>\n\n\n\n<p class=\"wp-block-paragraph\">El ministro del Interior, <strong><u><strong>Fernando Grande-Marlaska<\/strong><\/u><\/strong>, ha remitido una carta urgente al director general de la Polic\u00eda Nacional, <strong><u><strong>Francisco Pardo<\/strong><\/u><\/strong>, exigi\u00e9ndole aclaraciones inmediatas sobre la veracidad de un informe policial filtrado a los medios de comunicaci\u00f3n. Dicho documento, elaborado por el <strong>Centro Nacional de Inmigraci\u00f3n y Fronteras (CENIF)<\/strong>, atribuye a <strong>agentes marroqu\u00edes<\/strong> (tanto uniformados como de paisano) la direcci\u00f3n estrat\u00e9gica y el guiado de los flujos migratorios durante la crisis en Ceuta de los pasados 30 y 31 de julio. <\/p>\n\n\n\n<p class=\"wp-block-paragraph\">La pol\u00e9mica ha generado un cruce de versiones y tensiones dentro del propio Ministerio debido a la falta de comunicaci\u00f3n previa y al contenido del documento judicializado. <\/p>\n\n\n\n<p class=\"wp-block-paragraph\"><strong>La respuesta oficial de la Direcci\u00f3n de la Polic\u00eda<\/strong><\/p>\n\n\n\n<p class=\"wp-block-paragraph\">Ante el requerimiento formal del ministro, el director general de la Polic\u00eda ha trasladado las siguientes precisiones: <\/p>\n\n\n\n<ul class=\"wp-block-list\">\n<li><strong>Negaci\u00f3n de planificaci\u00f3n oficial:<\/strong> Francisco Pardo ha asegurado a Marlaska que <strong>no existe ning\u00fan informe policial<\/strong> que atribuya de manera directa a Marruecos o a sus Fuerzas de Seguridad la <strong>planificaci\u00f3n o ejecuci\u00f3n estrat\u00e9gica<\/strong> de la crisis migratoria. <\/li>\n\n\n\n<li><strong>Orden de confidencialidad judicial:<\/strong> La direcci\u00f3n policial ha alegado que la titular del Juzgado Central de Instrucci\u00f3n n\u00famero 3 de la Audiencia Nacional, la magistrada <strong><u><strong>Mar\u00eda Tard\u00f3n<\/strong><\/u><\/strong>, orden\u00f3 expresamente a los investigadores <strong>no facilitar informaci\u00f3n a sus superiores<\/strong> pol\u00edticos sobre las pesquisas en curso. <\/li>\n<\/ul>\n\n\n\n<figure class=\"wp-block-image size-large\"><img fetchpriority=\"high\" decoding=\"async\" width=\"1024\" height=\"569\" src=\"https:\/\/xn--tuvozdiasporaespaola-k7b.com\/wp-content\/uploads\/2026\/09\/1001136396-1024x569.jpg\" alt=\"\" class=\"wp-image-14989\" srcset=\"https:\/\/xn--tuvozdiasporaespaola-k7b.com\/wp-content\/uploads\/2026\/09\/1001136396-1024x569.jpg 1024w, https:\/\/xn--tuvozdiasporaespaola-k7b.com\/wp-content\/uploads\/2026\/09\/1001136396-300x167.jpg 300w, https:\/\/xn--tuvozdiasporaespaola-k7b.com\/wp-content\/uploads\/2026\/09\/1001136396-767x426.jpg 767w, https:\/\/xn--tuvozdiasporaespaola-k7b.com\/wp-content\/uploads\/2026\/09\/1001136396.jpg 1080w\" sizes=\"(max-width: 1024px) 100vw, 1024px\" \/><\/figure>\n\n\n\n<p class=\"wp-block-paragraph\"><strong>Lo que detalla el pol\u00e9mico informe filtrado<\/strong><\/p>\n\n\n\n<p class=\"wp-block-paragraph\">A pesar de la matizaci\u00f3n oficial de la Direcci\u00f3n, los extractos de la investigaci\u00f3n policial remitida a la Audiencia Nacional reflejan detalles espec\u00edficos sobre el terreno: [<a href=\"https:\/\/www.lasexta.com\/programas\/al-rojo-vivo\/ferreras-conocer-informe-policial-ceuta-alucinante-marlaska-enterado-nada_202609026a97f1922d7d3022177b7f9b.html\">1<\/a>, <a href=\"https:\/\/www.20minutos.es\/nacional\/ultima-hora-crisis-migratoria-ceuta-directo-marlaska-policia-marruecos-informe-manifestaciones-entrada-masiva_7031779_6.html\">2<\/a>]<\/p>\n\n\n\n<ul class=\"wp-block-list\">\n<li><strong>Gendarmes implicados:<\/strong> El documento del CENIF incluye registros gr\u00e1ficos, identidades y fotograf\u00edas que apuntan a que gendarmes marroqu\u00edes facilitaron rutas y <strong>guiaron de forma activa a los migrantes<\/strong> hacia el espig\u00f3n de El Tarajal. <\/li>\n\n\n\n<li><strong>Agentes de paisano:<\/strong> Se describe la presencia de supuestos agentes de inteligencia marroqu\u00edes vestidos de paisano encargados de monitorizar la respuesta de las Fuerzas y Cuerpos de Seguridad del Estado espa\u00f1ol. <\/li>\n\n\n\n<li><strong>Estrategia de \u00abzona gris\u00bb:<\/strong> Los analistas policiales desmarcan la envergadura de la operaci\u00f3n de las redes de mafias convencionales y la encuadran en t\u00e9cnicas de <strong>guerra h\u00edbrida<\/strong> destinadas a tensionar y colapsar el control fronterizo de Espa\u00f1a. <\/li>\n<\/ul>\n\n\n\n<p class=\"wp-block-paragraph\"><strong>Repercusiones pol\u00edticas y conjeturas<\/strong><\/p>\n\n\n\n<p class=\"wp-block-paragraph\">Grande-Marlaska ha evitado realizar valoraciones pol\u00edticas definitivas sobre las implicaciones diplom\u00e1ticas con Rabat, calificando de <strong>\u00abconjeturas\u00bb<\/strong> cualquier posible medida del Gobierno hasta que se verifique formalmente el alcance judicial de lo investigado. Sin embargo, la filtraci\u00f3n ha desatado duras cr\u00edticas de la oposici\u00f3n y de sindicatos policiales como JUPOL, quienes sostienen que Interior ya dispon\u00eda de alertas previas de riesgo extremo antes de que se consumara la entrada masiva<\/p>\n\n\n\n<p class=\"wp-block-paragraph\">Fuentes Agencias de Comunicaci\u00f3n Espa\u00f1a.<\/p>\n","protected":false},"excerpt":{"rendered":"<p>Redacci\u00f3n Argentina . La implicaci\u00f3n de Marruecos en Ceuta se centra en una fuerte controversia pol\u00edtica y judicial tras la entrada masiva de miles &#8230; <\/p>\n<p class=\"read-more-container\"><a title=\"Ceuta, Malaska pide informaci\u00f3n a la polic\u00eda sobre implicaci\u00f3n de Marruecos.\" class=\"read-more button\" href=\"https:\/\/xn--tuvozdiasporaespaola-k7b.com\/page\/2\/ceuta-malaska-pide-informacion-a-la-policia-sobre-omolicacion-de-marruecos\/#more-14988\" aria-label=\"M\u00e1s en Ceuta, Malaska pide informaci\u00f3n a la polic\u00eda sobre implicaci\u00f3n de Marruecos.\">Leer m\u00e1s<\/a><\/p>\n","protected":false},"author":222560522,"featured_media":14990,"comment_status":"closed","ping_status":"open","sticky":false,"template":"","format":"standard","meta":{"footnotes":""},"categories":[121901,121850],"tags":[],"class_list":["post-14988","post","type-post","status-publish","format-standard","has-post-thumbnail","hentry","category-espana","category-politica","resize-featured-image"],"_links":{"self":[{"href":"https:\/\/xn--tuvozdiasporaespaola-k7b.com\/page\/2\/wp-json\/wp\/v2\/posts\/14988","targetHints":{"allow":["GET"]}}],"collection":[{"href":"https:\/\/xn--tuvozdiasporaespaola-k7b.com\/page\/2\/wp-json\/wp\/v2\/posts"}],"about":[{"href":"https:\/\/xn--tuvozdiasporaespaola-k7b.com\/page\/2\/wp-json\/wp\/v2\/types\/post"}],"author":[{"embeddable":true,"href":"https:\/\/xn--tuvozdiasporaespaola-k7b.com\/page\/2\/wp-json\/wp\/v2\/users\/222560522"}],"replies":[{"embeddable":true,"href":"https:\/\/xn--tuvozdiasporaespaola-k7b.com\/page\/2\/wp-json\/wp\/v2\/comments?post=14988"}],"version-history":[{"count":4,"href":"https:\/\/xn--tuvozdiasporaespaola-k7b.com\/page\/2\/wp-json\/wp\/v2\/posts\/14988\/revisions"}],"predecessor-version":[{"id":14994,"href":"https:\/\/xn--tuvozdiasporaespaola-k7b.com\/page\/2\/wp-json\/wp\/v2\/posts\/14988\/revisions\/14994"}],"wp:featuredmedia":[{"embeddable":true,"href":"https:\/\/xn--tuvozdiasporaespaola-k7b.com\/page\/2\/wp-json\/wp\/v2\/media\/14990"}],"wp:attachment":[{"href":"https:\/\/xn--tuvozdiasporaespaola-k7b.com\/page\/2\/wp-json\/wp\/v2\/media?parent=14988"}],"wp:term":[{"taxonomy":"category","embeddable":true,"href":"https:\/\/xn--tuvozdiasporaespaola-k7b.com\/page\/2\/wp-json\/wp\/v2\/categories?post=14988"},{"taxonomy":"post_tag","embeddable":true,"href":"https:\/\/xn--tuvozdiasporaespaola-k7b.com\/page\/2\/wp-json\/wp\/v2\/tags?post=14988"}],"curies":[{"name":"wp","href":"https:\/\/api.w.org\/{rel}","templated":true}]}}