{"id":14986,"date":"2026-09-03T10:03:09","date_gmt":"2026-09-03T13:03:09","guid":{"rendered":"https:\/\/xn--tuvozdiasporaespaola-k7b.com\/page\/2\/?p=14986"},"modified":"2026-09-03T10:03:10","modified_gmt":"2026-09-03T13:03:10","slug":"ceuta-la-frontera-bajo-la-sospecha-de-marruecos-y-el-informe-policial-que-llego-a-la-audiencia-nacional","status":"publish","type":"post","link":"https:\/\/xn--tuvozdiasporaespaola-k7b.com\/page\/2\/ceuta-la-frontera-bajo-la-sospecha-de-marruecos-y-el-informe-policial-que-llego-a-la-audiencia-nacional\/","title":{"rendered":"Ceuta, la frontera bajo la  sospecha de Marruecos y el informe policial que lleg\u00f3 a la Audiencia Nacional."},"content":{"rendered":"\n<p class=\"wp-block-paragraph\">Redacci\u00f3n,  Ceuta.<\/p>\n\n\n\n<p class=\"wp-block-paragraph\"><em><strong>La investigaci\u00f3n judicial sobre el origen de la crisis migratoria de Ceuta vuelve a poner el foco en el papel de Marruecos y en las explicaciones ofrecidas por Interior y Defensa. La gran pregunta sigue abierta: \u00bffue una crisis espont\u00e1nea o se utiliz\u00f3 la frontera como instrumento de presi\u00f3n pol\u00edtica sobre Espa\u00f1a?<\/strong><\/em><\/p>\n\n\n\n<p class=\"wp-block-paragraph\">La frontera de Ceuta vuelve a situarse en el centro de una controversia pol\u00edtica y judicial despu\u00e9s de conocerse que la jueza de la Audiencia Nacional Mar\u00eda Tard\u00f3n habr\u00eda ordenado a agentes de la Polic\u00eda Nacional mantener bajo reserva un informe relacionado con la posible planificaci\u00f3n marroqu\u00ed de una entrada masiva de migrantes.<\/p>\n\n\n\n<p class=\"wp-block-paragraph\">La decisi\u00f3n adquiere especial relevancia porque afecta a una cuesti\u00f3n que va mucho m\u00e1s all\u00e1 de la pol\u00edtica migratoria. Se trata de determinar qu\u00e9 ocurri\u00f3 realmente durante la extraordinaria crisis fronteriza de este 2026  y, especialmente, si la llegada masiva de personas fue consecuencia de una movilizaci\u00f3n espont\u00e1nea o si existi\u00f3 una actuaci\u00f3n deliberada por parte de las autoridades marroqu\u00edes.<\/p>\n\n\n\n<p class=\"wp-block-paragraph\">La investigaci\u00f3n deber\u00e1 establecerlo con pruebas. Un informe policial o una hip\u00f3tesis de inteligencia no constituye, por s\u00ed mismo, una conclusi\u00f3n judicial.<\/p>\n\n\n\n<p class=\"wp-block-paragraph\"><strong>Mayo de 2021: miles de personas ante la frontera<\/strong><\/p>\n\n\n\n<p class=\"wp-block-paragraph\">El primer aviso se di\u00f3 con el episodio m\u00e1s grave que tuvo lugar en mayo de 2021, cuando alrededor de 8.000 personas llegaron a Ceuta en apenas unos d\u00edas desde territorio marroqu\u00ed. La situaci\u00f3n desbord\u00f3 inicialmente la capacidad ordinaria de respuesta de la ciudad aut\u00f3noma. Polic\u00eda Nacional, Guardia Civil y Fuerzas Armadas tuvieron que reforzar sus dispositivos mientras los servicios de emergencia y las autoridades locales afrontaban una situaci\u00f3n excepcional.<\/p>\n\n\n\n<p class=\"wp-block-paragraph\">En este contexto la cifra de 80.000 personas corresponde al volumen estimado de entradas irregulares registradas en Ceuta durante la crisis migratoria ocurrida a finales de julio de 2026, refleja un flujo din\u00e1mico y no una permanencia constante en la ciudad.<\/p>\n\n\n\n<p class=\"wp-block-paragraph\"><strong>El desglose y la explicaci\u00f3n precisa de estos datos revelan la siguiente realidad:<\/strong><\/p>\n\n\n\n<p class=\"wp-block-paragraph\">Entrada concentrada: El grueso de los accesos ocurri\u00f3 en un margen muy estrecho de tiempo, concentrado principalmente entre el 30 y el 31 de julio. <\/p>\n\n\n\n<p class=\"wp-block-paragraph\">Retornos inmediatos: Entre el 90% y el 95% de los migrantes que accedieron inicialmente regresaron de forma voluntaria o fueron devueltos a Marruecos en las primeras 24 a 48 horas debido a la inviabilidad de los expedientes de asilo para adultos de dicha nacionalidad. <\/p>\n\n\n\n<p class=\"wp-block-paragraph\">Poblaci\u00f3n remanente: Un mes despu\u00e9s del suceso, los datos oficiales del Gobierno espa\u00f1ol cifraban en torno a 5.000 y 9.000 personas las que todav\u00eda permanec\u00edan en la ciudad aut\u00f3noma bajo recursos de acogida o en asentamientos provisionales.<\/p>\n\n\n\n<p class=\"wp-block-paragraph\">El perfil de los que quedan y siguen en Ceuta presentan un perfil heterog\u00e9neo que incluye a m\u00e1s de 1.200 menores no acompa\u00f1ados y grupos de migrantes procedentes de la zona subsahariana y algunos de Marruecos sin identificar. <\/p>\n\n\n\n<p class=\"wp-block-paragraph\">Diferenciar entre entradas, intentos de entrada, retornos y movimientos acumulados es fundamental para evitar que una cifra utilizada en diferentes contextos termine convirti\u00e9ndose en una interpretaci\u00f3n pol\u00edtica.<\/p>\n\n\n\n<p class=\"wp-block-paragraph\"><strong>\u00bfUna crisis migratoria o una herramienta de presi\u00f3n?<\/strong><\/p>\n\n\n\n<p class=\"wp-block-paragraph\">Desde el comienzo de la crisis apareci\u00f3 una hip\u00f3tesis que con el paso del tiempo ha adquirido una dimensi\u00f3n pol\u00edtica y judicial mayor: que Marruecos habr\u00eda permitido o facilitado el desplazamiento de miles de personas hacia la frontera como mecanismo de presi\u00f3n sobre Espa\u00f1a.<\/p>\n\n\n\n<p class=\"wp-block-paragraph\">El contexto diplom\u00e1tico era especialmente delicado, donde las relaciones entre Madrid y Rabat atravesaban una profunda crisis despu\u00e9s de que Espa\u00f1a permitiera la entrada en territorio espa\u00f1ol del l\u00edder del Frente Polisario, Brahim Ghali, para recibir tratamiento m\u00e9dico.<\/p>\n\n\n\n<p class=\"wp-block-paragraph\">La respuesta marroqu\u00ed fue especialmente contundente y la frontera de Ceuta termin\u00f3 convirti\u00e9ndose en el escenario de una crisis que puso a Espa\u00f1a y Marruecos frente a frente.La cuesti\u00f3n que ahora vuelve a plantearse es si aquella coincidencia temporal fue simplemente eso, una coincidencia, o si existi\u00f3 una relaci\u00f3n directa entre la disputa diplom\u00e1tica y la relajaci\u00f3n de los controles fronterizos marroqu\u00edes.<\/p>\n\n\n\n<p class=\"wp-block-paragraph\"><strong>El informe que la jueza quiso mantener fuera de la cadena pol\u00edtica.<\/strong><\/p>\n\n\n\n<p class=\"wp-block-paragraph\">En este escenario se sit\u00faa el informe policial que ha motivado la controversia.La orden atribuida a la magistrada Mar\u00eda Tard\u00f3n , ex concejala del Partido Popular,  que habr\u00eda buscado impedir que determinadas informaciones de la investigaci\u00f3n fueran trasladadas a los superiores jer\u00e1rquicos de los agentes o al Ministerio del Interior y precisamente el.dia de la comunidad  de Ceuta sale filtrado en un medio de comunicaci\u00f3n afin a la derecha espa\u00f1ola.<\/p>\n\n\n\n<p class=\"wp-block-paragraph\">El objetivo ser\u00eda preservar la independencia de las actuaciones judiciales y evitar que informaci\u00f3n sensible pudiera quedar sometida a presiones o interpretaciones pol\u00edticas antes de que la investigaci\u00f3n hubiera concluido. La cuesti\u00f3n resulta especialmente delicada porque afecta a una investigaci\u00f3n en la que aparecen elementos de seguridad nacional, relaciones internacionales, inmigraci\u00f3n y actuaci\u00f3n de organismos policiales.<\/p>\n\n\n\n<p class=\"wp-block-paragraph\">La pregunta es inevitable: <strong>\u00bfqu\u00e9 conten\u00eda exactamente ese informe y qu\u00e9 elementos llevaron a los investigadores a considerar la posibilidad de una planificaci\u00f3n marroqu\u00ed?<\/strong>Mientras esos extremos permanezcan bajo investigaci\u00f3n, cualquier afirmaci\u00f3n categ\u00f3rica ser\u00eda prematura.<\/p>\n\n\n\n<figure class=\"wp-block-image size-full\"><img fetchpriority=\"high\" decoding=\"async\" width=\"808\" height=\"566\" src=\"https:\/\/xn--tuvozdiasporaespaola-k7b.com\/wp-content\/uploads\/2026\/09\/1001137303.jpg\" alt=\"\" class=\"wp-image-14999\" srcset=\"https:\/\/xn--tuvozdiasporaespaola-k7b.com\/wp-content\/uploads\/2026\/09\/1001137303.jpg 808w, https:\/\/xn--tuvozdiasporaespaola-k7b.com\/wp-content\/uploads\/2026\/09\/1001137303-300x210.jpg 300w, https:\/\/xn--tuvozdiasporaespaola-k7b.com\/wp-content\/uploads\/2026\/09\/1001137303-767x537.jpg 767w\" sizes=\"(max-width: 808px) 100vw, 808px\" \/><figcaption class=\"wp-element-caption\">Fernando Grande-Marlaska durante el acto del 182 aniversario de la Guardia Civil. (MIGUEL \u00c1NGEL)<\/figcaption><\/figure>\n\n\n\n<p class=\"wp-block-paragraph\"><strong>La explicaci\u00f3n del Ministerio del Interior.<\/strong><\/p>\n\n\n\n<p class=\"wp-block-paragraph\">El Ministerio del Interior ha defendido que la respuesta espa\u00f1ola estuvo centrada en proteger la frontera, restablecer el control y garantizar la seguridad de la poblaci\u00f3n, adem\u00e1s de afrontar la dimensi\u00f3n humanitaria de la crisis.La posici\u00f3n del Gobierno espa\u00f1ol ha incidido tambi\u00e9n en la importancia de la cooperaci\u00f3n con Marruecos para controlar los flujos migratorios y mantener la seguridad de una frontera que constituye, al mismo tiempo, frontera espa\u00f1ola y frontera exterior de la Uni\u00f3n Europea.<\/p>\n\n\n\n<p class=\"wp-block-paragraph\">Sin embargo, la dimensi\u00f3n pol\u00edtica de los acontecimientos contin\u00faa abierta, si Marruecos dispon\u00eda de capacidad para controlar el acceso a la frontera, la cuesti\u00f3n que debe responderse es por qu\u00e9 miles de personas pudieron concentrarse y llegar hasta Ceuta en un periodo tan reducido.<\/p>\n\n\n\n<p class=\"wp-block-paragraph\"><strong>Defensa y el despliegue del Ej\u00e9rcito.<\/strong><\/p>\n\n\n\n<p class=\"wp-block-paragraph\">El Ministerio de Defensa, por su parte, tuvo que intervenir ante una situaci\u00f3n excepcional, donde las Fuerzas Armadas participaron en labores de apoyo y vigilancia dentro de sus competencias, mientras Polic\u00eda Nacional y Guardia Civil manten\u00edan las funciones directamente relacionadas con el control fronterizo.<\/p>\n\n\n\n<p class=\"wp-block-paragraph\">El despliegue militar reflej\u00f3 la dimensi\u00f3n extraordinaria de la crisis.Pero tambi\u00e9n dej\u00f3 una imagen dif\u00edcil de olvidar: una frontera europea sometida a una presi\u00f3n migratoria de enorme intensidad en la que el Estado tuvo que movilizar recursos policiales y militares para recuperar el control de la situaci\u00f3n.<\/p>\n\n\n\n<p class=\"wp-block-paragraph\"><strong>Ceuta, una frontera estrat\u00e9gica para Europa.<\/strong><\/p>\n\n\n\n<p class=\"wp-block-paragraph\">La particularidad geogr\u00e1fica de Ceuta convierte cualquier crisis migratoria en un problema que r\u00e1pidamente adquiere dimensi\u00f3n internacional.La ciudad aut\u00f3noma est\u00e1 f\u00edsicamente rodeada por Marruecos y constituye territorio espa\u00f1ol y, por extensi\u00f3n, una de las fronteras exteriores de la Uni\u00f3n Europea.<\/p>\n\n\n\n<p class=\"wp-block-paragraph\">Esa situaci\u00f3n proporciona a Marruecos una capacidad de influencia considerable sobre los movimientos migratorios hacia territorio espa\u00f1ol.<\/p>\n\n\n\n<p class=\"wp-block-paragraph\">La inmigraci\u00f3n se convierte as\u00ed en algo m\u00e1s que una cuesti\u00f3n humanitaria: puede transformarse en una herramienta de negociaci\u00f3n diplom\u00e1tica.Y precisamente ah\u00ed reside una de las mayores preocupaciones de las autoridades espa\u00f1olas y europeas: que las fronteras puedan ser utilizadas como mecanismos de presi\u00f3n pol\u00edtica.<\/p>\n\n\n\n<figure class=\"wp-block-image size-large\"><img decoding=\"async\" width=\"1024\" height=\"683\" src=\"https:\/\/xn--tuvozdiasporaespaola-k7b.com\/wp-content\/uploads\/2026\/09\/1001137302-1024x683.jpg\" alt=\"\" class=\"wp-image-14998\" srcset=\"https:\/\/xn--tuvozdiasporaespaola-k7b.com\/wp-content\/uploads\/2026\/09\/1001137302-1024x683.jpg 1024w, https:\/\/xn--tuvozdiasporaespaola-k7b.com\/wp-content\/uploads\/2026\/09\/1001137302-300x200.jpg 300w, https:\/\/xn--tuvozdiasporaespaola-k7b.com\/wp-content\/uploads\/2026\/09\/1001137302-768x512.jpg 768w, https:\/\/xn--tuvozdiasporaespaola-k7b.com\/wp-content\/uploads\/2026\/09\/1001137302.jpg 1080w\" sizes=\"(max-width: 1024px) 100vw, 1024px\" \/><figcaption class=\"wp-element-caption\">Pedro S\u00e1nchez, presidente del Gobierno, con Fernando Grande-Marlaska, ministro del Interior, en Ceuta.La Moncloa \/ Handout\/Anadolu via Getty Images<\/figcaption><\/figure>\n\n\n\n<p class=\"wp-block-paragraph\"><strong>El riesgo de convertir la crisis migratoria en arma electoral.<\/strong><\/p>\n\n\n\n<p class=\"wp-block-paragraph\">La crisis de Ceuta tambi\u00e9n tuvo una segunda consecuencia: su utilizaci\u00f3n dentro del debate pol\u00edtico espa\u00f1ol.La extrema derecha convirti\u00f3 r\u00e1pidamente las im\u00e1genes de la frontera en un argumento para reclamar un endurecimiento de la pol\u00edtica migratoria y cuestionar la capacidad del Gobierno para controlar las fronteras.<\/p>\n\n\n\n<p class=\"wp-block-paragraph\">Pero existe el riesgo de que una cuesti\u00f3n geopol\u00edtica extremadamente compleja termine reducida a un simple enfrentamiento entre posiciones pol\u00edticas.<\/p>\n\n\n\n<p class=\"wp-block-paragraph\">La inmigraci\u00f3n irregular, la cooperaci\u00f3n con Marruecos, la seguridad fronteriza y el respeto a los derechos humanos forman parte de un mismo problema que requiere respuestas mucho m\u00e1s complejas.<\/p>\n\n\n\n<p class=\"wp-block-paragraph\"><strong>La cifra de 80.000 y la necesidad de precisi\u00f3n.<\/strong><\/p>\n\n\n\n<p class=\"wp-block-paragraph\">La utilizaci\u00f3n de la cifra de 80.000 personas exige una explicaci\u00f3n rigurosa, no puede presentarse como si 80.000 migrantes de esta crisis del 2026  hubieran entrado en Ceuta  como  la crisis de mayo de 2021. <\/p>\n\n\n\n<p class=\"wp-block-paragraph\">El episodio concreto del 2021 registr\u00f3 alrededor de 8.000 llegadas, una cifra ya extraordinaria para una ciudad de las dimensiones de Ceuta pero esta  cifra de 80.000,  no se puede ajustar a  movimientos migratorios, debe especificarse su origen y metodolog\u00eda y la implicaci\u00f3n de Marruecos  en la logistica y acompa\u00f1amiento.  Sin contar los posibles agentes secretos que pudieran haber infiltrado.<\/p>\n\n\n\n<p class=\"wp-block-paragraph\">En una crisis tan politizada, las cifras pueden terminar convirti\u00e9ndose en instrumentos de propaganda, por eso hay una pregunta que todav\u00eda no tiene respuesta y que la investigaci\u00f3n judicial puede terminar aportando elementos decisivos para reconstruir aquellos acontecimientos.<\/p>\n\n\n\n<p class=\"wp-block-paragraph\">Si finalmente se demostrara que estructuras marroqu\u00edes organizaron deliberadamente la llegada masiva de personas con el objetivo de presionar al Gobierno espa\u00f1ol, las consecuencias pol\u00edticas y diplom\u00e1ticas ser\u00edan extraordinariamente graves. Pero si las pruebas no permiten acreditar esa hip\u00f3tesis, tambi\u00e9n deber\u00e1 reconocerse.<\/p>\n\n\n\n<p class=\"wp-block-paragraph\"><strong>Una democracia no puede sustituir las pruebas por sospechas.<\/strong><\/p>\n\n\n\n<p class=\"wp-block-paragraph\">Lo que s\u00ed parece evidente es que este 2026  cambi\u00f3 la percepci\u00f3n de la frontera de Ceuta y demostr\u00f3 hasta qu\u00e9 punto una decisi\u00f3n sobre el control migratorio puede provocar una crisis bilateral entre dos pa\u00edses y obligar a Espa\u00f1a a movilizar recursos policiales, militares y humanitarios en cuesti\u00f3n de horas.<\/p>\n\n\n\n<p class=\"wp-block-paragraph\">Por eso, m\u00e1s all\u00e1 de la batalla pol\u00edtica, la investigaci\u00f3n debe responder a las preguntas esenciales:<strong>\u00bfQui\u00e9n permiti\u00f3 que miles de personas llegaran hasta la frontera? \u00bfFue una decisi\u00f3n deliberada? \u00bfExisti\u00f3 una planificaci\u00f3n previa? \u00bfQu\u00e9 informaci\u00f3n manejaron los servicios espa\u00f1oles? \u00bfQu\u00e9 sab\u00edan Interior y Defensa? \u00bfY qu\u00e9 papel desempe\u00f1\u00f3 realmente Marruecos?.<\/strong><\/p>\n\n\n\n<p class=\"wp-block-paragraph\">Son preguntas demasiado importantes para quedar atrapadas en la propaganda partidista.Ceuta necesita conocer la verdad. Y esa verdad deber\u00e1 salir de los informes, de las pruebas y de la investigaci\u00f3n judicial, no de los discursos pol\u00edticos.<\/p>\n\n\n\n<p class=\"wp-block-paragraph\"><\/p>\n","protected":false},"excerpt":{"rendered":"<p>Redacci\u00f3n, Ceuta. La investigaci\u00f3n judicial sobre el origen de la crisis migratoria de Ceuta vuelve a poner el foco en el papel de Marruecos &#8230; <\/p>\n<p class=\"read-more-container\"><a title=\"Ceuta, la frontera bajo la  sospecha de Marruecos y el informe policial que lleg\u00f3 a la Audiencia Nacional.\" class=\"read-more button\" href=\"https:\/\/xn--tuvozdiasporaespaola-k7b.com\/page\/2\/ceuta-la-frontera-bajo-la-sospecha-de-marruecos-y-el-informe-policial-que-llego-a-la-audiencia-nacional\/#more-14986\" aria-label=\"M\u00e1s en Ceuta, la frontera bajo la  sospecha de Marruecos y el informe policial que lleg\u00f3 a la Audiencia Nacional.\">Leer m\u00e1s<\/a><\/p>\n","protected":false},"author":222560522,"featured_media":15000,"comment_status":"closed","ping_status":"open","sticky":false,"template":"","format":"standard","meta":{"footnotes":""},"categories":[121901],"tags":[],"class_list":["post-14986","post","type-post","status-publish","format-standard","has-post-thumbnail","hentry","category-espana","resize-featured-image"],"_links":{"self":[{"href":"https:\/\/xn--tuvozdiasporaespaola-k7b.com\/page\/2\/wp-json\/wp\/v2\/posts\/14986","targetHints":{"allow":["GET"]}}],"collection":[{"href":"https:\/\/xn--tuvozdiasporaespaola-k7b.com\/page\/2\/wp-json\/wp\/v2\/posts"}],"about":[{"href":"https:\/\/xn--tuvozdiasporaespaola-k7b.com\/page\/2\/wp-json\/wp\/v2\/types\/post"}],"author":[{"embeddable":true,"href":"https:\/\/xn--tuvozdiasporaespaola-k7b.com\/page\/2\/wp-json\/wp\/v2\/users\/222560522"}],"replies":[{"embeddable":true,"href":"https:\/\/xn--tuvozdiasporaespaola-k7b.com\/page\/2\/wp-json\/wp\/v2\/comments?post=14986"}],"version-history":[{"count":2,"href":"https:\/\/xn--tuvozdiasporaespaola-k7b.com\/page\/2\/wp-json\/wp\/v2\/posts\/14986\/revisions"}],"predecessor-version":[{"id":15001,"href":"https:\/\/xn--tuvozdiasporaespaola-k7b.com\/page\/2\/wp-json\/wp\/v2\/posts\/14986\/revisions\/15001"}],"wp:featuredmedia":[{"embeddable":true,"href":"https:\/\/xn--tuvozdiasporaespaola-k7b.com\/page\/2\/wp-json\/wp\/v2\/media\/15000"}],"wp:attachment":[{"href":"https:\/\/xn--tuvozdiasporaespaola-k7b.com\/page\/2\/wp-json\/wp\/v2\/media?parent=14986"}],"wp:term":[{"taxonomy":"category","embeddable":true,"href":"https:\/\/xn--tuvozdiasporaespaola-k7b.com\/page\/2\/wp-json\/wp\/v2\/categories?post=14986"},{"taxonomy":"post_tag","embeddable":true,"href":"https:\/\/xn--tuvozdiasporaespaola-k7b.com\/page\/2\/wp-json\/wp\/v2\/tags?post=14986"}],"curies":[{"name":"wp","href":"https:\/\/api.w.org\/{rel}","templated":true}]}}