{"id":14965,"date":"2026-09-01T13:11:48","date_gmt":"2026-09-01T16:11:48","guid":{"rendered":"https:\/\/xn--tuvozdiasporaespaola-k7b.com\/page\/2\/?p=14965"},"modified":"2026-09-01T13:16:09","modified_gmt":"2026-09-01T16:16:09","slug":"fujimori-y-el-fantasma-del-autoritarismo-la-inseguridad-como-excusa-para-gobernar-por-decreto","status":"publish","type":"post","link":"https:\/\/xn--tuvozdiasporaespaola-k7b.com\/page\/2\/fujimori-y-el-fantasma-del-autoritarismo-la-inseguridad-como-excusa-para-gobernar-por-decreto\/","title":{"rendered":"FUJIMORI Y EL FANTASMA DEL AUTORITARISMO: \u00bfLA INSEGURIDAD COMO EXCUSA PARA GOBERNAR POR DECRETO?"},"content":{"rendered":"\n<p class=\"wp-block-paragraph\">Por Francisco L\u00f3pez,  Argentina. <\/p>\n\n\n\n<p class=\"wp-block-paragraph\">\u00ab<em><strong>Keiko Fujimori vuelve a poner sobre la mesa una vieja tentaci\u00f3n de la pol\u00edtica peruana: utilizar el miedo a la inseguridad para justificar la concentraci\u00f3n del poder. El recuerdo de Alberto Fujimori, el debilitamiento de las instituciones democr\u00e1ticas y las controversias sobre nuevas formas de propaganda digital convierten el debate en algo mucho m\u00e1s profundo que una simple cuesti\u00f3n de orden p\u00fablico\u00bb.<\/strong><\/em><\/p>\n\n\n\n<p class=\"wp-block-paragraph\">Per\u00fa vuelve a enfrentarse a una pregunta inc\u00f3moda: <strong>\u00bfhasta d\u00f3nde puede llegar un Gobierno en nombre de la seguridad sin terminar destruyendo las propias garant\u00edas democr\u00e1ticas que pretende proteger?.<\/strong><\/p>\n\n\n\n<p class=\"wp-block-paragraph\">La inseguridad ciudadana es un problema real y grave. Pero precisamente por eso resulta peligroso convertirla en una carta blanca para gobernar al margen del Parlamento, reducir los controles institucionales o concentrar en el Ejecutivo competencias que corresponden a otros poderes del Estado.<\/p>\n\n\n\n<p class=\"wp-block-paragraph\">La propuesta de recurrir a decretos para afrontar la criminalidad abre un debate que trasciende a Keiko Fujimori. En un pa\u00eds marcado todav\u00eda por las heridas del fujimorismo de los a\u00f1os noventa, cualquier intento de ampliar extraordinariamente el poder presidencial debe ser examinado con especial rigor.<\/p>\n\n\n\n<p class=\"wp-block-paragraph\"><strong>El precedente de Alberto Fujimori.<\/strong><\/p>\n\n\n\n<p class=\"wp-block-paragraph\">La historia pesa.Alberto Fujimori lleg\u00f3 a la Presidencia en 1990 y termin\u00f3 protagonizando uno de los episodios m\u00e1s controvertidos de la historia democr\u00e1tica reciente de Am\u00e9rica Latina.<\/p>\n\n\n\n<p class=\"wp-block-paragraph\">El 5 de abril de 1992, anunci\u00f3 el denominado \u00abautogolpe\u00bb: disolvi\u00f3 el Congreso e intervino instituciones fundamentales del Estado, incluida la estructura judicial. <\/p>\n\n\n\n<p class=\"wp-block-paragraph\">Aquella decisi\u00f3n abri\u00f3 el camino a una concentraci\u00f3n extraordinaria del poder presidencial.Posteriormente, el r\u00e9gimen qued\u00f3 marcado por denuncias de corrupci\u00f3n, violaciones de derechos humanos y utilizaci\u00f3n de estructuras de inteligencia para controlar medios de comunicaci\u00f3n y adversarios pol\u00edticos.<\/p>\n\n\n\n<p class=\"wp-block-paragraph\">Fujimori fue condenado por la justicia peruana por graves delitos, entre ellos violaciones de derechos humanos y corrupci\u00f3n. Falleci\u00f3 en septiembre de 2024.<\/p>\n\n\n\n<p class=\"wp-block-paragraph\">Por eso, cuando una figura pol\u00edtica vinculada familiarmente a aquel legado plantea f\u00f3rmulas de gobierno excepcional, <strong>la sociedad peruana tiene razones para preguntarse d\u00f3nde termina la respuesta leg\u00edtima a la inseguridad y d\u00f3nde empieza la tentaci\u00f3n autoritaria.<\/strong><\/p>\n\n\n\n<p class=\"wp-block-paragraph\">La historia no se repite necesariamente de la misma manera. Pero puede repetir sus mecanismos<\/p>\n\n\n\n<figure class=\"wp-block-image size-full is-resized\"><img fetchpriority=\"high\" decoding=\"async\" width=\"800\" height=\"450\" src=\"https:\/\/xn--tuvozdiasporaespaola-k7b.com\/wp-content\/uploads\/2026\/09\/1001133087-1.webp\" alt=\"\" class=\"wp-image-14978\" style=\"width:840px;height:auto\" srcset=\"https:\/\/xn--tuvozdiasporaespaola-k7b.com\/wp-content\/uploads\/2026\/09\/1001133087-1.webp 800w, https:\/\/xn--tuvozdiasporaespaola-k7b.com\/wp-content\/uploads\/2026\/09\/1001133087-1-300x169.webp 300w, https:\/\/xn--tuvozdiasporaespaola-k7b.com\/wp-content\/uploads\/2026\/09\/1001133087-1-768x432.webp 768w\" sizes=\"(max-width: 800px) 100vw, 800px\" \/><\/figure>\n\n\n\n<p class=\"wp-block-paragraph\"><strong>Del \u00aborden\u00bb a la concentraci\u00f3n del poder.<\/strong><\/p>\n\n\n\n<p class=\"wp-block-paragraph\">Los proyectos autoritarios contempor\u00e1neos ya no necesitan necesariamente tanques en las calles.Pueden avanzar mediante elecciones, campa\u00f1as de comunicaci\u00f3n, redes sociales, discursos de miedo y promesas de \u00abmano dura\u00bb.<\/p>\n\n\n\n<p class=\"wp-block-paragraph\">El meca<strong>nismo es aparentemente sencillo: primero se identifica una amenaza; despu\u00e9s se presenta al Ejecutivo como la \u00fanica instituci\u00f3n capaz de combatirla; finalmente se cuestionan los controles que dificultan esa concentraci\u00f3n de poder.<\/strong><\/p>\n\n\n\n<p class=\"wp-block-paragraph\">El argumento suele ser siempre parecido: el pa\u00eds est\u00e1 en peligro y las instituciones normales son demasiado lentas para responder.Pero precisamente ah\u00ed reside el peligro.<\/p>\n\n\n\n<p class=\"wp-block-paragraph\">Una democracia no se mide solamente por la existencia de elecciones. Tambi\u00e9n se mide por la independencia judicial, la separaci\u00f3n de poderes, la libertad de prensa, la existencia de un Parlamento con capacidad de control y el respeto a los derechos fundamentales. Una democracia sin contrapesos puede conservar las urnas y, sin embargo, comenzar a transformarse en otra cosa.<\/p>\n\n\n\n<p class=\"wp-block-paragraph\"><strong>Cerimedo y la batalla por el poder digital.<\/strong><\/p>\n\n\n\n<p class=\"wp-block-paragraph\">En este contexto tambi\u00e9n resulta necesario analizar el papel que han adquirido en Am\u00e9rica Latina determinadas redes de comunicaci\u00f3n pol\u00edtica digital.<\/p>\n\n\n\n<p class=\"wp-block-paragraph\">El argentino Fernando Cerimedo se ha convertido en una figura relevante dentro de determinados espacios de la nueva derecha latinoamericana. Su actividad ha estado vinculada a campa\u00f1as digitales, comunicaci\u00f3n pol\u00edtica y estrategias de redes sociales.<\/p>\n\n\n\n<p class=\"wp-block-paragraph\">Tambi\u00e9n ha aparecido relacionado p\u00fablicamente con distintos dirigentes y proyectos pol\u00edticos de la derecha latinoamericana, mientras algunas investigaciones y denuncias han planteado interrogantes sobre campa\u00f1as digitales, desinformaci\u00f3n y utilizaci\u00f3n pol\u00edtica de redes.<\/p>\n\n\n\n<p class=\"wp-block-paragraph\">Pero hay que establecer una diferencia fundamental y no es otra que <strong>una relaci\u00f3n pol\u00edtica, profesional o comunicativa no demuestra por s\u00ed misma una operaci\u00f3n ilegal, una financiaci\u00f3n clandestina o una conspiraci\u00f3n para destruir la democracia<\/strong>.<\/p>\n\n\n\n<p class=\"wp-block-paragraph\">Cualquier acusaci\u00f3n de ese tipo debe demostrarse documentalmente y, cuando corresponda, judicialmente. Lo que s\u00ed merece an\u00e1lisis es un fen\u00f3meno mucho m\u00e1s amplio: la transformaci\u00f3n de las campa\u00f1as electorales en operaciones permanentes de comunicaci\u00f3n digital, donde algoritmos, influencers, medios partidistas, redes coordinadas y publicidad pol\u00edtica pueden tener una capacidad de influencia enorme.<\/p>\n\n\n\n<p class=\"wp-block-paragraph\">La pregunta ya no es solamente qui\u00e9n controla un peri\u00f3dico o una televisi\u00f3n, sino <strong>\u00bfqui\u00e9n controla los relatos que millones de ciudadanos reciben diariamente en sus tel\u00e9fonos?. <\/strong><\/p>\n\n\n\n<figure class=\"wp-block-image size-large\"><img decoding=\"async\" width=\"887\" height=\"1024\" src=\"https:\/\/xn--tuvozdiasporaespaola-k7b.com\/wp-content\/uploads\/2026\/09\/1001133088-887x1024.jpg\" alt=\"\" class=\"wp-image-14977\" srcset=\"https:\/\/xn--tuvozdiasporaespaola-k7b.com\/wp-content\/uploads\/2026\/09\/1001133088-887x1024.jpg 887w, https:\/\/xn--tuvozdiasporaespaola-k7b.com\/wp-content\/uploads\/2026\/09\/1001133088-260x300.jpg 260w, https:\/\/xn--tuvozdiasporaespaola-k7b.com\/wp-content\/uploads\/2026\/09\/1001133088-767x886.jpg 767w, https:\/\/xn--tuvozdiasporaespaola-k7b.com\/wp-content\/uploads\/2026\/09\/1001133088.jpg 1080w\" sizes=\"(max-width: 887px) 100vw, 887px\" \/><\/figure>\n\n\n\n<p class=\"wp-block-paragraph\"><strong>El peligro de una democracia convertida en fachada.<\/strong><\/p>\n\n\n\n<p class=\"wp-block-paragraph\">El problema no ser\u00eda \u00fanicamente que un Gobierno aprobara decretos. El verdadero riesgo aparecer\u00eda si esos decretos fueran acompa\u00f1ados de una progresiva reducci\u00f3n de los controles democr\u00e1ticos.<\/p>\n\n\n\n<p class=\"wp-block-paragraph\">Primero podr\u00eda cuestionarse al Parlamento, despu\u00e9s, a los jueces, posteriormente, a los periodistas que investigan y finalmente, a cualquier organizaci\u00f3n social que cuestione al poder.<\/p>\n\n\n\n<p class=\"wp-block-paragraph\">El discurso podr\u00eda seguir hablando de democracia, libertad y seguridad mientras, lentamente, se vac\u00edan de contenido las instituciones que hacen posible esa democracia. Ese modelo no necesita necesariamente abolir las elecciones. <strong>Puede ganar elecciones y utilizar posteriormente la legitimidad electoral para limitar los controles sobre el propio poder.<\/strong><\/p>\n\n\n\n<p class=\"wp-block-paragraph\">Ah\u00ed est\u00e1 una de las grandes paradojas de nuestro tiempo.<\/p>\n\n\n\n<p class=\"wp-block-paragraph\">\u00bf<strong>D\u00f3nde est\u00e1n los medios y la justicia?<\/strong><\/p>\n\n\n\n<p class=\"wp-block-paragraph\">Tambi\u00e9n resulta leg\u00edtimo preguntarse por el papel de los medios de comunicaci\u00f3n y de las instituciones judiciales peruanas.<\/p>\n\n\n\n<p class=\"wp-block-paragraph\">Pero conviene evitar afirmar que existe un \u00absilencio\u00bb generalizado de todos los medios o de todo el Poder Judicial sin aportar pruebas concretas.<\/p>\n\n\n\n<p class=\"wp-block-paragraph\">La cuesti\u00f3n m\u00e1s interesante es otra: \u00bf<strong>est\u00e1n las instituciones ejerciendo con suficiente independencia su funci\u00f3n de vigilancia frente al poder pol\u00edtico?<\/strong><\/p>\n\n\n\n<p class=\"wp-block-paragraph\">La prensa tiene que investigar al Gobierno aunque ese Gobierno sea popular, y os jueces tienen que aplicar la ley aunque el acusado tenga millones de votos. El Parlamento tiene que controlar al Ejecutivo aunque exista una emergencia, y  las fuerzas de seguridad deben combatir el crimen dentro de la legalidad.<\/p>\n\n\n\n<p class=\"wp-block-paragraph\">Porque precisamente en los momentos de mayor miedo es cuando m\u00e1s importante resulta preservar las reglas democr\u00e1ticas.<\/p>\n\n\n\n<p class=\"wp-block-paragraph\"><strong>La inseguridad no puede convertirse en un cheque en blanco.<\/strong><\/p>\n\n\n\n<p class=\"wp-block-paragraph\">Per\u00fa necesita combatir el crimen organizado, la extorsi\u00f3n, los homicidios y la corrupci\u00f3n, pero una cosa es fortalecer al Estado para combatir al crimen y otra muy diferente <strong>debilitar los controles democr\u00e1ticos en nombre de esa lucha. <\/strong><\/p>\n\n\n\n<p class=\"wp-block-paragraph\">La seguridad y la democracia no son conceptos incompatibles, al contrario, una democracia s\u00f3lida necesita instituciones capaces de garantizar seguridad sin convertirse ellas mismas en instrumentos de abuso.<\/p>\n\n\n\n<p class=\"wp-block-paragraph\">La experiencia de Alberto Fujimori deber\u00eda servir precisamente para recordar esa frontera. No se trata de afirmar que Keiko Fujimori vaya necesariamente a repetir exactamente la historia de su padre. Ser\u00eda una conclusi\u00f3n que requerir\u00eda hechos y decisiones concretas, sino se trata de recordar que <strong>el apellido Fujimori no llega a la pol\u00edtica peruana sin historia, y esa historia obliga a examinar con lupa cualquier proyecto que pretenda ampliar extraordinariamente el poder presidencial.<\/strong><\/p>\n\n\n\n<figure class=\"wp-block-image size-full\"><img decoding=\"async\" width=\"800\" height=\"450\" src=\"https:\/\/xn--tuvozdiasporaespaola-k7b.com\/wp-content\/uploads\/2026\/09\/1001133086.webp\" alt=\"\" class=\"wp-image-14971\" srcset=\"https:\/\/xn--tuvozdiasporaespaola-k7b.com\/wp-content\/uploads\/2026\/09\/1001133086.webp 800w, https:\/\/xn--tuvozdiasporaespaola-k7b.com\/wp-content\/uploads\/2026\/09\/1001133086-768x432.webp 768w, https:\/\/xn--tuvozdiasporaespaola-k7b.com\/wp-content\/uploads\/2026\/09\/1001133086-300x169.webp 300w\" sizes=\"(max-width: 800px) 100vw, 800px\" \/><figcaption class=\"wp-element-caption\">Fuente de la imagen,AFPPie de foto,Alberto Fujimori gobern\u00f3 Per\u00fa en la \u00faltima d\u00e9cada del siglo XX con recetas que adoptar\u00edan luego otros l\u00edderes en Latinoam\u00e9rica.<\/figcaption><\/figure>\n\n\n\n<p class=\"wp-block-paragraph\"><strong>El autoritarismo del siglo XXI ya no necesita cerrar el Parlamento.<\/strong><\/p>\n\n\n\n<p class=\"wp-block-paragraph\">Quiz\u00e1 el mayor error sea imaginar que una nueva dictadura tendr\u00eda que parecerse a las del siglo XX.Hoy podr\u00eda presentarse con elecciones.Con redes sociales.Con grandes campa\u00f1as publicitarias.Con discursos sobre libertad.Con la promesa de acabar con los delincuentes.Con una narrativa permanente de emergencia.Y con un l\u00edder que asegure que solamente necesita \u00abm\u00e1s poder\u00bb para resolver los problemas del pa\u00eds, por eso el debate peruano no deber\u00eda reducirse a Fujimori s\u00ed o Fujimori no.<\/p>\n\n\n\n<p class=\"wp-block-paragraph\">La verdadera pregunta es mucho m\u00e1s profunda:<strong>\u00bfPuede una sociedad combatir la inseguridad sin entregar su democracia como precio de la seguridad?. <\/strong>La respuesta deber\u00eda ser inequ\u00edvoca, <strong>s\u00ed a la seguridad, s\u00ed a la lucha contra el crimen, s\u00ed a un Estado fuerte,  pero tambi\u00e9n s\u00ed al Parlamento, s\u00ed a la independencia judicial, s\u00ed a la libertad de prensa y s\u00ed a los controles democr\u00e1ticos.<\/strong><\/p>\n\n\n\n<p class=\"wp-block-paragraph\">Porque cuando un Gobierno empieza a considerar que el Parlamento es un obst\u00e1culo, que los jueces son un problema, que los periodistas cr\u00edticos son enemigos y que las leyes pueden convertirse en una molestia frente a la \u00abemergencia\u00bb, la democracia comienza a entrar en terreno peligroso.<\/p>\n\n\n\n<p class=\"wp-block-paragraph\">Y la historia peruana ya ha demostrado que <strong>el autoritarismo no siempre llega anunci\u00e1ndose como dictadura, a  veces llega prometiendo simplemente orden, seguridad y eficacia.<\/strong><\/p>\n\n\n\n<p class=\"wp-block-paragraph\">Y cuando la ciudadan\u00eda quiere reaccionar, puede descubrir que las instituciones que deb\u00edan protegerla ya han sido debilitadas.<strong>La democracia no muere necesariamente cuando desaparecen las elecciones. A veces empieza a morir cuando quienes gobiernan dejan de aceptar que existen l\u00edmites a su poder.<\/strong><\/p>\n\n\n\n<p class=\"wp-block-paragraph\"><\/p>\n","protected":false},"excerpt":{"rendered":"<p>Por Francisco L\u00f3pez, Argentina. \u00abKeiko Fujimori vuelve a poner sobre la mesa una vieja tentaci\u00f3n de la pol\u00edtica peruana: utilizar el miedo a la &#8230; <\/p>\n<p class=\"read-more-container\"><a title=\"FUJIMORI Y EL FANTASMA DEL AUTORITARISMO: \u00bfLA INSEGURIDAD COMO EXCUSA PARA GOBERNAR POR DECRETO?\" class=\"read-more button\" href=\"https:\/\/xn--tuvozdiasporaespaola-k7b.com\/page\/2\/fujimori-y-el-fantasma-del-autoritarismo-la-inseguridad-como-excusa-para-gobernar-por-decreto\/#more-14965\" aria-label=\"M\u00e1s en FUJIMORI Y EL FANTASMA DEL AUTORITARISMO: \u00bfLA INSEGURIDAD COMO EXCUSA PARA GOBERNAR POR DECRETO?\">Leer m\u00e1s<\/a><\/p>\n","protected":false},"author":222560522,"featured_media":14972,"comment_status":"closed","ping_status":"open","sticky":false,"template":"","format":"standard","meta":{"footnotes":""},"categories":[121895,121850],"tags":[],"class_list":["post-14965","post","type-post","status-publish","format-standard","has-post-thumbnail","hentry","category-peru","category-politica","resize-featured-image"],"_links":{"self":[{"href":"https:\/\/xn--tuvozdiasporaespaola-k7b.com\/page\/2\/wp-json\/wp\/v2\/posts\/14965","targetHints":{"allow":["GET"]}}],"collection":[{"href":"https:\/\/xn--tuvozdiasporaespaola-k7b.com\/page\/2\/wp-json\/wp\/v2\/posts"}],"about":[{"href":"https:\/\/xn--tuvozdiasporaespaola-k7b.com\/page\/2\/wp-json\/wp\/v2\/types\/post"}],"author":[{"embeddable":true,"href":"https:\/\/xn--tuvozdiasporaespaola-k7b.com\/page\/2\/wp-json\/wp\/v2\/users\/222560522"}],"replies":[{"embeddable":true,"href":"https:\/\/xn--tuvozdiasporaespaola-k7b.com\/page\/2\/wp-json\/wp\/v2\/comments?post=14965"}],"version-history":[{"count":6,"href":"https:\/\/xn--tuvozdiasporaespaola-k7b.com\/page\/2\/wp-json\/wp\/v2\/posts\/14965\/revisions"}],"predecessor-version":[{"id":14980,"href":"https:\/\/xn--tuvozdiasporaespaola-k7b.com\/page\/2\/wp-json\/wp\/v2\/posts\/14965\/revisions\/14980"}],"wp:featuredmedia":[{"embeddable":true,"href":"https:\/\/xn--tuvozdiasporaespaola-k7b.com\/page\/2\/wp-json\/wp\/v2\/media\/14972"}],"wp:attachment":[{"href":"https:\/\/xn--tuvozdiasporaespaola-k7b.com\/page\/2\/wp-json\/wp\/v2\/media?parent=14965"}],"wp:term":[{"taxonomy":"category","embeddable":true,"href":"https:\/\/xn--tuvozdiasporaespaola-k7b.com\/page\/2\/wp-json\/wp\/v2\/categories?post=14965"},{"taxonomy":"post_tag","embeddable":true,"href":"https:\/\/xn--tuvozdiasporaespaola-k7b.com\/page\/2\/wp-json\/wp\/v2\/tags?post=14965"}],"curies":[{"name":"wp","href":"https:\/\/api.w.org\/{rel}","templated":true}]}}