{"id":14954,"date":"2026-08-31T18:13:42","date_gmt":"2026-08-31T21:13:42","guid":{"rendered":"https:\/\/xn--tuvozdiasporaespaola-k7b.com\/page\/2\/?p=14954"},"modified":"2026-08-31T18:13:43","modified_gmt":"2026-08-31T21:13:43","slug":"en-baricharacolombia-vemos-como-todo-este-conocimiento-se-ha-transmitido-de-generacion-en-generacion","status":"publish","type":"post","link":"https:\/\/xn--tuvozdiasporaespaola-k7b.com\/page\/2\/en-baricharacolombia-vemos-como-todo-este-conocimiento-se-ha-transmitido-de-generacion-en-generacion\/","title":{"rendered":"\u201cEn Barichara,Colombia , vemos c\u00f3mo todo este conocimiento se ha transmitido de generaci\u00f3n en generaci\u00f3n\u201d"},"content":{"rendered":"\n<p class=\"wp-block-paragraph\">Por Walter C. Medina<\/p>\n\n\n\n<p class=\"wp-block-paragraph\">ENTREVISTA A MAR\u00cdA ALEJANDRA HOLGU\u00cdN.<\/p>\n\n\n\n<p class=\"wp-block-paragraph\">Mar\u00eda Alejandra Holgu\u00edn es representante del equipo interdisciplinario Tierra Adentro. Nacida en Colombia, desde los diecisiete a\u00f1os estudi\u00f3 en Francia y obtuvo una Maestr\u00eda en Arte Contempor\u00e1neo y Nuevos Medios. Estos conocimientos adquiridos en Europa los aplic\u00f3 en Colombia, a donde regres\u00f3 hace diez a\u00f1os para dar inicio a la iniciativa Tierra Adentro, desarrollando cartograf\u00eda social para inventariar los activos culturales en zonas rurales, entre ellas las que competen al patrimonio arqueol\u00f3gico y ecosistemas estrat\u00e9gicos, documentando los procesos de saberes de la zona y el patrimonio vivo.<\/p>\n\n\n\n<p class=\"wp-block-paragraph\"> \u201c<strong>Todo esto fue gracias a la Red de Caminos Ancestrales que nos permiti\u00f3 desarrollar todo este trabajo de campo, y con el apoyo de actores territoriales\u201d, <\/strong>sostuvo Holgu\u00edn durante la entrevista que, desde Valencia, realiz\u00f3 Miguel \u00c1ngel Ferris para el programa radial \u201cCenizas de babilonia-Di\u00e1spora Espa\u00f1ola\u201d, que conduce Francisco L\u00f3pez en AM830 Radio del Pueblo.<\/p>\n\n\n\n<p class=\"wp-block-paragraph\">Durante la entrevista, Holgu\u00edn hizo hincapi\u00e9 en las labores que desarrollan en Barichara, ciudad del Departamento de Santander, al norte de Colombia, caracterizada por su arquitectura colonial, vern\u00e1cula y sostenible, construida casi en su totalidad en piedra y barro. <\/p>\n\n\n\n<p class=\"wp-block-paragraph\">La ciudad fue fundada el 29 de enero de 1705, y seg\u00fan algunas descripciones, \u201cse levanta sobre piedra. Sus calles, casas, templos y en especial el cementerio, lugar destacado, son construidos con piedra amarilla. La catedral de la Inmaculada Concepci\u00f3n, en recuerdo a la Virgen de la Roca, es una obra \u00fanica y est\u00e1 sostenida por 10 columnas monol\u00edticas labradas con 5 metros de altura y 70 cm de ancho\u201d.<\/p>\n\n\n\n<p class=\"wp-block-paragraph\"><strong>Has estado en Barcelona y en el Pa\u00eds Vasco. Al complemento de lo que estudiaste y trabajaste a nivel acad\u00e9mico en Par\u00eds, \u00bfcu\u00e1l ha sido tu contacto en Catalunya y en Euskadi?.<\/strong><\/p>\n\n\n\n<p class=\"wp-block-paragraph\">Pues hace dos a\u00f1os tuve la posibilidad de estar en Barcelona; estuve en contacto con varias universidades para mirar c\u00f3mo podemos desarrollar un proceso de cooperaci\u00f3n internacional para que, justamente desde la parte acad\u00e9mica podamos reivindicar esta riqueza bio-cultural, y en estas alianzas de cooperaci\u00f3n, que logremos protegerlas.Est\u00e1s trabajando en Barichara, al norte de Colombia.<\/p>\n\n\n\n<p class=\"wp-block-paragraph\"> \u00bf<strong>Cu\u00e1l es la importancia y qu\u00e9 caracter\u00edsticas tiene Barichara para las cuales merece la pena afrontar un proceso de lucha tan intenso como el que est\u00e1s llevando de forma colectiva?<\/strong><\/p>\n\n\n\n<p class=\"wp-block-paragraph\">Barichara es conocida internacionalmente como uno de los pueblos patrimonio m\u00e1s lindos de Colombia, es uno de los pueblos m\u00e1s mediatizados, y es como un abre bobas a toda esta riqueza bio-cultural. Para todas las personas que son por ejemplo arquitectos, y ahorita con esta crisis clim\u00e1tica, la cual estamos afrontando, es un espacio para justamente observar todo el tema de la construcci\u00f3n con tierra, la bio-construcci\u00f3n que al d\u00eda de hoy se sigue viendo en este territorio y que en otras partes del mundo se ha perdido. <\/p>\n\n\n\n<p class=\"wp-block-paragraph\">Tambi\u00e9n es un espacio en donde la diversidad de especies nativas es maravillosa; es una zona arqueol\u00f3gica que no ha sido tan visibilizada ene se aspecto, se ha visibilizado m\u00e1s desde el tema de las tradiciones que siguen identificando a la comunidad rural. Podemos encontrar por ejemplo iniciativas como las de mujeres que recuperaron la tradici\u00f3n ind\u00edgena de cer\u00e1mica. Es un espacio en donde el tema del patrimonio se experimenta d\u00eda a d\u00eda para que quienes todav\u00eda no han tenido la oportunidad de venir a Colombia, lo descubran.<\/p>\n\n\n\n<p class=\"wp-block-paragraph\">\u00bf<strong>Qu\u00e9 incidencia tiene ese patrimonio arquitect\u00f3nico y esa sabidur\u00eda ancestral para que ese pueblo se haya conservado y que haya resistido a los movimientos s\u00edsmicos?<\/strong><\/p>\n\n\n\n<p class=\"wp-block-paragraph\">Estas t\u00e9cnicas de construcci\u00f3n tradicional se adec\u00faan a todas estas din\u00e1micas bio-clim\u00e1ticas; no solamente en cuanto a su resistencia sino tambi\u00e9n a su potencial ac\u00fastico, t\u00e9rmico. Es una arquitectura que, con estos cambios clim\u00e1ticos, hay que implementar cada vez m\u00e1s. <\/p>\n\n\n\n<p class=\"wp-block-paragraph\">En Barichara vemos c\u00f3mo todo este conocimiento se ha transmitido de generaci\u00f3n en generaci\u00f3n, y vemos que las edificaciones est\u00e1n intactas. Toda esta estigmatizaci\u00f3n de que no son estructuras que pueden justamente resistir a eventos como el que ocurri\u00f3 recientemente, pues aqu\u00ed los vemos, llevan m\u00e1s de trecientos a\u00f1os y ah\u00ed est\u00e1n intactas. <\/p>\n\n\n\n<p class=\"wp-block-paragraph\">\u00bf<strong>Cu\u00e1les ser\u00edan esos retos con los que t\u00fa te has encontrado a tu regreso en Colombia, con los que has luchado?<\/strong><\/p>\n\n\n\n<p class=\"wp-block-paragraph\">Desde hace diez a\u00f1os comenc\u00e9 a desarrollar una investigaci\u00f3n llamada Senda al Conocimiento. Es una propuesta que vincula la utilizaci\u00f3n de nuevas tecnolog\u00edas en la reivindicaci\u00f3n del patrimonio bio-cultural, y todo eso a trav\u00e9s de la red de caminos ancestrales del Municipio de Barichara.<\/p>\n\n\n\n<p class=\"wp-block-paragraph\"> En este proceso, cuando tuve la posibilidad de contactar a Alberto Escobar, del Ministerio de Cultura, tuvimos unos di\u00e1logos con la comunidad y se present\u00f3 c\u00f3mo podemos realmente proteger y salvaguardar esta riqueza. Entonces el primer reto fue identificar la existencia de estos activos bio-culturales. <\/p>\n\n\n\n<p class=\"wp-block-paragraph\">Ah\u00ed comenzamos a trabajar con el apoyo de actores locales, de propietarios por donde pasan estos bienes de inter\u00e9s cultural para sensibilizarlos sobre el potencial que tiene esto en econom\u00edas alternativas a trav\u00e9s del turismo eco-responsable que mejore la calidad de vida y que permita a su paso generar sentido de gobernanza; es decir, que las personas locales, sobre todo en la zona rural, ven un potencial en quedarse, y no en irse en esa b\u00fasqueda de un mejor desarrollo. <\/p>\n\n\n\n<p class=\"wp-block-paragraph\">Este proceso nos permiti\u00f3 hacer unos inventarios, contactamos a la alcald\u00eda municipal y nos dimos cuenta que no exist\u00edan registros en la base de datos, por ejemplo, de caminos ancestrales.<\/p>\n\n\n\n<p class=\"wp-block-paragraph\">MIR\u00c1 LA ENTREVISTA COMPLETA EN EL SIGUIENTE ENLACE.<\/p>\n\n\n\n<figure class=\"wp-block-embed is-type-video is-provider-youtube wp-block-embed-youtube wp-embed-aspect-16-9 wp-has-aspect-ratio\"><div class=\"wp-block-embed__wrapper\">\n<iframe title=\"Entrevista Mar\u00eda A. Holguin, Artista e investigadora , sobre actualidad #colombia\" width=\"1110\" height=\"624\" src=\"https:\/\/www.youtube.com\/embed\/UCp3pUE3vv8?feature=oembed\" frameborder=\"0\" allow=\"accelerometer; autoplay; clipboard-write; encrypted-media; gyroscope; picture-in-picture; web-share\" referrerpolicy=\"strict-origin-when-cross-origin\" allowfullscreen><\/iframe>\n<\/div><\/figure>\n","protected":false},"excerpt":{"rendered":"<p>Por Walter C. Medina ENTREVISTA A MAR\u00cdA ALEJANDRA HOLGU\u00cdN. Mar\u00eda Alejandra Holgu\u00edn es representante del equipo interdisciplinario Tierra Adentro. Nacida en Colombia, desde los &#8230; <\/p>\n<p class=\"read-more-container\"><a title=\"\u201cEn Barichara,Colombia , vemos c\u00f3mo todo este conocimiento se ha transmitido de generaci\u00f3n en generaci\u00f3n\u201d\" class=\"read-more button\" href=\"https:\/\/xn--tuvozdiasporaespaola-k7b.com\/page\/2\/en-baricharacolombia-vemos-como-todo-este-conocimiento-se-ha-transmitido-de-generacion-en-generacion\/#more-14954\" aria-label=\"M\u00e1s en \u201cEn Barichara,Colombia , vemos c\u00f3mo todo este conocimiento se ha transmitido de generaci\u00f3n en generaci\u00f3n\u201d\">Leer m\u00e1s<\/a><\/p>\n","protected":false},"author":222560522,"featured_media":14957,"comment_status":"closed","ping_status":"open","sticky":false,"template":"","format":"standard","meta":{"footnotes":""},"categories":[121894],"tags":[],"class_list":["post-14954","post","type-post","status-publish","format-standard","has-post-thumbnail","hentry","category-colombia","resize-featured-image"],"_links":{"self":[{"href":"https:\/\/xn--tuvozdiasporaespaola-k7b.com\/page\/2\/wp-json\/wp\/v2\/posts\/14954","targetHints":{"allow":["GET"]}}],"collection":[{"href":"https:\/\/xn--tuvozdiasporaespaola-k7b.com\/page\/2\/wp-json\/wp\/v2\/posts"}],"about":[{"href":"https:\/\/xn--tuvozdiasporaespaola-k7b.com\/page\/2\/wp-json\/wp\/v2\/types\/post"}],"author":[{"embeddable":true,"href":"https:\/\/xn--tuvozdiasporaespaola-k7b.com\/page\/2\/wp-json\/wp\/v2\/users\/222560522"}],"replies":[{"embeddable":true,"href":"https:\/\/xn--tuvozdiasporaespaola-k7b.com\/page\/2\/wp-json\/wp\/v2\/comments?post=14954"}],"version-history":[{"count":3,"href":"https:\/\/xn--tuvozdiasporaespaola-k7b.com\/page\/2\/wp-json\/wp\/v2\/posts\/14954\/revisions"}],"predecessor-version":[{"id":14958,"href":"https:\/\/xn--tuvozdiasporaespaola-k7b.com\/page\/2\/wp-json\/wp\/v2\/posts\/14954\/revisions\/14958"}],"wp:featuredmedia":[{"embeddable":true,"href":"https:\/\/xn--tuvozdiasporaespaola-k7b.com\/page\/2\/wp-json\/wp\/v2\/media\/14957"}],"wp:attachment":[{"href":"https:\/\/xn--tuvozdiasporaespaola-k7b.com\/page\/2\/wp-json\/wp\/v2\/media?parent=14954"}],"wp:term":[{"taxonomy":"category","embeddable":true,"href":"https:\/\/xn--tuvozdiasporaespaola-k7b.com\/page\/2\/wp-json\/wp\/v2\/categories?post=14954"},{"taxonomy":"post_tag","embeddable":true,"href":"https:\/\/xn--tuvozdiasporaespaola-k7b.com\/page\/2\/wp-json\/wp\/v2\/tags?post=14954"}],"curies":[{"name":"wp","href":"https:\/\/api.w.org\/{rel}","templated":true}]}}