{"id":146,"date":"2022-09-08T12:17:10","date_gmt":"2022-09-08T15:17:10","guid":{"rendered":"https:\/\/xn--tuvozdiasporaespaola-k7b.com\/2022\/09\/08\/que-tiemble-el-universo\/"},"modified":"2022-09-09T07:04:51","modified_gmt":"2022-09-09T10:04:51","slug":"que-tiemble-el-universo","status":"publish","type":"post","link":"https:\/\/xn--tuvozdiasporaespaola-k7b.com\/page\/2\/que-tiemble-el-universo\/","title":{"rendered":"\u00a1QUE TIEMBLE EL UNIVERSO!"},"content":{"rendered":"\n<p><br>El realizador y documentalista argentino Joaqu\u00edn Polo, invitado por el partido pol\u00edtico espa\u00f1ol PODEMOS, presenta el documental \u201cQue tiemble el universo\u201d el 9 de septiembre en el Parlamento Europeo de Bruselas.<br>El audiovisual narra el avance de la derecha en Am\u00e9rica Latina y c\u00f3mo esta es combatida desde los movimientos populares y progresistas en la regi\u00f3n, tomando como eje Argentina, Brasil, Colombia y Chile.<\/p>\n\n\n\n<figure class=\"wp-block-image size-large\"><img fetchpriority=\"high\" decoding=\"async\" width=\"1080\" height=\"1474\" src=\"http:\/\/xn--tuvozdiasporaespaola-k7b.com\/wp-content\/uploads\/2022\/09\/screenshot_20220909-120323_whatsapp2929573053389645449.jpg?w=750\" alt=\"\" class=\"wp-image-147\" srcset=\"https:\/\/xn--tuvozdiasporaespaola-k7b.com\/wp-content\/uploads\/2022\/09\/screenshot_20220909-120323_whatsapp2929573053389645449.jpg 1080w, https:\/\/xn--tuvozdiasporaespaola-k7b.com\/wp-content\/uploads\/2022\/09\/screenshot_20220909-120323_whatsapp2929573053389645449-220x300.jpg 220w, https:\/\/xn--tuvozdiasporaespaola-k7b.com\/wp-content\/uploads\/2022\/09\/screenshot_20220909-120323_whatsapp2929573053389645449-750x1024.jpg 750w, https:\/\/xn--tuvozdiasporaespaola-k7b.com\/wp-content\/uploads\/2022\/09\/screenshot_20220909-120323_whatsapp2929573053389645449-768x1048.jpg 768w\" sizes=\"(max-width: 1080px) 100vw, 1080px\" \/><\/figure>\n\n\n\n<p><br>El lawfare, los medios hegem\u00f3nicos de comunicaci\u00f3n alineados con la derecha, las maniobras desestabilizantes, la inoculaci\u00f3n de odio, los golpes institucionales, las proscripciones y tambi\u00e9n los intentos de asesinato a l\u00edderes y lideresas sociales, son parte de los temas que se van narrando con una clara mirada est\u00e9tica y un montaje y voz en off que recuerdan a la tradici\u00f3n del cine documental latinoamericano. Un cine urgente, entendido como un arma que dispara ideas y puede lograr despertar conciencias en los espectadores. Un cine de contra informaci\u00f3n tan necesario en estos tiempos, de cara a procesos electorales muy cercanos en distintos pa\u00edses del continente.<br>El documental, ser\u00e1 proyectado adem\u00e1s (con presencia del director) en Madrid, Toledo, Valencia y M\u00e1laga en la semana del 12 al 18 de septiembre.<\/p>\n\n\n\n<figure class=\"wp-block-image size-large\"><img decoding=\"async\" width=\"912\" height=\"1280\" src=\"http:\/\/xn--tuvozdiasporaespaola-k7b.com\/wp-content\/uploads\/2022\/09\/img_20220906_160044_1508746463244778211348.jpg?w=730\" alt=\"\" class=\"wp-image-145\" srcset=\"https:\/\/xn--tuvozdiasporaespaola-k7b.com\/wp-content\/uploads\/2022\/09\/img_20220906_160044_1508746463244778211348.jpg 912w, https:\/\/xn--tuvozdiasporaespaola-k7b.com\/wp-content\/uploads\/2022\/09\/img_20220906_160044_1508746463244778211348-214x300.jpg 214w, https:\/\/xn--tuvozdiasporaespaola-k7b.com\/wp-content\/uploads\/2022\/09\/img_20220906_160044_1508746463244778211348-730x1024.jpg 730w, https:\/\/xn--tuvozdiasporaespaola-k7b.com\/wp-content\/uploads\/2022\/09\/img_20220906_160044_1508746463244778211348-768x1078.jpg 768w\" sizes=\"(max-width: 912px) 100vw, 912px\" \/><\/figure>\n\n\n\n<p><br \/>El inter\u00e9s del partido pol\u00edtico Podemos por conocer en profundidad la realidad latinoamericana es muy grande, y Polo estar\u00e1 all\u00ed para contarla a trav\u00e9s de im\u00e1genes y sonidos que \u00e9l mismo define como \u201cuna trompada de realidad latina\u201d.<br \/>El documental ser\u00e1 una herramienta para la militancia, para el debate y la reflexi\u00f3n sobre temas de actualidad que pueden servir de inspiraci\u00f3n en otras latitudes.<\/p>\n\n\n\n<figure class=\"wp-block-image size-large\"><img decoding=\"async\" width=\"1080\" height=\"1074\" src=\"http:\/\/xn--tuvozdiasporaespaola-k7b.com\/wp-content\/uploads\/2022\/09\/screenshot_20220907-000800_gallery4624637296918356081.jpg?w=1024\" alt=\"\" class=\"wp-image-144\" srcset=\"https:\/\/xn--tuvozdiasporaespaola-k7b.com\/wp-content\/uploads\/2022\/09\/screenshot_20220907-000800_gallery4624637296918356081.jpg 1080w, https:\/\/xn--tuvozdiasporaespaola-k7b.com\/wp-content\/uploads\/2022\/09\/screenshot_20220907-000800_gallery4624637296918356081-300x298.jpg 300w, https:\/\/xn--tuvozdiasporaespaola-k7b.com\/wp-content\/uploads\/2022\/09\/screenshot_20220907-000800_gallery4624637296918356081-1024x1018.jpg 1024w, https:\/\/xn--tuvozdiasporaespaola-k7b.com\/wp-content\/uploads\/2022\/09\/screenshot_20220907-000800_gallery4624637296918356081-150x150.jpg 150w, https:\/\/xn--tuvozdiasporaespaola-k7b.com\/wp-content\/uploads\/2022\/09\/screenshot_20220907-000800_gallery4624637296918356081-768x764.jpg 768w\" sizes=\"(max-width: 1080px) 100vw, 1080px\" \/><\/figure>\n\n\n\n<p>En otro orden e Cosas :<\/p>\n\n\n\n<p>#EncuentroBruselas2022<br \/>!Os esperamos en Bruselas!<\/p>\n\n\n\n<p>No te pierdas nuestras mesas que podr\u00e1s seguir a trav\u00e9s del <a href=\"https:\/\/youtube.com\/channel\/UCsG6uLaASDbF86Bij496J0g\">canal de Youtube de Podemos Exterior.<br \/><br \/><\/a>Arrancamos ma\u00f1ana a las 17:00 con las intervenciones de nuestra representante, Patricia Fesser, Idoia Villanueva, Secretaria Estatal de Internacionales y Pau Vivas Secretario Estatal de C\u00edrculos, Participaci\u00f3n y Crecimiento Organizativo.<\/p>\n\n\n\n<p><\/p>\n\n\n\n<figure class=\"wp-block-video\"><video height=\"1080\" style=\"aspect-ratio: 1920 \/ 1080;\" width=\"1920\" controls src=\"http:\/\/xn--tuvozdiasporaespaola-k7b.com\/wp-content\/uploads\/2022\/09\/trailer_qteu.mp4\"><\/video><figcaption class=\"wp-element-caption\">Video  Promocional <\/figcaption><\/figure>\n","protected":false},"excerpt":{"rendered":"<p>El realizador y documentalista argentino Joaqu\u00edn Polo, invitado por el partido pol\u00edtico espa\u00f1ol PODEMOS, presenta el documental \u201cQue tiemble el universo\u201d el 9 de &#8230; <\/p>\n<p class=\"read-more-container\"><a title=\"\u00a1QUE TIEMBLE EL UNIVERSO!\" class=\"read-more button\" href=\"https:\/\/xn--tuvozdiasporaespaola-k7b.com\/page\/2\/que-tiemble-el-universo\/#more-146\" aria-label=\"M\u00e1s en \u00a1QUE TIEMBLE EL UNIVERSO!\">Leer m\u00e1s<\/a><\/p>\n","protected":false},"author":222560522,"featured_media":0,"comment_status":"open","ping_status":"open","sticky":false,"template":"","format":"standard","meta":{"footnotes":""},"categories":[1771],"tags":[],"class_list":["post-146","post","type-post","status-publish","format-standard","hentry","category-sociales"],"_links":{"self":[{"href":"https:\/\/xn--tuvozdiasporaespaola-k7b.com\/page\/2\/wp-json\/wp\/v2\/posts\/146","targetHints":{"allow":["GET"]}}],"collection":[{"href":"https:\/\/xn--tuvozdiasporaespaola-k7b.com\/page\/2\/wp-json\/wp\/v2\/posts"}],"about":[{"href":"https:\/\/xn--tuvozdiasporaespaola-k7b.com\/page\/2\/wp-json\/wp\/v2\/types\/post"}],"author":[{"embeddable":true,"href":"https:\/\/xn--tuvozdiasporaespaola-k7b.com\/page\/2\/wp-json\/wp\/v2\/users\/222560522"}],"replies":[{"embeddable":true,"href":"https:\/\/xn--tuvozdiasporaespaola-k7b.com\/page\/2\/wp-json\/wp\/v2\/comments?post=146"}],"version-history":[{"count":0,"href":"https:\/\/xn--tuvozdiasporaespaola-k7b.com\/page\/2\/wp-json\/wp\/v2\/posts\/146\/revisions"}],"wp:attachment":[{"href":"https:\/\/xn--tuvozdiasporaespaola-k7b.com\/page\/2\/wp-json\/wp\/v2\/media?parent=146"}],"wp:term":[{"taxonomy":"category","embeddable":true,"href":"https:\/\/xn--tuvozdiasporaespaola-k7b.com\/page\/2\/wp-json\/wp\/v2\/categories?post=146"},{"taxonomy":"post_tag","embeddable":true,"href":"https:\/\/xn--tuvozdiasporaespaola-k7b.com\/page\/2\/wp-json\/wp\/v2\/tags?post=146"}],"curies":[{"name":"wp","href":"https:\/\/api.w.org\/{rel}","templated":true}]}}