{"id":140,"date":"2022-09-06T21:59:27","date_gmt":"2022-09-07T00:59:27","guid":{"rendered":"https:\/\/xn--tuvozdiasporaespaola-k7b.com\/2022\/09\/06\/cristina-fernandez-de-la-muerte-civil-al-magnicidio-las-elites-no-esperan\/"},"modified":"2022-09-06T21:59:27","modified_gmt":"2022-09-07T00:59:27","slug":"cristina-fernandez-de-la-muerte-civil-al-magnicidio-las-elites-no-esperan","status":"publish","type":"post","link":"https:\/\/xn--tuvozdiasporaespaola-k7b.com\/page\/2\/cristina-fernandez-de-la-muerte-civil-al-magnicidio-las-elites-no-esperan\/","title":{"rendered":"CRISTINA FERN\u00c1NDEZ. \u00abDe la muerte civil al magnicidio, las \u00e9lites no esperan\u00bb."},"content":{"rendered":"\n<p>El denominador com\u00fan de todos los graves casos de Lawfare que conocemos contra destacados dirigentes de la izquierda que han ocupado o aspiran a posicionarse como m\u00e1ximos representantes electos en sus pa\u00edses es la constataci\u00f3n de una operaci\u00f3n de caza al pol\u00edtico planeada com\u00fanmente por una alianza de sectores interesados en mantener un determinado status quo pol\u00edtico o econ\u00f3mico.<\/p>\n\n\n\n<p>Estos autores intelectuales de la guerra judicial y medi\u00e1tica emprendida actualmente son los mismos que, hace tan s\u00f3lo unas d\u00e9cadas organizaban o colaboraban con los golpes de Estado que ensangrentaron el cono Sur de Am\u00e9rica Latina, con la colaboraci\u00f3n de las Agencias y organismos internacionales al servicio de la supremac\u00eda norteamericana y el silencio c\u00f3mplice, cuando no mercenario, de los principales medios de comunicaci\u00f3n de cada pa\u00eds violentado.<\/p>\n\n\n\n<p>No hay nada m\u00e1s que tirar del hilo, como en las novelas policiacas, para descubrir a quienes beneficia directamente la par\u00e1lisis, el caos o la regresi\u00f3n de las pol\u00edticas emprendidas o anunciadas por los y las dirigentes perseguidos, cuya \u2018muerte civil\u2019 se desea obtener a cualquier precio.&nbsp;<\/p>\n\n\n\n<figure class=\"wp-block-image size-large\"><img fetchpriority=\"high\" decoding=\"async\" width=\"1280\" height=\"720\" src=\"http:\/\/xn--tuvozdiasporaespaola-k7b.com\/wp-content\/uploads\/2022\/09\/plan-condor-20210728-12105981393275036124082207.jpg?w=1024\" alt=\"\" class=\"wp-image-135\" srcset=\"https:\/\/xn--tuvozdiasporaespaola-k7b.com\/wp-content\/uploads\/2022\/09\/plan-condor-20210728-12105981393275036124082207.jpg 1280w, https:\/\/xn--tuvozdiasporaespaola-k7b.com\/wp-content\/uploads\/2022\/09\/plan-condor-20210728-12105981393275036124082207-300x169.jpg 300w, https:\/\/xn--tuvozdiasporaespaola-k7b.com\/wp-content\/uploads\/2022\/09\/plan-condor-20210728-12105981393275036124082207-1024x576.jpg 1024w, https:\/\/xn--tuvozdiasporaespaola-k7b.com\/wp-content\/uploads\/2022\/09\/plan-condor-20210728-12105981393275036124082207-768x432.jpg 768w\" sizes=\"(max-width: 1280px) 100vw, 1280px\" \/><figcaption class=\"wp-element-caption\">Plan C\u00f3ndor.<\/figcaption><\/figure>\n\n\n\n<p>Dependiendo de las caracter\u00edsticas, historia y sectores econ\u00f3micos que predominan en cada naci\u00f3n en estas joint-ventures criminales podemos encontrar altas c\u00fapulas empresariales y financieras, una derecha rentista y ultramontana, directores de medios de desinformaci\u00f3n, jueces y fiscales corruptos y sectores minoritarios pero muy violentos de las Cloacas policiales y las Fuerzas Armadas. Todos los condimentos necesarios para operar una larga e inhumana cacer\u00eda ante la cual las garant\u00edas y sistemas de alarma de las Democracias concedidas actuales no pueden evitar su consumaci\u00f3n. Unos ponen la financiaci\u00f3n, otros vigilan y graban ilegalmente, los hay quienes exponen las falsas pruebas en la plaza p\u00fablica y luego act\u00faan los que detienen y judicializan a la v\u00edctima. Y as\u00ed no hace falta una eliminaci\u00f3n f\u00edsica o un golpe militar cl\u00e1sico.<\/p>\n\n\n\n<p>Sin embargo, de un tiempo a esta parte, las \u00e9lites econ\u00f3micas que se re\u00fanen en Clubs mundiales selectos en sus herm\u00e9ticas cumbres alejadas del mundanal ruido del aumento de la pobreza y las consecuencias letales de la Globalizaci\u00f3n, han variado su estrategia tradicional y, en su loca carrera por la acumulaci\u00f3n ilimitada de riquezas y Poder terrenal, han decidido prescindir de los consensos forjados en los rescoldos del final de la Segunda Guerra Mundial y abandonar a su suerte las Democracias liberales occidentales.&nbsp;<\/p>\n\n\n\n<figure class=\"wp-block-image size-large\"><img decoding=\"async\" width=\"800\" height=\"475\" src=\"http:\/\/xn--tuvozdiasporaespaola-k7b.com\/wp-content\/uploads\/2022\/09\/extrema-derecha-espac3b1a6198211015668459030..jpg?w=800\" alt=\"\" class=\"wp-image-136\" srcset=\"https:\/\/xn--tuvozdiasporaespaola-k7b.com\/wp-content\/uploads\/2022\/09\/extrema-derecha-espac3b1a6198211015668459030..jpg 800w, https:\/\/xn--tuvozdiasporaespaola-k7b.com\/wp-content\/uploads\/2022\/09\/extrema-derecha-espac3b1a6198211015668459030.-300x178.jpg 300w, https:\/\/xn--tuvozdiasporaespaola-k7b.com\/wp-content\/uploads\/2022\/09\/extrema-derecha-espac3b1a6198211015668459030.-768x456.jpg 768w\" sizes=\"(max-width: 800px) 100vw, 800px\" \/><figcaption class=\"wp-element-caption\">El fascismo en Espa\u00f1a. <\/figcaption><\/figure>\n\n\n\n<p>La moda o tendencia es ahora la promoci\u00f3n de un darwinismo social sin frenos ni fronteras y a nivel pol\u00edtico el ascenso de gobiernos y reg\u00edmenes autoritarios, fascistas si se precia, que garanticen los m\u00e1ximos beneficios dentro del juego del sacrosanto \u2018Libre Mercado\u2019. Por ello sus candidatos preferidos son bien sea exbanqueros o millonarios, bien sea exmilitares en retiro o psic\u00f3patas en b\u00fasqueda de fortuna, amparando todo ello en un creciente ambiente de odio, miedo, desinformaci\u00f3n, negacionismos y provocaciones cuyo objetivo no es sino preparar el clima pol\u00edtico adecuado para el ascenso de un l\u00edder amparado por todos los apoyos necesarios y tratado con devoci\u00f3n por quienes deciden nuestra Agenda medi\u00e1tica diaria.<\/p>\n\n\n\n<p>Con un escenario belicista acrecentado por las pretensiones hegemonistas de Estados Unidos, la recomposici\u00f3n del mapa geoestrat\u00e9gico mundial por la disputa china y rusa y el rearme dial\u00e9ctico de los principales medios occidentales al servicio del Atlantismo militar y econ\u00f3mico, las mencionadas \u00e9lites, ya sean regionales o multinacionales, deciden prescindir de la pol\u00edtica como medio de gestionar los conflictos (para ellos siempre de intereses), aboc\u00e1ndonos a la Ley del m\u00e1s fuerte y manteniendo intacta la impunidad total de los inductores.<\/p>\n\n\n\n<figure class=\"wp-block-image size-large\"><img decoding=\"async\" width=\"1400\" height=\"992\" src=\"http:\/\/xn--tuvozdiasporaespaola-k7b.com\/wp-content\/uploads\/2022\/09\/pub-333-72-alcantarilla2141260294588384018.jpg?w=1024\" alt=\"\" class=\"wp-image-137\" srcset=\"https:\/\/xn--tuvozdiasporaespaola-k7b.com\/wp-content\/uploads\/2022\/09\/pub-333-72-alcantarilla2141260294588384018.jpg 1400w, https:\/\/xn--tuvozdiasporaespaola-k7b.com\/wp-content\/uploads\/2022\/09\/pub-333-72-alcantarilla2141260294588384018-300x213.jpg 300w, https:\/\/xn--tuvozdiasporaespaola-k7b.com\/wp-content\/uploads\/2022\/09\/pub-333-72-alcantarilla2141260294588384018-1024x726.jpg 1024w, https:\/\/xn--tuvozdiasporaespaola-k7b.com\/wp-content\/uploads\/2022\/09\/pub-333-72-alcantarilla2141260294588384018-768x544.jpg 768w\" sizes=\"(max-width: 1400px) 100vw, 1400px\" \/><figcaption class=\"wp-element-caption\">La prensa medi\u00e1tica detr\u00e1s de las Cloacas.<\/figcaption><\/figure>\n\n\n\n<p>La impaciencia de los grupos de poder, en los casos en que no baste o hayan fracasado los montajes de Lawfare para que la ciudadan\u00eda se desafecte de sus l\u00edderes m\u00e1s apoyados, pasa por la \u2018soluci\u00f3n final\u2019, es decir la eliminaci\u00f3n f\u00edsica de estos a cargo de cualquier perturbado, fan\u00e1tico ultra o individuo desesperado a quien le puedan \u201ccargar el muerto\u201d borrando las huellas en el transcurso de la investigaci\u00f3n policial, judicial o medi\u00e1tica.<\/p>\n\n\n\n<p>En el caso de Cristina Fern\u00e1ndez de Kitchner el linchamiento previo medi\u00e1tico y la trama criminalizadora judicial han llevado al intento de magnicidio. En Colombia ha sido una pr\u00e1ctica tradicional de la ultraderecha. Los cinco candidatos a la presidencia de izquierdas anteriores a Petro, con opciones de triunfo la mayor\u00eda, fueron asesinados antes de llegar a las urnas. A Manuel Zelaya, en Honduras, lo sacaron en pijama directamente de su casa en un helic\u00f3ptero yankee para no manchar las paredes de su residencia. El Plan C\u00f3ndor nunca ha dejado de funcionar, tan s\u00f3lo ha modernizado sus m\u00e9todos y se ha preocupado de subcontratar todo y no dejar rastros.<\/p>\n\n\n\n<p>En Podemos sabemos muy bien c\u00f3mo opera sobre estas cuestiones el Deep State o Estado profundo, en nuestro caso espa\u00f1ol el mismo aparato franquista que no fue nunca desmantelado o depurado en los acuerdos de la tan mod\u00e9lica Transici\u00f3n pol\u00edtica a la Democracia. Las Cloacas del Estado, policiales, judiciales y medi\u00e1ticas act\u00faan con total impunidad espiando, acosando, incriminando y difamando a nuestros principales l\u00edderes y lideresas, creando un \u2018estado de opini\u00f3n\u2019 de rechazo a quienes en el 2016 encabezaron las encuestas para presidir un primer gobierno de Coalici\u00f3n de izquierdas in\u00e9dito en la Uni\u00f3n Europea.<\/p>\n\n\n\n<figure class=\"wp-block-image size-large\"><img loading=\"lazy\" decoding=\"async\" width=\"1852\" height=\"1205\" src=\"http:\/\/xn--tuvozdiasporaespaola-k7b.com\/wp-content\/uploads\/2022\/09\/undp_cl_gobernabilidad_dia_democracia_20152035764876349633708.jpg?w=1024\" alt=\"\" class=\"wp-image-138\" srcset=\"https:\/\/xn--tuvozdiasporaespaola-k7b.com\/wp-content\/uploads\/2022\/09\/undp_cl_gobernabilidad_dia_democracia_20152035764876349633708.jpg 1852w, https:\/\/xn--tuvozdiasporaespaola-k7b.com\/wp-content\/uploads\/2022\/09\/undp_cl_gobernabilidad_dia_democracia_20152035764876349633708-300x195.jpg 300w, https:\/\/xn--tuvozdiasporaespaola-k7b.com\/wp-content\/uploads\/2022\/09\/undp_cl_gobernabilidad_dia_democracia_20152035764876349633708-1024x666.jpg 1024w, https:\/\/xn--tuvozdiasporaespaola-k7b.com\/wp-content\/uploads\/2022\/09\/undp_cl_gobernabilidad_dia_democracia_20152035764876349633708-768x500.jpg 768w, https:\/\/xn--tuvozdiasporaespaola-k7b.com\/wp-content\/uploads\/2022\/09\/undp_cl_gobernabilidad_dia_democracia_20152035764876349633708-1568x1020.jpg 1568w\" sizes=\"(max-width: 1852px) 100vw, 1852px\" \/><figcaption class=\"wp-element-caption\">DEMOCRACIA <\/figcaption><\/figure>\n\n\n\n<p>Recientemente se han destapado los audios que retratan y certifican las numerosas operaciones de Lawfare dirigidas contra Pablo Iglesias, Monedero, Irene Montero y tantas otras figuras p\u00fablicas del partido y del gobierno. Las responsabilidades directas, los silencios c\u00f3mplices y las complacencias no disimuladas se reparten en buena parte del espectro pol\u00edtico beneficiario de tales delitos. La extrema derecha crece con ello, blanqueada y auspiciada por los medios. El acoso f\u00edsico y psicol\u00f3gico, en forma de escrache, al vicepresidente Iglesias y su familia, por parte del lobby ultraconservador dur\u00f3 m\u00e1s de un a\u00f1o, un caso in\u00e9dito en Europa.<\/p>\n\n\n\n<p>La respuesta popular al acoso primero y al intento de asesinato despu\u00e9s de Cristina FK debe ser el punto de inflexi\u00f3n para la reacci\u00f3n de toda la sociedad, de los y las defensoras de la pol\u00edtica y la Democracia real como formas supremas de la convivencia y los Derechos y Libertades de la ciudadan\u00eda. Argentina, Espa\u00f1a, Colombia, Chile, Bol\u00edvia, Per\u00fa, Honduras, M\u00e9xico y tantos otros pa\u00edses cuyos gobiernos est\u00e1n amenazados por esta nueva estrategia homicida y liberticida deben encontrar caminos de colaboraci\u00f3n que eviten la consumaci\u00f3n de los turbios prop\u00f3sitos de quienes han decidido prescindir de la paz y la democracia. Nos va el futuro en ello.<\/p>\n\n\n\n<p>Miguel Angel Ferr\u00eds (portavoz Red de C\u00edrculos de Podemos en Europa)<\/p>\n\n\n\n<figure class=\"wp-block-image size-large\"><img loading=\"lazy\" decoding=\"async\" width=\"700\" height=\"393\" src=\"http:\/\/xn--tuvozdiasporaespaola-k7b.com\/wp-content\/uploads\/2022\/09\/apoyo-a-cristina-kirchner67220549544463479.jpg?w=700\" alt=\"\" class=\"wp-image-139\" srcset=\"https:\/\/xn--tuvozdiasporaespaola-k7b.com\/wp-content\/uploads\/2022\/09\/apoyo-a-cristina-kirchner67220549544463479.jpg 700w, https:\/\/xn--tuvozdiasporaespaola-k7b.com\/wp-content\/uploads\/2022\/09\/apoyo-a-cristina-kirchner67220549544463479-300x168.jpg 300w\" sizes=\"(max-width: 700px) 100vw, 700px\" \/><figcaption class=\"wp-element-caption\">El pueblo en Defensa de Cristina un d\u00eda despu\u00e9s del Atentado <\/figcaption><\/figure>\n","protected":false},"excerpt":{"rendered":"<p>El denominador com\u00fan de todos los graves casos de Lawfare que conocemos contra destacados dirigentes de la izquierda que han ocupado o aspiran a &#8230; <\/p>\n<p class=\"read-more-container\"><a title=\"CRISTINA FERN\u00c1NDEZ. \u00abDe la muerte civil al magnicidio, las \u00e9lites no esperan\u00bb.\" class=\"read-more button\" href=\"https:\/\/xn--tuvozdiasporaespaola-k7b.com\/page\/2\/cristina-fernandez-de-la-muerte-civil-al-magnicidio-las-elites-no-esperan\/#more-140\" aria-label=\"M\u00e1s en CRISTINA FERN\u00c1NDEZ. \u00abDe la muerte civil al magnicidio, las \u00e9lites no esperan\u00bb.\">Leer m\u00e1s<\/a><\/p>\n","protected":false},"author":222560522,"featured_media":0,"comment_status":"open","ping_status":"open","sticky":false,"template":"","format":"standard","meta":{"footnotes":""},"categories":[1771],"tags":[],"class_list":["post-140","post","type-post","status-publish","format-standard","hentry","category-sociales"],"_links":{"self":[{"href":"https:\/\/xn--tuvozdiasporaespaola-k7b.com\/page\/2\/wp-json\/wp\/v2\/posts\/140","targetHints":{"allow":["GET"]}}],"collection":[{"href":"https:\/\/xn--tuvozdiasporaespaola-k7b.com\/page\/2\/wp-json\/wp\/v2\/posts"}],"about":[{"href":"https:\/\/xn--tuvozdiasporaespaola-k7b.com\/page\/2\/wp-json\/wp\/v2\/types\/post"}],"author":[{"embeddable":true,"href":"https:\/\/xn--tuvozdiasporaespaola-k7b.com\/page\/2\/wp-json\/wp\/v2\/users\/222560522"}],"replies":[{"embeddable":true,"href":"https:\/\/xn--tuvozdiasporaespaola-k7b.com\/page\/2\/wp-json\/wp\/v2\/comments?post=140"}],"version-history":[{"count":0,"href":"https:\/\/xn--tuvozdiasporaespaola-k7b.com\/page\/2\/wp-json\/wp\/v2\/posts\/140\/revisions"}],"wp:attachment":[{"href":"https:\/\/xn--tuvozdiasporaespaola-k7b.com\/page\/2\/wp-json\/wp\/v2\/media?parent=140"}],"wp:term":[{"taxonomy":"category","embeddable":true,"href":"https:\/\/xn--tuvozdiasporaespaola-k7b.com\/page\/2\/wp-json\/wp\/v2\/categories?post=140"},{"taxonomy":"post_tag","embeddable":true,"href":"https:\/\/xn--tuvozdiasporaespaola-k7b.com\/page\/2\/wp-json\/wp\/v2\/tags?post=140"}],"curies":[{"name":"wp","href":"https:\/\/api.w.org\/{rel}","templated":true}]}}