{"id":1336,"date":"2023-03-19T18:13:59","date_gmt":"2023-03-19T21:13:59","guid":{"rendered":"https:\/\/xn--tuvozdiasporaespaola-k7b.com\/2023\/03\/19\/el-progresismo-en-el-exterior-ganaria-las-elecciones-autonomicas-y-generales-con-podemos-como-segunda-fuerza-en-intencion-de-voto\/"},"modified":"2023-03-19T18:13:59","modified_gmt":"2023-03-19T21:13:59","slug":"el-progresismo-en-el-exterior-ganaria-las-elecciones-autonomicas-y-generales-con-podemos-como-segunda-fuerza-en-intencion-de-voto","status":"publish","type":"post","link":"https:\/\/xn--tuvozdiasporaespaola-k7b.com\/page\/2\/el-progresismo-en-el-exterior-ganaria-las-elecciones-autonomicas-y-generales-con-podemos-como-segunda-fuerza-en-intencion-de-voto\/","title":{"rendered":"EL PROGRESISMO en el\u00a0 EXTERIOR\u00a0 ganar\u00eda las Elecciones Auton\u00f3micas y Generales con PODEMOS como segunda fuerza en intenci\u00f3n de VOTO."},"content":{"rendered":"\n<p>A escasos dos meses para los comicios municipales y auton\u00f3micos del 28 de mayo<br>PODEMOS, incrementa su ventaja sobre el Partido Popular y VOX, acerc\u00e1ndose al PSOE, como fuerza mayoritaria en el exterior, acortando la brecha con el Partido Socialista, marcando una tendencia de \u201cempate t\u00e9cnico\u201d para las pr\u00f3ximas elecciones generales, y un liderazgo significativo para ciertas CCAA en las pr\u00f3ximas auton\u00f3micas.<br>Seg\u00fan los sondeos efectuados en 18 pa\u00edses, a fecha 5 de marzo de 2023, los resultados ser\u00edan los siguientes, en cuanto a porcentajes en intenci\u00f3n de voto:<br>?PSOE\u00a0\u00a0\u00a0\u00a0\u00a0\u00a0\u00a0\u00a0\u00a0\u00a0\u00a0\u00a0\u00a0\u00a0\u00a0\u00a0\u00a0\u00a0\u00a0\u00a0\u00a0 27,50% ,<br>? PODEMOS\u00a0\u00a0\u00a0\u00a0\u00a0\u00a0\u00a0\u00a0\u00a0\u00a0\u00a0\u00a0 24,80%<br>?PP\u00a0\u00a0\u00a0\u00a0\u00a0\u00a0\u00a0\u00a0\u00a0\u00a0\u00a0\u00a0\u00a0\u00a0\u00a0\u00a0\u00a0\u00a0\u00a0\u00a0\u00a0\u00a0\u00a0\u00a0\u00a0\u00a0 18,31%<br>?VOX\u00a0\u00a0\u00a0\u00a0\u00a0\u00a0\u00a0\u00a0\u00a0\u00a0\u00a0\u00a0\u00a0\u00a0\u00a0\u00a0\u00a0\u00a0\u00a0\u00a0\u00a0\u00a0\u00a0\u00a0 11,40%<br>?NACIONALISTAS\u00a0\u00a0 9,00%<br>?RESTO\u00a0\u00a0\u00a0\u00a0\u00a0\u00a0\u00a0\u00a0\u00a0\u00a0\u00a0\u00a0\u00a0\u00a0\u00a0\u00a0\u00a0\u00a0\u00a0\u00a0 6,90%\u00a0\u00a0\u00a0\u00a0\u00a0\u00a0\u00a0\u00a0\u00a0\u00a0\u00a0\u00a0\u00a0\u00a0\u00a0\u00a0\u00a0\u00a0\u00a0\u00a0\u00a0\u00a0\u00a0\u00a0\u00a0\u00a0\u00a0\u00a0\u00a0\u00a0\u00a0\u00a0\u00a0\u00a0\u00a0 ? NC\u00a0\u00a0\u00a0\u00a0\u00a0\u00a0\u00a0\u00a0\u00a0\u00a0\u00a0\u00a0\u00a0\u00a0\u00a0\u00a0\u00a0\u00a0\u00a0\u00a0\u00a0\u00a0\u00a0\u00a0\u00a0\u00a0 2 09 %<\/p>\n\n\n\n<p><\/p>\n\n\n\n<figure class=\"wp-block-image size-large\"><img fetchpriority=\"high\" decoding=\"async\" width=\"958\" height=\"733\" src=\"http:\/\/xn--tuvozdiasporaespaola-k7b.com\/wp-content\/uploads\/2023\/03\/screenshot_20230319_145258_chrome9075536511084453370.jpg?w=958\" alt=\"\" class=\"wp-image-1333\" srcset=\"https:\/\/xn--tuvozdiasporaespaola-k7b.com\/wp-content\/uploads\/2023\/03\/screenshot_20230319_145258_chrome9075536511084453370.jpg 958w, https:\/\/xn--tuvozdiasporaespaola-k7b.com\/wp-content\/uploads\/2023\/03\/screenshot_20230319_145258_chrome9075536511084453370-300x230.jpg 300w, https:\/\/xn--tuvozdiasporaespaola-k7b.com\/wp-content\/uploads\/2023\/03\/screenshot_20230319_145258_chrome9075536511084453370-768x588.jpg 768w\" sizes=\"(max-width: 958px) 100vw, 958px\" \/><\/figure>\n\n\n\n<p>Ciudadanos tambi\u00e9n se desplomar\u00eda en el Exterior.<br>Las conclusiones derivadas de estos datos, demuestran que el voto de la Di\u00e1spora Espa\u00f1ola es progresista, y puede llegar a ser referente en el panorama pol\u00edtico espa\u00f1ol, m\u00e1s ahora con la derogaci\u00f3n del voto rogado, con la cual alrededor de 2.400.000 espa\u00f1oles con derecho a sufragio, podr\u00e1n acceder de manera efectiva a ese derecho.<br>Dado el natural simp\u00e1tico ideol\u00f3gico de los llamados Nacionalistas y Resto, cuya intenci\u00f3n de voto llega a casi un 18%, uno de los \u201ccampos de batalla electoral\u201d deber\u00eda de ser la captaci\u00f3n de esa franja de votantes y as\u00ed formar realmente un liderazgo.<br>El estudio elaborado en estos pa\u00edses\u00a0 tanto del comportamiento electoral del \u00e1mbito de la elecci\u00f3n y su evoluci\u00f3n de\u00a0 las encuestas publicadas y los \u00faltimos resultados del 2019\u00a0 a las que se ha tenido acceso en estos meses .<br><\/p>\n\n\n\n<figure class=\"wp-block-image size-large\"><img decoding=\"async\" width=\"2880\" height=\"2880\" src=\"http:\/\/xn--tuvozdiasporaespaola-k7b.com\/wp-content\/uploads\/2023\/03\/20230319_1800011669286929784351842.jpg?w=1024\" alt=\"\" class=\"wp-image-1335\" srcset=\"https:\/\/xn--tuvozdiasporaespaola-k7b.com\/wp-content\/uploads\/2023\/03\/20230319_1800011669286929784351842.jpg 2880w, https:\/\/xn--tuvozdiasporaespaola-k7b.com\/wp-content\/uploads\/2023\/03\/20230319_1800011669286929784351842-300x300.jpg 300w, https:\/\/xn--tuvozdiasporaespaola-k7b.com\/wp-content\/uploads\/2023\/03\/20230319_1800011669286929784351842-1024x1024.jpg 1024w, https:\/\/xn--tuvozdiasporaespaola-k7b.com\/wp-content\/uploads\/2023\/03\/20230319_1800011669286929784351842-150x150.jpg 150w, https:\/\/xn--tuvozdiasporaespaola-k7b.com\/wp-content\/uploads\/2023\/03\/20230319_1800011669286929784351842-768x768.jpg 768w, https:\/\/xn--tuvozdiasporaespaola-k7b.com\/wp-content\/uploads\/2023\/03\/20230319_1800011669286929784351842-1568x1568.jpg 1568w\" sizes=\"(max-width: 2880px) 100vw, 2880px\" \/><figcaption class=\"wp-element-caption\">Candidates\u00a0 Auton\u00f3micos <\/figcaption><\/figure>\n\n\n\n<p>Con toda esa informaci\u00f3n y aplicando las ponderaciones correspondientes, se llega a una estimaci\u00f3n de voto sobre la que se aplica la ley electoral para asignar porcentajes siendo las comunidades de Madrid, Cantabria, La Rioja, Baleares,Valencia\u00a0 Asturias, Navarra, Canarias,\u00a0 comunidades donde podemos obtendr\u00eda m\u00e1s intenci\u00f3n de Voto siendo la primera fuerza de Izquierda.<\/p>\n\n\n\n<p>\u00a0En Extremadura,\u00a0 Arag\u00f3n, Castilla la Mancha y Murcia son la segunda fuerza pol\u00edtica.<\/p>\n\n\n\n<p>En Madrid Podemos ser\u00eda la fuerza m\u00e1s votada en el exterior desplazando a MAS- MADRID hasta el\u00a0 quinto\u00a0 puesto en intenci\u00f3n de voto.<\/p>\n\n\n\n<p>Al igual que en Valencia donde\u00a0 Podemos seria la primera fuerza y Compromis ser\u00eda la cuarta fuerza en intenci\u00f3n.<\/p>\n\n\n\n<figure class=\"wp-block-image size-large\"><img decoding=\"async\" width=\"966\" height=\"698\" src=\"http:\/\/xn--tuvozdiasporaespaola-k7b.com\/wp-content\/uploads\/2023\/03\/screenshot_20230319_143842_chrome1981537171063628588.jpg?w=966\" alt=\"\" class=\"wp-image-1334\" srcset=\"https:\/\/xn--tuvozdiasporaespaola-k7b.com\/wp-content\/uploads\/2023\/03\/screenshot_20230319_143842_chrome1981537171063628588.jpg 966w, https:\/\/xn--tuvozdiasporaespaola-k7b.com\/wp-content\/uploads\/2023\/03\/screenshot_20230319_143842_chrome1981537171063628588-300x217.jpg 300w, https:\/\/xn--tuvozdiasporaespaola-k7b.com\/wp-content\/uploads\/2023\/03\/screenshot_20230319_143842_chrome1981537171063628588-768x555.jpg 768w\" sizes=\"(max-width: 966px) 100vw, 966px\" \/><\/figure>\n\n\n\n<p>Con estos estudios Podemos crece y aunque no llega al 34 % de las elecciones en las que se present\u00f3 por primera vez,\u00a0\u00a0 si que afianza con el 24,78%\u00a0\u00a0 su espacio en el exterior siendo clave la alta participaci\u00f3n para afianzar diputados progresistas en los gobiernos auton\u00f3micos y municipales ya que muchos votantes sobre todo en Europa no est\u00e1n registrados en los Consulados por diversos\u00a0 motivos (con lo que pueden votar en las municipales) se estiman en torno a los 300.000 ciudadanos espa\u00f1oles no inscritos en el CERA.<br><br>Roberto San Mart\u00edn. Director del estudio para Di\u00e1spora Espa\u00f1ola.<br>Cordinador de Campa\u00f1a de PODEMOS ARGENTINA\u00a0 Prov. y Red\u00a0 C\u00edrculos de Am\u00e9rica\u00a0 de Podemos Exterior.<\/p>\n","protected":false},"excerpt":{"rendered":"<p>A escasos dos meses para los comicios municipales y auton\u00f3micos del 28 de mayoPODEMOS, incrementa su ventaja sobre el Partido Popular y VOX, acerc\u00e1ndose &#8230; <\/p>\n<p class=\"read-more-container\"><a title=\"EL PROGRESISMO en el\u00a0 EXTERIOR\u00a0 ganar\u00eda las Elecciones Auton\u00f3micas y Generales con PODEMOS como segunda fuerza en intenci\u00f3n de VOTO.\" class=\"read-more button\" href=\"https:\/\/xn--tuvozdiasporaespaola-k7b.com\/page\/2\/el-progresismo-en-el-exterior-ganaria-las-elecciones-autonomicas-y-generales-con-podemos-como-segunda-fuerza-en-intencion-de-voto\/#more-1336\" aria-label=\"M\u00e1s en EL PROGRESISMO en el\u00a0 EXTERIOR\u00a0 ganar\u00eda las Elecciones Auton\u00f3micas y Generales con PODEMOS como segunda fuerza en intenci\u00f3n de VOTO.\">Leer m\u00e1s<\/a><\/p>\n","protected":false},"author":222560522,"featured_media":0,"comment_status":"open","ping_status":"open","sticky":false,"template":"","format":"standard","meta":{"footnotes":""},"categories":[1771],"tags":[],"class_list":["post-1336","post","type-post","status-publish","format-standard","hentry","category-sociales"],"_links":{"self":[{"href":"https:\/\/xn--tuvozdiasporaespaola-k7b.com\/page\/2\/wp-json\/wp\/v2\/posts\/1336","targetHints":{"allow":["GET"]}}],"collection":[{"href":"https:\/\/xn--tuvozdiasporaespaola-k7b.com\/page\/2\/wp-json\/wp\/v2\/posts"}],"about":[{"href":"https:\/\/xn--tuvozdiasporaespaola-k7b.com\/page\/2\/wp-json\/wp\/v2\/types\/post"}],"author":[{"embeddable":true,"href":"https:\/\/xn--tuvozdiasporaespaola-k7b.com\/page\/2\/wp-json\/wp\/v2\/users\/222560522"}],"replies":[{"embeddable":true,"href":"https:\/\/xn--tuvozdiasporaespaola-k7b.com\/page\/2\/wp-json\/wp\/v2\/comments?post=1336"}],"version-history":[{"count":0,"href":"https:\/\/xn--tuvozdiasporaespaola-k7b.com\/page\/2\/wp-json\/wp\/v2\/posts\/1336\/revisions"}],"wp:attachment":[{"href":"https:\/\/xn--tuvozdiasporaespaola-k7b.com\/page\/2\/wp-json\/wp\/v2\/media?parent=1336"}],"wp:term":[{"taxonomy":"category","embeddable":true,"href":"https:\/\/xn--tuvozdiasporaespaola-k7b.com\/page\/2\/wp-json\/wp\/v2\/categories?post=1336"},{"taxonomy":"post_tag","embeddable":true,"href":"https:\/\/xn--tuvozdiasporaespaola-k7b.com\/page\/2\/wp-json\/wp\/v2\/tags?post=1336"}],"curies":[{"name":"wp","href":"https:\/\/api.w.org\/{rel}","templated":true}]}}