{"id":13354,"date":"2026-05-01T18:44:16","date_gmt":"2026-05-01T21:44:16","guid":{"rendered":"https:\/\/xn--tuvozdiasporaespaola-k7b.com\/page\/2\/?p=13354"},"modified":"2026-05-01T18:44:17","modified_gmt":"2026-05-01T21:44:17","slug":"la-seguridad-social-supera-en-espana-supera-los-221-millones-de-afiliados","status":"publish","type":"post","link":"https:\/\/xn--tuvozdiasporaespaola-k7b.com\/page\/2\/la-seguridad-social-supera-en-espana-supera-los-221-millones-de-afiliados\/","title":{"rendered":"La Seguridad Social supera en Espa\u00f1a supera  los 22,1 millones de afiliados."},"content":{"rendered":"\n<p>Comunicado , ministerio de Inclusi\u00f3n, Seguridad Social y Migraciones.  <\/p>\n\n\n\n<p>La Seguridad Social supera en su serie diaria los 22,1 millones de afiliados a mitad de abril Acumula un incremento de 242.000 en la primera quincena del mes de abril de 2026 en los registros diarios y se sit\u00faa en los 22.103.509 afiliados.La afiliaci\u00f3n a la Seguridad Social sigue en m\u00e1ximos hist\u00f3ricos, al superar los 22,1 millones de ocupados a mitad de este mes en sus registros diarios. <\/p>\n\n\n\n<p>En concreto, el d\u00eda 15 de abril de 2026 esta serie se situ\u00f3 en los 22.103.509 afiliados, que suponen 242.954 m\u00e1s que a finales de marzo y 490.733 m\u00e1s que un a\u00f1o antes.La ministra de Inclusi\u00f3n, Seguridad Social y Migraciones, Elma Saiz: \u00abEl dinamismo de nuestro mercado de trabajo es a\u00fan mayor al inicio de abril, cuando hemos batido un r\u00e9cord sin precedentes al alcanzar los m\u00e1s de 22,1 millones de afiliados en la serie diaria\u00bb.<\/p>\n\n\n\n<p>Si se analizan los datos en t\u00e9rminos desestacionalizados -una vez descontada la estacionalidad y el efecto calendario-, la afiliaci\u00f3n registra un aumento de 50.989 en las dos \u00faltimas quincenas y alcanza los 22.023.984 afiliados. <\/p>\n\n\n\n<p>En comparaci\u00f3n con un a\u00f1o antes, la afiliaci\u00f3n ha crecido en 519.226 ocupados.Seg\u00fan los \u00faltimos datos, el n\u00famero total de afiliados ha aumentado en 1.183.580 personas en la serie ajustada desde diciembre de 2023 y en 1.736.088 desde diciembre de 2022, antes de la entrada en vigor de la reforma laboral.<\/p>\n\n\n\n<figure class=\"wp-block-image size-large\"><img fetchpriority=\"high\" decoding=\"async\" width=\"1024\" height=\"683\" src=\"https:\/\/xn--tuvozdiasporaespaola-k7b.com\/wp-content\/uploads\/2026\/05\/1000866500-1024x683.jpg\" alt=\"\" class=\"wp-image-13355\" srcset=\"https:\/\/xn--tuvozdiasporaespaola-k7b.com\/wp-content\/uploads\/2026\/05\/1000866500-1024x683.jpg 1024w, https:\/\/xn--tuvozdiasporaespaola-k7b.com\/wp-content\/uploads\/2026\/05\/1000866500-300x200.jpg 300w, https:\/\/xn--tuvozdiasporaespaola-k7b.com\/wp-content\/uploads\/2026\/05\/1000866500-768x512.jpg 768w, https:\/\/xn--tuvozdiasporaespaola-k7b.com\/wp-content\/uploads\/2026\/05\/1000866500.jpg 1200w\" sizes=\"(max-width: 1024px) 100vw, 1024px\" \/><\/figure>\n\n\n\n<figure class=\"wp-block-image size-large\"><img decoding=\"async\" width=\"1024\" height=\"683\" src=\"https:\/\/xn--tuvozdiasporaespaola-k7b.com\/wp-content\/uploads\/2026\/05\/1000866502-1024x683.jpg\" alt=\"\" class=\"wp-image-13356\" srcset=\"https:\/\/xn--tuvozdiasporaespaola-k7b.com\/wp-content\/uploads\/2026\/05\/1000866502-1024x683.jpg 1024w, https:\/\/xn--tuvozdiasporaespaola-k7b.com\/wp-content\/uploads\/2026\/05\/1000866502-300x200.jpg 300w, https:\/\/xn--tuvozdiasporaespaola-k7b.com\/wp-content\/uploads\/2026\/05\/1000866502-768x512.jpg 768w, https:\/\/xn--tuvozdiasporaespaola-k7b.com\/wp-content\/uploads\/2026\/05\/1000866502.jpg 1200w\" sizes=\"(max-width: 1024px) 100vw, 1024px\" \/><\/figure>\n","protected":false},"excerpt":{"rendered":"<p>Comunicado , ministerio de Inclusi\u00f3n, Seguridad Social y Migraciones. La Seguridad Social supera en su serie diaria los 22,1 millones de afiliados a mitad &#8230; <\/p>\n<p class=\"read-more-container\"><a title=\"La Seguridad Social supera en Espa\u00f1a supera  los 22,1 millones de afiliados.\" class=\"read-more button\" href=\"https:\/\/xn--tuvozdiasporaespaola-k7b.com\/page\/2\/la-seguridad-social-supera-en-espana-supera-los-221-millones-de-afiliados\/#more-13354\" aria-label=\"M\u00e1s en La Seguridad Social supera en Espa\u00f1a supera  los 22,1 millones de afiliados.\">Leer m\u00e1s<\/a><\/p>\n","protected":false},"author":222560522,"featured_media":13358,"comment_status":"closed","ping_status":"open","sticky":false,"template":"","format":"standard","meta":{"footnotes":""},"categories":[121901],"tags":[],"class_list":["post-13354","post","type-post","status-publish","format-standard","has-post-thumbnail","hentry","category-espana","resize-featured-image"],"_links":{"self":[{"href":"https:\/\/xn--tuvozdiasporaespaola-k7b.com\/page\/2\/wp-json\/wp\/v2\/posts\/13354","targetHints":{"allow":["GET"]}}],"collection":[{"href":"https:\/\/xn--tuvozdiasporaespaola-k7b.com\/page\/2\/wp-json\/wp\/v2\/posts"}],"about":[{"href":"https:\/\/xn--tuvozdiasporaespaola-k7b.com\/page\/2\/wp-json\/wp\/v2\/types\/post"}],"author":[{"embeddable":true,"href":"https:\/\/xn--tuvozdiasporaespaola-k7b.com\/page\/2\/wp-json\/wp\/v2\/users\/222560522"}],"replies":[{"embeddable":true,"href":"https:\/\/xn--tuvozdiasporaespaola-k7b.com\/page\/2\/wp-json\/wp\/v2\/comments?post=13354"}],"version-history":[{"count":2,"href":"https:\/\/xn--tuvozdiasporaespaola-k7b.com\/page\/2\/wp-json\/wp\/v2\/posts\/13354\/revisions"}],"predecessor-version":[{"id":13359,"href":"https:\/\/xn--tuvozdiasporaespaola-k7b.com\/page\/2\/wp-json\/wp\/v2\/posts\/13354\/revisions\/13359"}],"wp:featuredmedia":[{"embeddable":true,"href":"https:\/\/xn--tuvozdiasporaespaola-k7b.com\/page\/2\/wp-json\/wp\/v2\/media\/13358"}],"wp:attachment":[{"href":"https:\/\/xn--tuvozdiasporaespaola-k7b.com\/page\/2\/wp-json\/wp\/v2\/media?parent=13354"}],"wp:term":[{"taxonomy":"category","embeddable":true,"href":"https:\/\/xn--tuvozdiasporaespaola-k7b.com\/page\/2\/wp-json\/wp\/v2\/categories?post=13354"},{"taxonomy":"post_tag","embeddable":true,"href":"https:\/\/xn--tuvozdiasporaespaola-k7b.com\/page\/2\/wp-json\/wp\/v2\/tags?post=13354"}],"curies":[{"name":"wp","href":"https:\/\/api.w.org\/{rel}","templated":true}]}}