{"id":13350,"date":"2026-05-01T14:27:09","date_gmt":"2026-05-01T17:27:09","guid":{"rendered":"https:\/\/xn--tuvozdiasporaespaola-k7b.com\/page\/2\/?p=13350"},"modified":"2026-05-01T14:27:10","modified_gmt":"2026-05-01T17:27:10","slug":"primero-de-mayo-1886-2026-a-140-anos-la-emancipacion-del-proletariado-aun-es-tarea-inconclusa","status":"publish","type":"post","link":"https:\/\/xn--tuvozdiasporaespaola-k7b.com\/page\/2\/primero-de-mayo-1886-2026-a-140-anos-la-emancipacion-del-proletariado-aun-es-tarea-inconclusa\/","title":{"rendered":"PRIMERO DE MAYO (1886-2026) A 140 A\u00d1OS LA EMANCIPACI\u00d3N DEL PROLETARIADO AUN ES TAREA INCONCLUSA"},"content":{"rendered":"\n<p>Patricio A. Brodsky , Argentina <\/p>\n\n\n\n<p>\u00ab<em>La sociedad actual s\u00f3lo vive por medio de la represi\u00f3n, y nosotros hemos aconsejado una revoluci\u00f3n social de los trabajadores contra este sistema de fuerza. Si voy a ser ahorcado por mis ideas anarquistas, est\u00e1 bien: m\u00e1tenme<\/em>\u00bb Albert Parsons<\/p>\n\n\n\n<p>Una vez m\u00e1s estamos en la v\u00edspera del 1\u00b0 de Mayo, un d\u00eda con un profundo significado proletario e internacionalista. Un d\u00eda que asume, tal vez, como ning\u00fan otro, la representaci\u00f3n universal de la lucha del proletariado por la emancipaci\u00f3n de la humanidad de la atroz opresi\u00f3n de clases.<\/p>\n\n\n\n<p>El 1\u00b0 de Mayo en t\u00e9rminos de Pierre Nora es un \u201cLieux de Memoire\u201d del proletariado revolucionario a escala internacional, Es un d\u00eda para movilizarse y para recordar que las luchas por los derechos de los trabajadores, tienen una larga historia de m\u00e1rtires y que debemos desterrar la naturalizaci\u00f3n que las sociedades capitalistas construyen de esa historia intentando construir la idea que los derechos de los trabajadores, la legislaci\u00f3n laboral, etc., son un \u201cderecho adquirido\u201d y que no provienen de la lucha sino de la negociaci\u00f3n.<\/p>\n\n\n\n<p>Historizando debemos afirmar que cada \u201cderecho adquirido\u201d no fue fruto del consenso entre la burgues\u00eda y los trabajadores, ni fue una \u201cd\u00e1diva\u201d otorgada por un dirigente, sino que, por el contrario, muy lejos de ser producto del consenso todos y cada uno de los derechos conquistado por los trabajadores en general, y la clase obrera en particular, fue alcanzado mediante la lucha de clases, enfrentando la violencia de clase expresada por el \u201cbrazo armado\u201d del estado mayor de la Dictadura Burguesa y que gener\u00f3 (y sigue generando) m\u00e1rtires de la lucha por el socialismo.<\/p>\n\n\n\n<p>De hecho, lo que conmemoramos el D\u00eda Internacional de los Trabajadores es la martirizaci\u00f3n, por parte de la burgues\u00eda yanqui encarnada en su estado, de 8 trabajadores anarquistas procesados y condenados 5 a muerte y 3 a reclusi\u00f3n por luchar por la jornada laboral de 8 horas.<\/p>\n\n\n\n<p>Los tres condenados a prisi\u00f3n fueron: <\/p>\n\n\n\n<p>.-Samuel Fielden (ingl\u00e9s, 39 a\u00f1os, pastor metodista y obrero textil, condenado a cadena perpetua).-Oscar Neebe (estadounidense, 36 a\u00f1os, vendedor, condenado a quince a\u00f1os de trabajos forzados).- Michael Schwab (alem\u00e1n, 33 a\u00f1os, tip\u00f3grafo, condenado a cadena perpetua).<\/p>\n\n\n\n<p>Los cinco condenados a muerte:- George Engel (alem\u00e1n, 50 a\u00f1os, tip\u00f3grafo).- Adolph Fischer (alem\u00e1n, 30 a\u00f1os, periodista):- Albert Parsons (estadounidense, 39 a\u00f1os, periodista, esposo de la mexicana Lucy Gonz\u00e1lez Parsons, aunque se prob\u00f3 que no estuvo presente en el lugar, se entreg\u00f3 para estar con sus compa\u00f1eros y fue juzgado igualmente):- August Vincent Theodore Spies (alem\u00e1n, 31 a\u00f1os, periodista):- Louis Lingg (alem\u00e1n, 22 a\u00f1os, carpintero), para no ser ejecutado se suicid\u00f3 en su propia celda-<\/p>\n\n\n\n<p>Por esas coincidencias del destino, Jos\u00e9 Mart\u00ed que en ese momento era corresponsal del Diario La Naci\u00f3n de la Ciudad de Buenos Aires cubri\u00f3 la ejecuci\u00f3n de los M\u00e1rtires (como hab\u00eda cubierto tres a\u00f1os antes la muerte de Karl Marx) al respecto escribi\u00f3&#8230;. salen de sus celdas.<\/p>\n\n\n\n<p> Se dan la mano, sonr\u00eden. Les leen la sentencia, les sujetan las manos por la espalda con esposas, les ci\u00f1en los brazos al cuerpo con una faja de cuero y les ponen una mortaja blanca como la t\u00fanica de los catec\u00famenos cristianos. Abajo est\u00e1 la concurrencia, sentada en hilera de sillas delante del cadalso como en un teatro&#8230; Firmeza en el rostro de Fischer, plegaria en el de Spies, orgullo en el del Parsons, Engel hace un chiste a prop\u00f3sito de su capucha, Spies grita: \u00abLa voz que vais a sofocar ser\u00e1 m\u00e1s poderosa en el futuro que cuantas palabras pudiera yo decir ahora\u00bb. <\/p>\n\n\n\n<p>Les bajan las capuchas, luego una se\u00f1a, un ruido, la trampa cede, los cuatro cuerpos caen y se balancean en una danza espantable&#8230; Jos\u00e9 Mart\u00edEs necesario recordar ahora que las leyes que protegen a los trabajadores est\u00e1n escritas con la sangre de los m\u00e1rtires, pero que hoy existan no significa que sean eternas, como son producto de la lucha de clases cuando la correlaci\u00f3n de fuerzas est\u00e1 en manos del enemigo este opta por agudizar las contradicciones para en la disputa por el excedente, las leyes laborales limitan la extracci\u00f3n de plusval\u00eda tanto absoluta como relativa (limitando las horas de trabajo y descanso, el monto del salario diferido \u2013jubilaciones-, condiciones de trabajo, etc.<\/p>\n\n\n\n<p>No es redundante aqu\u00ed recordar que la disputa por las condiciones laborales es parte de la lucha de clases en el terreno del sistema pol\u00edtico y que la violencia y la sa\u00f1a del sistema tiene como trasfondo la defensa de los intereses materiales de las clases dominantes.<\/p>\n\n\n\n<p>La iniciativa en la acci\u00f3n pol\u00edtica por parte de Milei expresada en el Decreto de Necesidad y Urgencia (DNU 70\/2023) y en la Ley De Bases y Puntos De Partida Para La Libertad De Los Argentinos (Ley 27742 de 2024) junto a otras medidas secundarias, dan cuenta de una ofensiva del capital sobre el trabajo, ofensiva que tiene a expresar la real correlaci\u00f3n de fuerzas que existe hoy en la relaci\u00f3n capital\/trabajo, sin que las burocr\u00e1ticas conducciones de las centrales obreras proponga medidas de fuerza destinadas a frenar, revertir o ensayar una contraofensiva por parte de la clase obrera creando.<\/p>\n\n\n\n<p>As\u00ed, el primero de mayo, para los traidores y burocratizados representantes de la patronal que simulan ser dirigentes de trabajadores, el 1\u00b0 de Mayo no se ha tornado, en t\u00e9rminos que plantea Tzvetan Todoroff, en memoria ejemplar, sino que se queda en el orden de la \u201cmemoria literal\u201d, aquella de la que no se pueden extraer concusiones generales que sirvan para la acumulaci\u00f3n pol\u00edtica, por eso vemos intentos de convertir al 1\u00b0 de mayo en un \u201cferiado de descanso\u201d, vac\u00edo de contenido y negando su profundo contenido de identidad emancipadora, revolucionario y anticapitalista.<\/p>\n\n\n\n<p>Viva el Primero de Mayo, D\u00eda Internacional de los TrabajadoresVivan los M\u00e1rtires de ChicagoViva la lucha del Proletariado por su emancipaci\u00f3nViva el SocialismoSocialismo o Barbarie<\/p>\n","protected":false},"excerpt":{"rendered":"<p>Patricio A. Brodsky , Argentina \u00abLa sociedad actual s\u00f3lo vive por medio de la represi\u00f3n, y nosotros hemos aconsejado una revoluci\u00f3n social de los &#8230; <\/p>\n<p class=\"read-more-container\"><a title=\"PRIMERO DE MAYO (1886-2026) A 140 A\u00d1OS LA EMANCIPACI\u00d3N DEL PROLETARIADO AUN ES TAREA INCONCLUSA\" class=\"read-more button\" href=\"https:\/\/xn--tuvozdiasporaespaola-k7b.com\/page\/2\/primero-de-mayo-1886-2026-a-140-anos-la-emancipacion-del-proletariado-aun-es-tarea-inconclusa\/#more-13350\" aria-label=\"M\u00e1s en PRIMERO DE MAYO (1886-2026) A 140 A\u00d1OS LA EMANCIPACI\u00d3N DEL PROLETARIADO AUN ES TAREA INCONCLUSA\">Leer m\u00e1s<\/a><\/p>\n","protected":false},"author":222560522,"featured_media":13352,"comment_status":"closed","ping_status":"open","sticky":false,"template":"","format":"standard","meta":{"footnotes":""},"categories":[121850],"tags":[],"class_list":["post-13350","post","type-post","status-publish","format-standard","has-post-thumbnail","hentry","category-politica","resize-featured-image"],"_links":{"self":[{"href":"https:\/\/xn--tuvozdiasporaespaola-k7b.com\/page\/2\/wp-json\/wp\/v2\/posts\/13350","targetHints":{"allow":["GET"]}}],"collection":[{"href":"https:\/\/xn--tuvozdiasporaespaola-k7b.com\/page\/2\/wp-json\/wp\/v2\/posts"}],"about":[{"href":"https:\/\/xn--tuvozdiasporaespaola-k7b.com\/page\/2\/wp-json\/wp\/v2\/types\/post"}],"author":[{"embeddable":true,"href":"https:\/\/xn--tuvozdiasporaespaola-k7b.com\/page\/2\/wp-json\/wp\/v2\/users\/222560522"}],"replies":[{"embeddable":true,"href":"https:\/\/xn--tuvozdiasporaespaola-k7b.com\/page\/2\/wp-json\/wp\/v2\/comments?post=13350"}],"version-history":[{"count":2,"href":"https:\/\/xn--tuvozdiasporaespaola-k7b.com\/page\/2\/wp-json\/wp\/v2\/posts\/13350\/revisions"}],"predecessor-version":[{"id":13353,"href":"https:\/\/xn--tuvozdiasporaespaola-k7b.com\/page\/2\/wp-json\/wp\/v2\/posts\/13350\/revisions\/13353"}],"wp:featuredmedia":[{"embeddable":true,"href":"https:\/\/xn--tuvozdiasporaespaola-k7b.com\/page\/2\/wp-json\/wp\/v2\/media\/13352"}],"wp:attachment":[{"href":"https:\/\/xn--tuvozdiasporaespaola-k7b.com\/page\/2\/wp-json\/wp\/v2\/media?parent=13350"}],"wp:term":[{"taxonomy":"category","embeddable":true,"href":"https:\/\/xn--tuvozdiasporaespaola-k7b.com\/page\/2\/wp-json\/wp\/v2\/categories?post=13350"},{"taxonomy":"post_tag","embeddable":true,"href":"https:\/\/xn--tuvozdiasporaespaola-k7b.com\/page\/2\/wp-json\/wp\/v2\/tags?post=13350"}],"curies":[{"name":"wp","href":"https:\/\/api.w.org\/{rel}","templated":true}]}}