{"id":13346,"date":"2026-05-01T11:11:35","date_gmt":"2026-05-01T14:11:35","guid":{"rendered":"https:\/\/xn--tuvozdiasporaespaola-k7b.com\/page\/2\/?p=13346"},"modified":"2026-05-01T11:13:16","modified_gmt":"2026-05-01T14:13:16","slug":"feliz-dia-del-trabajador","status":"publish","type":"post","link":"https:\/\/xn--tuvozdiasporaespaola-k7b.com\/page\/2\/feliz-dia-del-trabajador\/","title":{"rendered":"\u00bfFELIZ DIA DEL TRABAJADOR?"},"content":{"rendered":"\n<p>Por: Martha P\u00e9rez, desde Rep\u00fablica Dominicana <\/p>\n\n\n\n<p>Con la frase del t\u00edtulo entre signos de admiraci\u00f3n suelen saludarse muchas personas cada primero de mayo, D\u00eda Internacional del Trabajador, como si se tratara de una fecha festiva solo para celebrar entre quienes venden su fuerza de trabajo al gran capital. <\/p>\n\n\n\n<p>\u00a1No!, en este d\u00eda los trabajadores sindicalizados o no pudieran celebrar conquistas, pero deben seguir luchando por demandas ante un sector empleador que parece desconocer el valor humano, profesional y ocupacional de quienes aportan d\u00eda a d\u00eda, en cualquier horario, a la productividad para el desarrollo de las naciones. <\/p>\n\n\n\n<p>La situaci\u00f3n es casi la misma en todo el mundo. En varios pa\u00edses la fecha es festiva y no laborable; se desarrollan diversas manifestaciones masivas entre demandas reivindicativas, denuncias, apolog\u00edas, etc, <\/p>\n\n\n\n<p>No puede ser feliz este d\u00eda que tuvo su origen en la sangrienta represi\u00f3n que sufrieron los obreros de la f\u00e1brica McCormick durante varios d\u00edas de abril y mayo de1886 en la ciudad de Chicago, Estados Unidos, en demanda de la jornada laboral de 8 horas, contra las 18 a que estaban sometidos. <\/p>\n\n\n\n<p>Hoy, a esos obreros que sumaron la adhesi\u00f3n de todo el pa\u00eds, logrando finalmente que el sector patronal, a fuerza, sangre y muerte, cediera a su clamor, se les honra como los \u201cM\u00e1rtires de Chicago\u201d. En 1919, la primera conferencia de la reci\u00e9n constituida Organizaci\u00f3n Internacional del Trabajo, OIT, propuso la adopci\u00f3n universal de la jornada de ocho horas y 48 semanal. Desde entonces es un derecho. <\/p>\n\n\n\n<p>En el caso de los trabajadores en Rep\u00fablica Dominicana, no puede ser \u201cfeliz d\u00eda\u201d. <\/p>\n\n\n\n<p>No puede ser feliz este d\u00eda en que la propia OIT reconoce que ha bajado significativamente la existencia de sindicatos en el mundo. En nuestro pa\u00eds, el Ministerio de Trabajo tiene registrados 3,973 sindicatos, de los cuales m\u00e1s del 30% es de transporte y el 61,3% est\u00e1 inactivo. <\/p>\n\n\n\n<p>No puede ser feliz este d\u00eda si el sector empleador niega el derecho a la libre afiliaci\u00f3n y sindicalizaci\u00f3n de sus trabajadores; No puede ser feliz este d\u00eda si no hay garant\u00edas de trabajos dignos, estables y con protecci\u00f3n, m\u00e1s all\u00e1 de anunciar creaci\u00f3n de empleosNo puede ser feliz este d\u00eda sin un buen manejo de los accidentes laborales; No puede sr feliz este d\u00eda si no se verifica con efectividad la unidad del sector sindical y empleador para reflexionar acerca de los derechos laborales, las condiciones dignas de trabajo, la justeza de los contratos, los conflictos; No puede ser feliz este d\u00eda si los trabajadores se enfrentan a un salario por debajo del valor de la canasta familiar subiendo cada d\u00eda, sobre todo por el impacto de la crisis internacional \u201ccuasi negado\u201d inicialmente por las autoridades;No puede ser feliz este d\u00eda si las riquezas que producen los trabajadores no se redistribuyen; No puede ser feliz este d\u00eda si el Estado no act\u00faa como garante de la calidad del empleo a los trabajadores, convertido en administrador de deudas, interna y externa;No puede ser feliz este d\u00eda si los trabajadores no perciben igual salario por igual labor, sobre todo entre hombres y mujeres, teniendo \u00e9stas la carga del hogar y la familia como trabajo no remunerado;No puede ser feliz este d\u00eda si los trabajadores est\u00e1n desamparados en cuanto a la Ley 87-01 del Sistema Dominicano de Seguridad Social;Y, para colmo, se enfrentan a una dilatada revisi\u00f3n de la reforma al C\u00f3digo Laboral, paralizada por matices interesados con un derecho ineludible de los trabajadores, como es la cesant\u00eda laboral. En este contexto de la realidad de los trabajadores del mundo, de los trabajadores en Rep\u00fablica Dominicana, m\u00e1s que \u00a1Feliz D\u00eda del Trabajador!, lo que corresponde es repetir aquella frase: \u00a1Trabajadores del mundo, un\u00edos! Mayo 1, de 2026. <\/p>\n\n\n\n<p><\/p>\n","protected":false},"excerpt":{"rendered":"<p>Por: Martha P\u00e9rez, desde Rep\u00fablica Dominicana Con la frase del t\u00edtulo entre signos de admiraci\u00f3n suelen saludarse muchas personas cada primero de mayo, D\u00eda &#8230; <\/p>\n<p class=\"read-more-container\"><a title=\"\u00bfFELIZ DIA DEL TRABAJADOR?\" class=\"read-more button\" href=\"https:\/\/xn--tuvozdiasporaespaola-k7b.com\/page\/2\/feliz-dia-del-trabajador\/#more-13346\" aria-label=\"M\u00e1s en \u00bfFELIZ DIA DEL TRABAJADOR?\">Leer m\u00e1s<\/a><\/p>\n","protected":false},"author":222560522,"featured_media":13349,"comment_status":"closed","ping_status":"open","sticky":false,"template":"","format":"standard","meta":{"footnotes":""},"categories":[121850],"tags":[],"class_list":["post-13346","post","type-post","status-publish","format-standard","has-post-thumbnail","hentry","category-politica","resize-featured-image"],"_links":{"self":[{"href":"https:\/\/xn--tuvozdiasporaespaola-k7b.com\/page\/2\/wp-json\/wp\/v2\/posts\/13346","targetHints":{"allow":["GET"]}}],"collection":[{"href":"https:\/\/xn--tuvozdiasporaespaola-k7b.com\/page\/2\/wp-json\/wp\/v2\/posts"}],"about":[{"href":"https:\/\/xn--tuvozdiasporaespaola-k7b.com\/page\/2\/wp-json\/wp\/v2\/types\/post"}],"author":[{"embeddable":true,"href":"https:\/\/xn--tuvozdiasporaespaola-k7b.com\/page\/2\/wp-json\/wp\/v2\/users\/222560522"}],"replies":[{"embeddable":true,"href":"https:\/\/xn--tuvozdiasporaespaola-k7b.com\/page\/2\/wp-json\/wp\/v2\/comments?post=13346"}],"version-history":[{"count":1,"href":"https:\/\/xn--tuvozdiasporaespaola-k7b.com\/page\/2\/wp-json\/wp\/v2\/posts\/13346\/revisions"}],"predecessor-version":[{"id":13348,"href":"https:\/\/xn--tuvozdiasporaespaola-k7b.com\/page\/2\/wp-json\/wp\/v2\/posts\/13346\/revisions\/13348"}],"wp:featuredmedia":[{"embeddable":true,"href":"https:\/\/xn--tuvozdiasporaespaola-k7b.com\/page\/2\/wp-json\/wp\/v2\/media\/13349"}],"wp:attachment":[{"href":"https:\/\/xn--tuvozdiasporaespaola-k7b.com\/page\/2\/wp-json\/wp\/v2\/media?parent=13346"}],"wp:term":[{"taxonomy":"category","embeddable":true,"href":"https:\/\/xn--tuvozdiasporaespaola-k7b.com\/page\/2\/wp-json\/wp\/v2\/categories?post=13346"},{"taxonomy":"post_tag","embeddable":true,"href":"https:\/\/xn--tuvozdiasporaespaola-k7b.com\/page\/2\/wp-json\/wp\/v2\/tags?post=13346"}],"curies":[{"name":"wp","href":"https:\/\/api.w.org\/{rel}","templated":true}]}}