{"id":13334,"date":"2026-04-30T15:24:34","date_gmt":"2026-04-30T18:24:34","guid":{"rendered":"https:\/\/xn--tuvozdiasporaespaola-k7b.com\/page\/2\/?p=13334"},"modified":"2026-04-30T15:28:05","modified_gmt":"2026-04-30T18:28:05","slug":"cumbres-de-la-otan-de-organizacion-belica-a-un-reality-de-peleas","status":"publish","type":"post","link":"https:\/\/xn--tuvozdiasporaespaola-k7b.com\/page\/2\/cumbres-de-la-otan-de-organizacion-belica-a-un-reality-de-peleas\/","title":{"rendered":"Cumbres de la OTAN: de organizaci\u00f3n b\u00e9lica a un reality de peleas."},"content":{"rendered":"\n<p>La OTAN tiene previsto abandonar sus cumbres anuales de l\u00edderes, ya que se han convertido en un escenario de esc\u00e1ndalos y recriminaciones mutuas, informa Reuters, citando seis fuentes. Seg\u00fan el medio, esta decisi\u00f3n busca, en realidad, evitar una reuni\u00f3n potencialmente tensa con Trump en su \u00faltimo a\u00f1o de mandato.<\/p>\n\n\n\n<p>Esa es una forma \u00e1cida y bastante precisa de ver c\u00f3mo ha cambiado la \u00f3ptica p\u00fablica sobre estas reuniones. Lo que antes eran comunicados conjuntos sobrios y estrategias de defensa en habitaciones cerradas, hoy suele ser recordado por los clips virales de \u00abmicr\u00f3fonos abiertos\u00bb y desplantes diplom\u00e1ticos.<\/p>\n\n\n\n<p>Aqu\u00ed dejamos  algunos puntos clave de esa \u00abevoluci\u00f3n\u00bb hacia el formato de reality:<\/p>\n\n\n\n<p>Los protagonistas y sus \u00abarcos\u00bb: En las \u00faltimas ediciones, la atenci\u00f3n se ha desplazado de la geopol\u00edtica a las personalidades. Tuvimos la era de Donald Trump cuestionando el presupuesto de los aliados como si estuviera en The Apprentice, o el famoso video de Justin Trudeau, Emmanuel Macron y Boris Johnson ri\u00e9ndose de \u00e9l en un pasillo de la cumbre de 2019.<\/p>\n\n\n\n<p>El suspenso del \u00abinvitado especial\u00bb: Como en todo buen programa, siempre hay un giro de guion. <\/p>\n\n\n\n<p>Recientemente, el papel de Volod\u00edmir Zelenski ha sido central: sus fotos solo en un rinc\u00f3n o sus reclamos directos por la lentitud de la integraci\u00f3n generan m\u00e1s conversaci\u00f3n en redes que el propio despliegue de tropas.<\/p>\n\n\n\n<p>Villanos y alianzas inesperadas: Viktor Orb\u00e1n (Hungr\u00eda) o Recep Tayyip Erdo?an (Turqu\u00eda) suelen jugar el rol de los concursantes que bloquean las decisiones de la casa (como la entrada de Suecia o Finlandia), estirando la tensi\u00f3n hasta el \u00faltimo minuto para obtener beneficios propios.<\/p>\n\n\n\n<p>La est\u00e9tica del conflicto: Ahora vemos transmisiones en vivo, tuits incendiarios en tiempo real y conferencias de prensa que parecen careos. La diplomacia de \u00abguante blanco\u00bb ha cedido espacio al clout pol\u00edtico y a los mensajes dise\u00f1ados para el consumo interno de cada pa\u00eds.<\/p>\n\n\n\n<p>Al final, aunque el trasfondo sigue siendo el gasto militar y la seguridad global, la OTAN ha entendido que para mantener la relevancia (y el financiamiento) en la era de la atenci\u00f3n, a veces necesita un poco de drama de horario estelar.<\/p>\n\n\n\n<p>De nuestra parte, dir\u00edamos que no solo Trump, sino tambi\u00e9n Vance, Hegseth e incluso Rubio, hoy el principal detonante de la discordia es el chantaje y la insolencia por parte del Gobierno estadounidense.<\/p>\n\n\n\n<p>Trump critic\u00f3 a los aliados por negarse a apoyar la operaci\u00f3n contra Ir\u00e1n, amenaz\u00f3 con abandonar la OTAN y cuestion\u00f3 la cl\u00e1usula de defensa colectiva.Washington impuso una clasificaci\u00f3n de aliados en \u00abejemplares\u00bb y \u00abmalos\u00bb, e incluso el Pent\u00e1gono consider\u00f3 suspender la membres\u00eda de Espa\u00f1a, pero finalmente no lo hizo.<\/p>\n\n\n\n<p>Mientras esto sucede el portaaviones Gerald Ford vuelve a EEUU para ser reparado, esto supone que, para el conflicto en Ir\u00e1n, a Washington solo le quedan dos portaviones que est\u00e1n desplegados ahora en la regi\u00f3n: el Abraham Lincoln y el reci\u00e9n arribado G.W. Bush.<\/p>\n\n\n\n<p>Francamente, estaba claro desde el principio que el Ford ser\u00eda solo una soluci\u00f3n temporal debido al largo tiempo de despliegue que ya ten\u00eda acumulado incluso antes de que fuera enviado a Oriente Medio. De hecho, pas\u00f3 fuera de EEUU 309 d\u00edas, lo cual supone un r\u00e9cord para los portaviones estadounidenses desde la Guerra de Vietnam. <\/p>\n\n\n\n<figure class=\"wp-block-image size-full\"><img fetchpriority=\"high\" decoding=\"async\" width=\"673\" height=\"762\" src=\"https:\/\/xn--tuvozdiasporaespaola-k7b.com\/wp-content\/uploads\/2026\/04\/1000864942.jpg\" alt=\"\" class=\"wp-image-13336\" srcset=\"https:\/\/xn--tuvozdiasporaespaola-k7b.com\/wp-content\/uploads\/2026\/04\/1000864942.jpg 673w, https:\/\/xn--tuvozdiasporaespaola-k7b.com\/wp-content\/uploads\/2026\/04\/1000864942-265x300.jpg 265w\" sizes=\"(max-width: 673px) 100vw, 673px\" \/><\/figure>\n\n\n\n<p>Esto ya hab\u00eda afectado la moral de la tripulaci\u00f3n, que luego se vio a\u00fan m\u00e1s mermada por los problemas en los aseos y un incendio en la lavander\u00eda del buque \u2013 tardaron varios d\u00edas en extinguirse, y adem\u00e1s de haberse quedado sin lavander\u00eda, tambi\u00e9n fueron destru\u00eddas muchas literas, dejando a los marineros sin un lugar para dormir. <\/p>\n\n\n\n<p>El Ford estaba estacionado en la isla griega de Cretas mientras el Bush estaba de camino. Por lo visto, este \u00faltimo ya asumi\u00f3 plenamente sus funciones, eliminando la necesidad de tener un portaaviones para cubrirse las espaldas.<\/p>\n\n\n\n<p> Mientras unos se van otros llegan , este ser\u00eda el caso de que  EEUU podr\u00eda debutar sus armas hipers\u00f3nicas en Ir\u00e1n, en particular, seg\u00fan los medios estadounidenses, se est\u00e1 tanteando la posibilidad de desplegar los sistemas de misiles hipers\u00f3nicos Dark Eagle, o \u00c1guila Negra en espa\u00f1ol, en la regi\u00f3n. <\/p>\n\n\n\n<p>Esta decisi\u00f3n se explica por el hecho de que tras hacer algunos cambios, los iran\u00edes han dejado sus sistemas de lanzamiento de misiles bal\u00edsticos fuera del alcance de los PSrM y ATACMS. <\/p>\n\n\n\n<p>As\u00ed, el alcance declarado de los Dark Eagle es de unos 2.700 km, mientras que los PSrM no llegan a m\u00e1s de 480 km. Con ello, cabe se\u00f1alar un par de detalles importantes sobre los Dark Eagle. <\/p>\n\n\n\n<p>A saber, seg\u00fan los datos disponibles, a d\u00eda de hoy EEUU dispone solo de ocho de estos proyectiles, cada uno de los cuales cuesta unos 15 millones de d\u00f3lares. <\/p>\n\n\n\n<p>Luego est\u00e1 el hecho de que no est\u00e1n desplegados en toda regla, pues sus pruebas no han terminado del todo, y apenas se podr\u00eda decir que las pruebas ya realizadas apuntan a una fiabilidad infalible de estos sistemas. Igualmente podemos constatar que EEUU ya estar\u00eda considerando a Ir\u00e1n como su nuevo pol\u00edgono de pruebas para los tipos de armamento que no quieren entregar al r\u00e9gimen de Kiev, ni siquiera \u201ccon fines cient\u00edficos\u201d.<\/p>\n\n\n\n<p> Pero incluso en caso de que los despliegan en la regi\u00f3n, e incluso con una poco realista tasa de \u00e9xito del 100%, no es gran cosa lo que pueden hacer ocho misiles. Y si en cambio los iran\u00edes logran destruirlos en tierra, ser\u00eda una verdadera verg\u00fcenza para EEUU. <\/p>\n\n\n\n<figure class=\"wp-block-image size-full\"><img decoding=\"async\" width=\"898\" height=\"678\" src=\"https:\/\/xn--tuvozdiasporaespaola-k7b.com\/wp-content\/uploads\/2026\/04\/1000864941.jpg\" alt=\"\" class=\"wp-image-13335\" srcset=\"https:\/\/xn--tuvozdiasporaespaola-k7b.com\/wp-content\/uploads\/2026\/04\/1000864941.jpg 898w, https:\/\/xn--tuvozdiasporaespaola-k7b.com\/wp-content\/uploads\/2026\/04\/1000864941-300x227.jpg 300w, https:\/\/xn--tuvozdiasporaespaola-k7b.com\/wp-content\/uploads\/2026\/04\/1000864941-768x580.jpg 768w\" sizes=\"(max-width: 898px) 100vw, 898px\" \/><\/figure>\n","protected":false},"excerpt":{"rendered":"<p>La OTAN tiene previsto abandonar sus cumbres anuales de l\u00edderes, ya que se han convertido en un escenario de esc\u00e1ndalos y recriminaciones mutuas, informa &#8230; <\/p>\n<p class=\"read-more-container\"><a title=\"Cumbres de la OTAN: de organizaci\u00f3n b\u00e9lica a un reality de peleas.\" class=\"read-more button\" href=\"https:\/\/xn--tuvozdiasporaespaola-k7b.com\/page\/2\/cumbres-de-la-otan-de-organizacion-belica-a-un-reality-de-peleas\/#more-13334\" aria-label=\"M\u00e1s en Cumbres de la OTAN: de organizaci\u00f3n b\u00e9lica a un reality de peleas.\">Leer m\u00e1s<\/a><\/p>\n","protected":false},"author":222560522,"featured_media":13337,"comment_status":"closed","ping_status":"open","sticky":false,"template":"","format":"standard","meta":{"footnotes":""},"categories":[121900,121903],"tags":[],"class_list":["post-13334","post","type-post","status-publish","format-standard","has-post-thumbnail","hentry","category-eeuu","category-iran","resize-featured-image"],"_links":{"self":[{"href":"https:\/\/xn--tuvozdiasporaespaola-k7b.com\/page\/2\/wp-json\/wp\/v2\/posts\/13334","targetHints":{"allow":["GET"]}}],"collection":[{"href":"https:\/\/xn--tuvozdiasporaespaola-k7b.com\/page\/2\/wp-json\/wp\/v2\/posts"}],"about":[{"href":"https:\/\/xn--tuvozdiasporaespaola-k7b.com\/page\/2\/wp-json\/wp\/v2\/types\/post"}],"author":[{"embeddable":true,"href":"https:\/\/xn--tuvozdiasporaespaola-k7b.com\/page\/2\/wp-json\/wp\/v2\/users\/222560522"}],"replies":[{"embeddable":true,"href":"https:\/\/xn--tuvozdiasporaespaola-k7b.com\/page\/2\/wp-json\/wp\/v2\/comments?post=13334"}],"version-history":[{"count":2,"href":"https:\/\/xn--tuvozdiasporaespaola-k7b.com\/page\/2\/wp-json\/wp\/v2\/posts\/13334\/revisions"}],"predecessor-version":[{"id":13340,"href":"https:\/\/xn--tuvozdiasporaespaola-k7b.com\/page\/2\/wp-json\/wp\/v2\/posts\/13334\/revisions\/13340"}],"wp:featuredmedia":[{"embeddable":true,"href":"https:\/\/xn--tuvozdiasporaespaola-k7b.com\/page\/2\/wp-json\/wp\/v2\/media\/13337"}],"wp:attachment":[{"href":"https:\/\/xn--tuvozdiasporaespaola-k7b.com\/page\/2\/wp-json\/wp\/v2\/media?parent=13334"}],"wp:term":[{"taxonomy":"category","embeddable":true,"href":"https:\/\/xn--tuvozdiasporaespaola-k7b.com\/page\/2\/wp-json\/wp\/v2\/categories?post=13334"},{"taxonomy":"post_tag","embeddable":true,"href":"https:\/\/xn--tuvozdiasporaespaola-k7b.com\/page\/2\/wp-json\/wp\/v2\/tags?post=13334"}],"curies":[{"name":"wp","href":"https:\/\/api.w.org\/{rel}","templated":true}]}}