{"id":13331,"date":"2026-04-30T15:04:21","date_gmt":"2026-04-30T18:04:21","guid":{"rendered":"https:\/\/xn--tuvozdiasporaespaola-k7b.com\/page\/2\/?p=13331"},"modified":"2026-04-30T15:04:22","modified_gmt":"2026-04-30T18:04:22","slug":"primero-de-mayo-entre-la-historia-y-la-realidad","status":"publish","type":"post","link":"https:\/\/xn--tuvozdiasporaespaola-k7b.com\/page\/2\/primero-de-mayo-entre-la-historia-y-la-realidad\/","title":{"rendered":"PRIMERO DE MAYO ENTRE LA HISTORIA Y LA REALIDAD"},"content":{"rendered":"\n<p>La clase trabajadora en el mundo vive una realidad lejana de las demandas y m\u00ednimas conquistas que dieron origen a la conmemoraci\u00f3n de esta fecha. Rep\u00fablica Dominicana no escapa a esa realidad donde los trabajadores tienen limitado el derecho a la libre sindicalizaci\u00f3n, demandan ajuste salarial y se disputa entre sectores empresarial, congresual y sindical el derecho a la cesant\u00eda laboral e indemnizaci\u00f3n.<\/p>\n\n\n\n<p>El Primero de Mayo o D\u00eda Internacional de los Trabajadores es una fecha importante para el movimiento obrero mundial que representa las jornadas de luchas reivindicativas sociales y laborales en favor de la clase trabajadora, generadora de riquezas. Cada 1 de mayo, desde 1889, por acuerdo del Congreso Obrero Socialista de la Segunda Internacional, celebrado en Par\u00eds, se realizan en muchos pa\u00edses diversas manifestaciones en homenaje a Los M\u00e1rtires de Chicago, ejecutados en Estados Unidos por su participaci\u00f3n en la huelga iniciada el 1 de mayo de 1886, demandando ocho horas de jornada laboral; jornada que alcanz\u00f3 su punto de ebullici\u00f3n el 4 de mayo en la revuelta de Haymarket, realizada en Chicago.<\/p>\n\n\n\n<p><strong>El movimiento sindical en Rep\u00fablica Dominicana<\/strong><\/p>\n\n\n\n<p>Es de justeza reconocer que desde sus or\u00edgenes el movimiento sindical dominicano ha jugado un papel importante en su lucha por los derechos de los trabajadores frente a empleadores y gobiernos de los \u00faltimos treinta a\u00f1os. En este contexto vale recordar a sindicalistas como Barbar\u00edn Mojica, Francisco Antonio Santos, Julio de Pe\u00f1a Vald\u00e9z, Qu\u00edrico Vald\u00e9z, entre otros, inspirados en el legado del legendario Mauricio B\u00e1ez.<\/p>\n\n\n\n<p>Aunque los sindicatos han ido logrando algunas conquistas, algunos se han ido desnaturalizando por sus debilidades frente a la verdadera lucha sindical, la politizaci\u00f3n partidaria, quedando reducido el movimiento sindical, afectado tambi\u00e9n por la limitante en las empresas del derecho a la libre sindicalizaci\u00f3n de los trabajadores.<\/p>\n\n\n\n<p>Cabe destacar, con interrogante, que siendo la libertad de afiliaci\u00f3n y asociaci\u00f3n un principio universal, en nuestro pa\u00eds est\u00e1n registrados en el Ministerio de Trabajo 3,973 sindicatos registrados, de los cuales m\u00e1s del 30% es de transporte y el 61.3% est\u00e1 inactivo en el sistema.  La mayor\u00eda de las empresas dominicanas no tienen constituido un sindicado, pese a que este derecho est\u00e1 establecido en el C\u00f3digo de Trabajo (original), y lo define como una asociaci\u00f3n integrada por trabajadores ya sea de empresas p\u00fablicas o privadas que se agrupan en defensa y promoci\u00f3n de sus intereses sociales, econ\u00f3micos y profesionales relacionados con su actividad laboral y productiva; y, desde el momento de la asamblea de constituci\u00f3n se convierte en Persona Jur\u00eddica.<\/p>\n\n\n\n<p>De esto se deriva la uni\u00f3n que debe darse entre los trabajadores y empleadores, para estudiar, debatir, exigir y consensuar reivindicaciones y mejoras en los distintos trabajos, labores y actividades productivas en que se desempe\u00f1an. Pero, nuestro pa\u00eds goza de una c\u00fapulasindical que ni es clasista ni es combativa. <\/p>\n\n\n\n<p>Hoy, pareciera haber una especie de \u201cguerra\u201d entre estos sectores y el Senado de la Rep\u00fablica, que no terminan de ponerse de acuerdo con el nuevo C\u00f3digo Laboral, paralizado por los matices con la cesant\u00eda, un derecho ineludible de los trabajadores.<\/p>\n\n\n\n<p>En esa lucha se destaca, uno de los l\u00edderes sindicales m\u00e1s id\u00f3neos del movimiento sindical dominicano, Rafael \u2013Pepe- Abreu, presidente de la Confederaci\u00f3n Nacional de Unidad Sindical (CNUS), con m\u00e1s de 50 a\u00f1os como defensor de los derechos laborales, quien junto a otros compa\u00f1eros de organizaciones sindicales encabez\u00f3 este mi\u00e9rcoles 29 de abril una marcha en Santiago de los Caballeros en rechazo a cualquier intento de eliminar la cesant\u00eda laboral, advirtiendo que podr\u00edan convocar a una huelga nacional si prosperan iniciativas como \u00e9sa que afecte este derecho laboral de los trabajadores.<\/p>\n\n\n\n<p>\u00bfC\u00f3mo celebran los trabajadores dominicanos este primero de mayo 2026?<\/p>\n\n\n\n<p>Con movilizaci\u00f3n en las calles por justas reivindicaciones: mejoras salariales, regulaci\u00f3n eficaz del teletrabajo, aprobaci\u00f3n del reformado C\u00f3digo Laboral con el derecho a la cesant\u00eda, derecho a la libre afiliaci\u00f3n y sindicalizaci\u00f3n, fortalecimiento de la unidad estrat\u00e9gica trabajadores-empleadores (p\u00fablico y privado), cumplimiento integral de la Ley 87-01 que crea el Sistema Dominicano de Seguridad Social (IDSS), entre otras. Nosotros, desde el Movimiento Izquierda Unida, acompa\u00f1amos esas luchas junto al pueblo dominicano, por una clase trabajadora fuerte en pleno disfrute de sus derechos inherentes.<\/p>\n\n\n\n<p>Honrando a Los M\u00e1rtires de Chicago, saludamos y reconocemos la lucha sindical mundial y la de los sindicalistas dominicanos que se mantienen de pie por los derechos de los trabajadores, garantes de la productividad para el desarrollo nacional.Abril 30, de 2026.<\/p>\n\n\n\n<p>fuentes : miu.<\/p>\n","protected":false},"excerpt":{"rendered":"<p>La clase trabajadora en el mundo vive una realidad lejana de las demandas y m\u00ednimas conquistas que dieron origen a la conmemoraci\u00f3n de esta &#8230; <\/p>\n<p class=\"read-more-container\"><a title=\"PRIMERO DE MAYO ENTRE LA HISTORIA Y LA REALIDAD\" class=\"read-more button\" href=\"https:\/\/xn--tuvozdiasporaespaola-k7b.com\/page\/2\/primero-de-mayo-entre-la-historia-y-la-realidad\/#more-13331\" aria-label=\"M\u00e1s en PRIMERO DE MAYO ENTRE LA HISTORIA Y LA REALIDAD\">Leer m\u00e1s<\/a><\/p>\n","protected":false},"author":222560522,"featured_media":13332,"comment_status":"closed","ping_status":"open","sticky":false,"template":"","format":"standard","meta":{"footnotes":""},"categories":[121889],"tags":[],"class_list":["post-13331","post","type-post","status-publish","format-standard","has-post-thumbnail","hentry","category-republica-dominicana","resize-featured-image"],"_links":{"self":[{"href":"https:\/\/xn--tuvozdiasporaespaola-k7b.com\/page\/2\/wp-json\/wp\/v2\/posts\/13331","targetHints":{"allow":["GET"]}}],"collection":[{"href":"https:\/\/xn--tuvozdiasporaespaola-k7b.com\/page\/2\/wp-json\/wp\/v2\/posts"}],"about":[{"href":"https:\/\/xn--tuvozdiasporaespaola-k7b.com\/page\/2\/wp-json\/wp\/v2\/types\/post"}],"author":[{"embeddable":true,"href":"https:\/\/xn--tuvozdiasporaespaola-k7b.com\/page\/2\/wp-json\/wp\/v2\/users\/222560522"}],"replies":[{"embeddable":true,"href":"https:\/\/xn--tuvozdiasporaespaola-k7b.com\/page\/2\/wp-json\/wp\/v2\/comments?post=13331"}],"version-history":[{"count":1,"href":"https:\/\/xn--tuvozdiasporaespaola-k7b.com\/page\/2\/wp-json\/wp\/v2\/posts\/13331\/revisions"}],"predecessor-version":[{"id":13333,"href":"https:\/\/xn--tuvozdiasporaespaola-k7b.com\/page\/2\/wp-json\/wp\/v2\/posts\/13331\/revisions\/13333"}],"wp:featuredmedia":[{"embeddable":true,"href":"https:\/\/xn--tuvozdiasporaespaola-k7b.com\/page\/2\/wp-json\/wp\/v2\/media\/13332"}],"wp:attachment":[{"href":"https:\/\/xn--tuvozdiasporaespaola-k7b.com\/page\/2\/wp-json\/wp\/v2\/media?parent=13331"}],"wp:term":[{"taxonomy":"category","embeddable":true,"href":"https:\/\/xn--tuvozdiasporaespaola-k7b.com\/page\/2\/wp-json\/wp\/v2\/categories?post=13331"},{"taxonomy":"post_tag","embeddable":true,"href":"https:\/\/xn--tuvozdiasporaespaola-k7b.com\/page\/2\/wp-json\/wp\/v2\/tags?post=13331"}],"curies":[{"name":"wp","href":"https:\/\/api.w.org\/{rel}","templated":true}]}}