{"id":13323,"date":"2026-04-29T12:48:16","date_gmt":"2026-04-29T15:48:16","guid":{"rendered":"https:\/\/xn--tuvozdiasporaespaola-k7b.com\/page\/2\/?p=13323"},"modified":"2026-04-29T12:48:17","modified_gmt":"2026-04-29T15:48:17","slug":"queremos-una-opcion-participativa-y-con-vocacionciudadania-primero-elecciones-cre-buenos-aires","status":"publish","type":"post","link":"https:\/\/xn--tuvozdiasporaespaola-k7b.com\/page\/2\/queremos-una-opcion-participativa-y-con-vocacionciudadania-primero-elecciones-cre-buenos-aires\/","title":{"rendered":"\u201cQueremos una opci\u00f3n participativa y con vocaci\u00f3n\u201dCIUDADAN\u00cdA PRIMERO elecciones CRE Buenos Aires."},"content":{"rendered":"\n<p>Por Walter C. Medina<\/p>\n\n\n\n<p>ENTREVISTA A MAR\u00cdA DEL PILAR D\u00cdAZ.<\/p>\n\n\n\n<p>Mar\u00eda del Pilar D\u00edaz, candidata de Ciudadan\u00eda Primero para las pr\u00f3ximas elecciones CRE, correspondiente a la circunscripci\u00f3n consular de la Ciudad de Buenos Aires, dialog\u00f3 con Hugo Castro Fau durante el bloque \u201cLa Entrevista\u201d del programa radial \u201cCenizas de Babilonia. Di\u00e1spora Espa\u00f1ola\u201d, que conduce Francisco L\u00f3pez en AM830 Radio del Pueblo. <\/p>\n\n\n\n<p>La importancia de proteger los derechos adquiridos y abogar por la consolidaci\u00f3n de los que a\u00fan se est\u00e1n por conseguir, fueron los ejes sobre los que gir\u00f3 la entrevista en la que D\u00edaz explic\u00f3 la propuesta de la plataforma que encabeza y dio detalles de la importancia que tiene la elecci\u00f3n del 10 de mayo para la colectividad espa\u00f1ola en Argentina.  <\/p>\n\n\n\n<p>\u201cTenemos en Argentina cinco CREs, en Rosario, C\u00f3rdoba, Mendoza, Bah\u00eda Blanca y el de Buenos Aires, que es el m\u00e1s grande de todos por la cantidad de espa\u00f1oles que residimos aqu\u00ed, m\u00e1s de 350 mil personas, as\u00ed que tiene una significaci\u00f3n especial el hecho de que se convoque a elecciones. El CRE es un organismo consultivo y asesor que convoca a elecciones cada cuatro a\u00f1os. Yo soy todav\u00eda parte de este CRE que est\u00e1 en vigencia y que va a terminar sus funciones despu\u00e9s del d\u00eda 10 de mayo, cuando se elija nuevo CRE\u201d<\/p>\n\n\n\n<p>Pilar D\u00edaz es cabeza de la Lista n\u00famero 2, llamada Ciudadan\u00eda Primero. \u201cBuscamos armar una lista que fuera desde el consenso de todos los integrantes en la necesidad de que hay que ofrecerle a la colectividad una alternativa real. Nosotros pensamos que tiene que ser una propuesta de trabajo entre nosotros como personas de la colectividad, que tengamos ideas, miradas, experiencias y trayectorias diversas, y que estemos abiertos a la ciudadan\u00eda\u201d.<\/p>\n\n\n\n<p>En cuanto a qui\u00e9nes conforman la lista, la candidata al CRE por Ciudadan\u00eda Primero explic\u00f3 que \u201ces una lista muy heterog\u00e9nea en cuanto a edades, experiencia profesional, \u00e1mbitos de pertenencia. Lo que buscamos al consolidar los derechos que ya tenemos y tratar de conseguir los que est\u00e1n pendientes, es que participen todas las voces del colectivo. <\/p>\n\n\n\n<p>Queremos una opci\u00f3n participativa y con vocaci\u00f3n para implementar las propuestas; en ese sentido entendemos que hay que abrir canales para estar m\u00e1s cerca de la ciudadan\u00eda y tambi\u00e9n m\u00e1s cerca de las instituciones, porque hay asociaciones y federaciones, y esto se tiene que ligar con la representaci\u00f3n del gobierno espa\u00f1ol en Buenos Aires, no solamente del Consulado y de la Embajada, sino tambi\u00e9n de las consejer\u00edas de Trabajo, de la de Educaci\u00f3n, para que se conozca todo lo que est\u00e1 para ofrecerse. <\/p>\n\n\n\n<p>Nosotros somos personas que trabajamos y hemos trabajado con la comunidad. Este es un trabajo voluntario, que se hace desde un compromiso fuerte, y dir\u00eda que hay personas con mucha representatividad en esta lista. Al primero que tendr\u00eda que nombrar es a Juan Manuel de Hoz que es el portavoz de CeDEU, que es una organizaci\u00f3n que hace catorce a\u00f1os trabaja para que se pudiera obtener la posibilidad de que muchos espa\u00f1oles hoy sean ciudadanos, porque cuando sali\u00f3 la Ley de Memoria Democr\u00e1tica, en la que se incluye esta disposici\u00f3n octava para el derecho a la ciudadan\u00eda de los nietos y de los hijos de los nietos, la gente de CeDEU trabaj\u00f3 bastante, sobre todo en el momento de la reglamentaci\u00f3n, para que el universo de gente que pudiera acceder a la ciudadan\u00eda fuera lo m\u00e1s amplio posible. <\/p>\n\n\n\n<p>Y en este aspecto es importante decir que CEDEU integra \u00fanica y exclusivamente esta lista 2. Despu\u00e9s est\u00e1 Pablo Marnotes Ra\u00f1a que tiene mucha experiencia de trabajo con la colectividad espa\u00f1ola. Hasta hace un tiempo fue el presidente de la FEDERACI\u00d3N DE SOCIEDADES ESPA\u00d1OLAS, y es una persona con mucho conocimiento del entramado institucional.  <\/p>\n\n\n\n<p>Otro es Gustavo Acosta, que en una \u00e9poca ha sido integrante del CRE, a Claudia Mercera Sandro, que es abogada y que tiene mucha experiencia y conocimiento en el an\u00e1lisis de las cuestiones legales, no solo en lo que hace a las resoluciones y las leyes, sino tambi\u00e9n con una mirada de ayudar en procesos que est\u00e1n en nuestra plataforma, como es la legalizaci\u00f3n de los t\u00edtulos. <\/p>\n\n\n\n<p>Hay \u00e1reas y zonas de la provincia, por ejemplo Bol\u00edvar, que ahora la tenemos a M\u00f3nica Cortizas que tambi\u00e9n es una persona que ha estado trabajando con la comunidad espa\u00f1ola desde hace bastante y que conoce de primera mano las necesidades y las inquietudes ella viene de la plataforma ciudadana \u00abPOR MAS DERECHOS\u201d.<\/p>\n\n\n\n<p>Pilar D\u00edaz sostuvo adem\u00e1s que la lista \u201ces plural, transversal, y adem\u00e1s todos, en su mayor\u00eda, somos provenientes de distintas comunidades auton\u00f3micas de Espa\u00f1a\u201d    <\/p>\n\n\n\n<p>Otras iniciativas que impulsar\u00e1 Ciudadan\u00eda Primero ser\u00e1n las de ser soporte para los programas de retorno de las comunidades aut\u00f3nomas y del Estado central, para quienes quieran volver y quienes quieran emprender; reinstalar los programas de dependencia en la agenda de gobierno; retomar el contacto con las asociaciones como forma de reconectar con la comunidad espa\u00f1ola y sus necesidades; proponer procesos y f\u00f3rmulas que permitan agilizar los tr\u00e1mites consulares, y recuperar el asiento en el Consejo de la Ciudadan\u00eda Espa\u00f1ola en el Exterior.<\/p>\n\n\n\n<p>CIUDADAN\u00cdA PRIMERO  es una lista \u201cde perfil institucionalista y a favor del avance en derechos  y que tiene como una de sus principales novedades la presencia, como n\u00famero dos, del portavoz del Centro de Descendientes de Espa\u00f1oles Unidos (CeDEU), Juan Manuel de Hoz, cuya candidatura \u201cpone el foco en la defensa de los derechos de la ciudadan\u00eda espa\u00f1ola en el exterior, la mejora de la atenci\u00f3n consular y una mayor participaci\u00f3n de la colectividad\u201d                <\/p>\n\n\n\n<figure class=\"wp-block-image size-large\"><img fetchpriority=\"high\" decoding=\"async\" width=\"1024\" height=\"1024\" src=\"https:\/\/xn--tuvozdiasporaespaola-k7b.com\/wp-content\/uploads\/2026\/04\/1000806071-1024x1024.jpg\" alt=\"\" class=\"wp-image-13326\" srcset=\"https:\/\/xn--tuvozdiasporaespaola-k7b.com\/wp-content\/uploads\/2026\/04\/1000806071-1024x1024.jpg 1024w, https:\/\/xn--tuvozdiasporaespaola-k7b.com\/wp-content\/uploads\/2026\/04\/1000806071-300x300.jpg 300w, https:\/\/xn--tuvozdiasporaespaola-k7b.com\/wp-content\/uploads\/2026\/04\/1000806071-150x150.jpg 150w, https:\/\/xn--tuvozdiasporaespaola-k7b.com\/wp-content\/uploads\/2026\/04\/1000806071-768x768.jpg 768w, https:\/\/xn--tuvozdiasporaespaola-k7b.com\/wp-content\/uploads\/2026\/04\/1000806071.jpg 1266w\" sizes=\"(max-width: 1024px) 100vw, 1024px\" \/><\/figure>\n\n\n\n<figure class=\"wp-block-image size-large\"><img decoding=\"async\" width=\"682\" height=\"1024\" src=\"https:\/\/xn--tuvozdiasporaespaola-k7b.com\/wp-content\/uploads\/2026\/04\/1000806072-682x1024.jpg\" alt=\"\" class=\"wp-image-13325\" srcset=\"https:\/\/xn--tuvozdiasporaespaola-k7b.com\/wp-content\/uploads\/2026\/04\/1000806072-682x1024.jpg 682w, https:\/\/xn--tuvozdiasporaespaola-k7b.com\/wp-content\/uploads\/2026\/04\/1000806072-200x300.jpg 200w, https:\/\/xn--tuvozdiasporaespaola-k7b.com\/wp-content\/uploads\/2026\/04\/1000806072-768x1153.jpg 768w, https:\/\/xn--tuvozdiasporaespaola-k7b.com\/wp-content\/uploads\/2026\/04\/1000806072-1023x1536.jpg 1023w, https:\/\/xn--tuvozdiasporaespaola-k7b.com\/wp-content\/uploads\/2026\/04\/1000806072-1364x2048.jpg 1364w, https:\/\/xn--tuvozdiasporaespaola-k7b.com\/wp-content\/uploads\/2026\/04\/1000806072-scaled.jpg 1705w\" sizes=\"(max-width: 682px) 100vw, 682px\" \/><\/figure>\n\n\n\n<p>MIR\u00c1 LA ENTREVISTA COMPLETA EN EL SIGUIENTE.ENLACE<\/p>\n\n\n\n<figure class=\"wp-block-embed is-type-video is-provider-youtube wp-block-embed-youtube wp-embed-aspect-16-9 wp-has-aspect-ratio\"><div class=\"wp-block-embed__wrapper\">\n<iframe title=\" Pilar D\u00edaz Candidata al CRE  circunscripci\u00f3n consular #Espa\u00f1a #buenosaires por Ciudadania Primero \" width=\"1110\" height=\"624\" src=\"https:\/\/www.youtube.com\/embed\/OW08vR0NEsk?feature=oembed\" frameborder=\"0\" allow=\"accelerometer; autoplay; clipboard-write; encrypted-media; gyroscope; picture-in-picture; web-share\" referrerpolicy=\"strict-origin-when-cross-origin\" allowfullscreen><\/iframe>\n<\/div><\/figure>\n\n\n\n<p><\/p>\n","protected":false},"excerpt":{"rendered":"<p>Por Walter C. Medina ENTREVISTA A MAR\u00cdA DEL PILAR D\u00cdAZ. Mar\u00eda del Pilar D\u00edaz, candidata de Ciudadan\u00eda Primero para las pr\u00f3ximas elecciones CRE, correspondiente &#8230; <\/p>\n<p class=\"read-more-container\"><a title=\"\u201cQueremos una opci\u00f3n participativa y con vocaci\u00f3n\u201dCIUDADAN\u00cdA PRIMERO elecciones CRE Buenos Aires.\" class=\"read-more button\" href=\"https:\/\/xn--tuvozdiasporaespaola-k7b.com\/page\/2\/queremos-una-opcion-participativa-y-con-vocacionciudadania-primero-elecciones-cre-buenos-aires\/#more-13323\" aria-label=\"M\u00e1s en \u201cQueremos una opci\u00f3n participativa y con vocaci\u00f3n\u201dCIUDADAN\u00cdA PRIMERO elecciones CRE Buenos Aires.\">Leer m\u00e1s<\/a><\/p>\n","protected":false},"author":222560522,"featured_media":13329,"comment_status":"closed","ping_status":"open","sticky":false,"template":"","format":"standard","meta":{"footnotes":""},"categories":[121854],"tags":[],"class_list":["post-13323","post","type-post","status-publish","format-standard","has-post-thumbnail","hentry","category-consejo-de-residentes-espanoles","resize-featured-image"],"_links":{"self":[{"href":"https:\/\/xn--tuvozdiasporaespaola-k7b.com\/page\/2\/wp-json\/wp\/v2\/posts\/13323","targetHints":{"allow":["GET"]}}],"collection":[{"href":"https:\/\/xn--tuvozdiasporaespaola-k7b.com\/page\/2\/wp-json\/wp\/v2\/posts"}],"about":[{"href":"https:\/\/xn--tuvozdiasporaespaola-k7b.com\/page\/2\/wp-json\/wp\/v2\/types\/post"}],"author":[{"embeddable":true,"href":"https:\/\/xn--tuvozdiasporaespaola-k7b.com\/page\/2\/wp-json\/wp\/v2\/users\/222560522"}],"replies":[{"embeddable":true,"href":"https:\/\/xn--tuvozdiasporaespaola-k7b.com\/page\/2\/wp-json\/wp\/v2\/comments?post=13323"}],"version-history":[{"count":2,"href":"https:\/\/xn--tuvozdiasporaespaola-k7b.com\/page\/2\/wp-json\/wp\/v2\/posts\/13323\/revisions"}],"predecessor-version":[{"id":13330,"href":"https:\/\/xn--tuvozdiasporaespaola-k7b.com\/page\/2\/wp-json\/wp\/v2\/posts\/13323\/revisions\/13330"}],"wp:featuredmedia":[{"embeddable":true,"href":"https:\/\/xn--tuvozdiasporaespaola-k7b.com\/page\/2\/wp-json\/wp\/v2\/media\/13329"}],"wp:attachment":[{"href":"https:\/\/xn--tuvozdiasporaespaola-k7b.com\/page\/2\/wp-json\/wp\/v2\/media?parent=13323"}],"wp:term":[{"taxonomy":"category","embeddable":true,"href":"https:\/\/xn--tuvozdiasporaespaola-k7b.com\/page\/2\/wp-json\/wp\/v2\/categories?post=13323"},{"taxonomy":"post_tag","embeddable":true,"href":"https:\/\/xn--tuvozdiasporaespaola-k7b.com\/page\/2\/wp-json\/wp\/v2\/tags?post=13323"}],"curies":[{"name":"wp","href":"https:\/\/api.w.org\/{rel}","templated":true}]}}