{"id":13320,"date":"2026-04-28T16:28:56","date_gmt":"2026-04-28T19:28:56","guid":{"rendered":"https:\/\/xn--tuvozdiasporaespaola-k7b.com\/page\/2\/?p=13320"},"modified":"2026-04-28T16:28:57","modified_gmt":"2026-04-28T19:28:57","slug":"hay-que-combatir-todos-los-postulados-racistas-xenofobos-y-reaccionarios-de-la-extrema-derecha","status":"publish","type":"post","link":"https:\/\/xn--tuvozdiasporaespaola-k7b.com\/page\/2\/hay-que-combatir-todos-los-postulados-racistas-xenofobos-y-reaccionarios-de-la-extrema-derecha\/","title":{"rendered":"\u201cHay que combatir todos los postulados racistas, xen\u00f3fobos y reaccionarios de la extrema derecha\u201d"},"content":{"rendered":"\n<p>Por Walter C. Medina<\/p>\n\n\n\n<p>ENTREVISTA A MAR\u00cdA POZUELO; COORDINADORA DE PODEMOS CATALUNYA dialogo con  \u201cCENIZAS DE BABILONIA. DI\u00c1SPORA ESPA\u00d1OLA\u201d.<\/p>\n\n\n\n<p>La Coordinadora de Podemos Catalunya, Mar\u00eda Pozuelo, dialog\u00f3 con Hugo Castro Fau durante el programa radial \u201cCenizas de babilonia. Di\u00e1spora Espa\u00f1ol\u00e9\u201d, que conduce Francisco L\u00f3pez en AM830 Radio del Pueblo. Entre otros temas relacionados con la actualidad pol\u00edtica espa\u00f1ola. <\/p>\n\n\n\n<p>En relaci\u00f3n a lo que el Partido Popular y VOX definen como \u201cPrioridad nacional\u201d, Pozuelos hizo referencia a la necesidad de combatir ese tipo de postulados, por \u201cracistas, xen\u00f3fobos y reaccionarios de la extrema derecha\u201d. El PP y VOX, que ya pactaron en Extremadura y Arag\u00f3n, enarbolan la bandera de \u201cEspa\u00f1a para los espa\u00f1oles\u201d, algo que Pozuelo adjetiv\u00f3 de \u201cpeligroso\u201d. \u201cEs peligroso y hay que combatirlo desde la izquierda con absoluta rotundidad.<\/p>\n\n\n\n<p> \u00bfC\u00f3mo es la situaci\u00f3n actual en Catalunya, y en el Estado Espa\u00f1ol?<\/p>\n\n\n\n<p>Lo m\u00e1s actual es c\u00f3mo la extrema derecha est\u00e1 llegando a los gobiernos auton\u00f3micos con propuestas de leyes y de maneras de actuar absolutamente reaccionarias y racistas. Esto de la \u201cprioridad nacional\u201d es una medida absolutamente racista, xen\u00f3foba, que no cabe en un pa\u00eds democr\u00e1tico. Vemos ya no solamente c\u00f3mo lo postula la extrema derecha, de quienes no podemos sorprendernos mucho, sino c\u00f3mo el Partido Popular abraza esos postulados; por mucho que intente explicar lo que no es, porque por escrito est\u00e1 que va a dar prioridad, a la hora de dar subvenciones o de trata a la ciudadan\u00eda en general, en las administraciones, primero los espa\u00f1oles, pero lo espa\u00f1oles nacidos aqu\u00ed y con poco menos que siete apellidos del lugar. <\/p>\n\n\n\n<p>Y eso no se puede permitir, y es inconcebible que un partido popular, que ya sabemos que es un partido de derecha, abrace estos postulados de la extrema derecha porque no tienen cabida en un partido que se llena la boca de ser un partido democr\u00e1tico, que forma parte del bipartidismo, etc, etc. Y es peligroso, y eso hay que combatirlo desde la izquierda con absoluta rotundidad.<\/p>\n\n\n\n<p>En la misma l\u00ednea, y considerando el atropello que esto significa para las leyes de Memoria Hist\u00f3rica o la Ley de Nietos, Pozuelo sostuvo que \u201cNo hay derecho porque ning\u00fan ser humano es ilegal. Aqu\u00ed en Espa\u00f1a, seas nacido aqu\u00ed o tengas otra nacionalidad, todas las personas debemos tener los mismos derechos, por eso se hace ahora tambi\u00e9n esta regularizaci\u00f3n extraordinaria, afortunadamente, que ya lleva a\u00f1os en proceso y que gracias a plataformas como Regularizaci\u00f3n Ya, que impuls\u00f3 esta iniciativa legislativa popular hace ya muchos a\u00f1os, y con m\u00e1s de setecientas mil firmas y que ahora gracias al empuje de Podemos en el Congreso de los Diputados ha conseguido arrancar al Partido Socialista, despu\u00e9s de mucho tiempo luch\u00e1ndolo, esta regularizaci\u00f3n extraordinaria. Precisamente porque son una quinientas mil personas las que pueden acogerse a esta regularizaci\u00f3n extraordinaria, y son personas, la inmensa mayor\u00eda, que ya est\u00e1n aqu\u00ed viviendo, que ya conviven con nosotras y que sin embargo no tienen los mismos derechos. <\/p>\n\n\n\n<p>Precisamente por no tener una situaci\u00f3n administrativa en \u201cregla\u201d, pues no pueden acceder a una vivienda digna, no pueden acceder a un trabajo digno, tienen que trabajar bajo subterfugios para poder sobrevivir, y eso hace que no puedan vivir con dignidad como el resto de las personas. <\/p>\n\n\n\n<p>Por eso es muy importante esta regularizaci\u00f3n extraordinaria, son muy importantes este tipo de pol\u00edticas y hay que combatir todos los postulados racistas, xen\u00f3fobos y reaccionarios de la extrema derecha con todas nuestras fuerzas; aqu\u00ed, en Argentina y en el mundo\u201d<\/p>\n\n\n\n<p>\u00bfC\u00f3mo ves a la izquierda en estos momentos?<\/p>\n\n\n\n<p>La izquierda tiene muchos retos por delante, y es verdad que hablamos de la izquierda a la izquierda del PSOE, pero yo creo que hay posibilidad de que la izquierda pueda avanzar, creo que est\u00e1 habiendo cada vez m\u00e1s esperanza; la ciudadan\u00eda demanda una izquierda fuerte, que luche por esos derechos que tenemos adquiridos gracias a nuestros abuelos, padres y generaciones anteriores, y que ahora mismo tenemos que luchar cada d\u00eda para que no se pierdan o que no retrocedamos en esos derechos que tenemos ya adquiridos, y obviamente avanzar en muchos m\u00e1s. <\/p>\n\n\n\n<p>Es verdad que dentro de la izquierda hay pol\u00edticas que son m\u00e1s valientes y que son m\u00e1s reforzadas en este sentido de realmente intentar mejorar la vida de la gente, sobre todo en cuesti\u00f3n de vivienda, que aqu\u00ed en Espa\u00f1a es el principal problema que tiene la ciudadan\u00eda, pero tambi\u00e9n el trabajo digno, los salarios que acompa\u00f1en ese trabajo de un mont\u00f3n de colectivos como pueden ser los docentes, el personal sanitario. <\/p>\n\n\n\n<p>Es verdad que hay parte de la izquierda que no termina de ser contundente a la hora de defender esos derechos, y yo creo que la ciudadan\u00eda est\u00e1 demandando que realmente nos pongamos manos a la obra, sobre todo por lo que viene  y por lo que tenemos en frente, que es una ola reaccionaria de la derecha y de la extrema derecha, porque ya se confunden a ra\u00edz de estos pactos que ha habido entre el Partido Popular y VOX en Extremadura, y ahora en Arag\u00f3n tambi\u00e9n. Y tenemos que hacer frente con todas las fuerzas posibles a la extrema derecha.<\/p>\n\n\n\n<p>MIR\u00c1 LA ENTREVISTA COMPLETA EN EL SIGUIENTE ENLACE<\/p>\n\n\n\n<figure class=\"wp-block-embed is-type-video is-provider-youtube wp-block-embed-youtube wp-embed-aspect-16-9 wp-has-aspect-ratio\"><div class=\"wp-block-embed__wrapper\">\n<iframe title=\"#geopolitica , Plan de Paz #Iran #eeuu  #Latinoam\u00e9rica racismo en Espa\u00f1a con #vox  #partidopopular \" width=\"1110\" height=\"624\" src=\"https:\/\/www.youtube.com\/embed\/BEWo3iIcZDE?feature=oembed\" frameborder=\"0\" allow=\"accelerometer; autoplay; clipboard-write; encrypted-media; gyroscope; picture-in-picture; web-share\" referrerpolicy=\"strict-origin-when-cross-origin\" allowfullscreen><\/iframe>\n<\/div><\/figure>\n\n\n\n<p>                    <\/p>\n","protected":false},"excerpt":{"rendered":"<p>Por Walter C. Medina ENTREVISTA A MAR\u00cdA POZUELO; COORDINADORA DE PODEMOS CATALUNYA dialogo con \u201cCENIZAS DE BABILONIA. DI\u00c1SPORA ESPA\u00d1OLA\u201d. La Coordinadora de Podemos Catalunya, &#8230; <\/p>\n<p class=\"read-more-container\"><a title=\"\u201cHay que combatir todos los postulados racistas, xen\u00f3fobos y reaccionarios de la extrema derecha\u201d\" class=\"read-more button\" href=\"https:\/\/xn--tuvozdiasporaespaola-k7b.com\/page\/2\/hay-que-combatir-todos-los-postulados-racistas-xenofobos-y-reaccionarios-de-la-extrema-derecha\/#more-13320\" aria-label=\"M\u00e1s en \u201cHay que combatir todos los postulados racistas, xen\u00f3fobos y reaccionarios de la extrema derecha\u201d\">Leer m\u00e1s<\/a><\/p>\n","protected":false},"author":222560522,"featured_media":13321,"comment_status":"closed","ping_status":"open","sticky":false,"template":"","format":"standard","meta":{"footnotes":""},"categories":[121901,121850],"tags":[],"class_list":["post-13320","post","type-post","status-publish","format-standard","has-post-thumbnail","hentry","category-espana","category-politica","resize-featured-image"],"_links":{"self":[{"href":"https:\/\/xn--tuvozdiasporaespaola-k7b.com\/page\/2\/wp-json\/wp\/v2\/posts\/13320","targetHints":{"allow":["GET"]}}],"collection":[{"href":"https:\/\/xn--tuvozdiasporaespaola-k7b.com\/page\/2\/wp-json\/wp\/v2\/posts"}],"about":[{"href":"https:\/\/xn--tuvozdiasporaespaola-k7b.com\/page\/2\/wp-json\/wp\/v2\/types\/post"}],"author":[{"embeddable":true,"href":"https:\/\/xn--tuvozdiasporaespaola-k7b.com\/page\/2\/wp-json\/wp\/v2\/users\/222560522"}],"replies":[{"embeddable":true,"href":"https:\/\/xn--tuvozdiasporaespaola-k7b.com\/page\/2\/wp-json\/wp\/v2\/comments?post=13320"}],"version-history":[{"count":1,"href":"https:\/\/xn--tuvozdiasporaespaola-k7b.com\/page\/2\/wp-json\/wp\/v2\/posts\/13320\/revisions"}],"predecessor-version":[{"id":13322,"href":"https:\/\/xn--tuvozdiasporaespaola-k7b.com\/page\/2\/wp-json\/wp\/v2\/posts\/13320\/revisions\/13322"}],"wp:featuredmedia":[{"embeddable":true,"href":"https:\/\/xn--tuvozdiasporaespaola-k7b.com\/page\/2\/wp-json\/wp\/v2\/media\/13321"}],"wp:attachment":[{"href":"https:\/\/xn--tuvozdiasporaespaola-k7b.com\/page\/2\/wp-json\/wp\/v2\/media?parent=13320"}],"wp:term":[{"taxonomy":"category","embeddable":true,"href":"https:\/\/xn--tuvozdiasporaespaola-k7b.com\/page\/2\/wp-json\/wp\/v2\/categories?post=13320"},{"taxonomy":"post_tag","embeddable":true,"href":"https:\/\/xn--tuvozdiasporaespaola-k7b.com\/page\/2\/wp-json\/wp\/v2\/tags?post=13320"}],"curies":[{"name":"wp","href":"https:\/\/api.w.org\/{rel}","templated":true}]}}