{"id":13314,"date":"2026-04-28T15:38:25","date_gmt":"2026-04-28T18:38:25","guid":{"rendered":"https:\/\/xn--tuvozdiasporaespaola-k7b.com\/page\/2\/?p=13314"},"modified":"2026-04-28T15:38:26","modified_gmt":"2026-04-28T18:38:26","slug":"primera-alianza-entre-el-fla-grupo-tuareg-y-el-jnim-grupos-yihadistas-contra-el-actual-estado-de-mali","status":"publish","type":"post","link":"https:\/\/xn--tuvozdiasporaespaola-k7b.com\/page\/2\/primera-alianza-entre-el-fla-grupo-tuareg-y-el-jnim-grupos-yihadistas-contra-el-actual-estado-de-mali\/","title":{"rendered":"Primera alianza entre el FLA (grupo tuareg) y el JNIM (grupos yihadistas) contra el actual Estado de Mal\u00ed"},"content":{"rendered":"\n<p>Por Jesus Rivero, Rosario , Argentina. <\/p>\n\n\n\n<p>Mal\u00ed confirm\u00f3 que grupos armados han lanzado una ofensiva en varios frentes contra las fuerzas militares malienses en varios cuarteles de Bamako (la capital) y otros puntos del pa\u00eds que representa una verdadera prueba de fuego tanto para la Junta militar malienses, como para su aliado geopol\u00edtico, Rusia.<\/p>\n\n\n\n<p>El grupo separatista Tuareg del Frente de Liberaci\u00f3n para el Azawad se ha atribuido la autor\u00eda de estos ataques con un aliado de excepci\u00f3n, la organizaci\u00f3n yihadista del Grupo de Apoyo al Islam y los Musulmanes (vinculada a Al-Qaeda) con la supuestamente ha mantenido contactos estos \u00faltimos meses para sus primeras ofensivas en conjunto.<\/p>\n\n\n\n<p>El ej\u00e9rcito maliense confirm\u00f3 los combates el s\u00e1bado en sus  redes sociales antes que, un par de horas m\u00e1s tarde declara que la situaci\u00f3n estaba bajo control y denunciar\u00e1 como propaganda las declaraciones de portavoces del Frente de Liberaci\u00f3n para el Azawad que anunciaba la conquista de una localidad estrat\u00e9gica como es Kidal.<\/p>\n\n\n\n<p>Fuentes de medios locales han confirmado enfrentamientos en Bamako (donde seg\u00fan la embajada de Estados Unidos en el pa\u00eds, hay constancia de explosiones cerca del aeropuerto) . Y, en las ciudades de Kati, Gao y Mopti.  <\/p>\n\n\n\n<p>En Kati una localidad pr\u00f3xima a la capital, se encuentra la residencia del l\u00edder del pa\u00eds, el general Assimi Goita.De momento, tanto Estados Unidos como China han pedido a sus ciudadanos que extremen sus preocupaciones: la Embajada de Estados Unidos ha ordenado a sus ciudadanos  en el pa\u00eds africano que busquen refugio inmediatamente tras constatar explosiones en el aeropuerto de la capital del pa\u00eds.<\/p>\n\n\n\n<p>La Embajada de China \u201crecuerda a los ciudadanos chinos que se abstengan temporalmente de viajar a Mali\u00bb Y, a quienes est\u00e9n all\u00ed, que extremen precauciones, sean conscientes de la situaci\u00f3n de seguridad y que no salgan \u201ca menos que sea necesario\u201d.<\/p>\n\n\n\n<p>Pek\u00edn tiene importantes intereses econ\u00f3micos en Mal\u00ed,  un actor clave en el sector del litio. Proyectos respaldados por China, como la mina Goulamina, subrayan su creciente importancia estrat\u00e9gica en la industria.<\/p>\n\n\n\n<p>En marzo de este a\u00f1o se comenz\u00f3 a observar los movimientos en conjunto por primera vez de los separatistas del Frente de Liberaci\u00f3n para el Azawad (Tuareg) y los grupos yihadistas para protagonizar ofensivas contra los militares malienses y sus principales aliados internacionales: grupo Wagner, ahora \u00c1frica Corps, que han efectuado tareas de inteligencia militar en consonancia con la Junta Militar liderada por Goita.<\/p>\n\n\n\n<p>Esta gran ofensiva tiene lugar luego de varios meses de operaciones del Frente de Liberaci\u00f3n para el Azawad y los grupos yihadistas contra rutas de combustibles que en un momento dado estuvieron apunt\u00f3 de asfixiar a la capital, Bamako.<\/p>\n\n\n\n<p>La actual Junta Militar encabezada por Goita, lleg\u00f3 por la fuerza al poder en 2021, y desde entonces, ha entablado una alianza regional con otras dos juntas militares, la de Burkina Faso y la de N\u00edger, todas ellas con denominador com\u00fan de su rechazo a la antigua potencia colonial francesa y su proximidad a Rusia.<\/p>\n\n\n\n<p>Sin embargo, la regi\u00f3n africana del Sahel ha seguido expuesta a enormes desaf\u00edos de seguridad por los ataques constantes del Grupo de Apoyo al Islam y los Musulmanes, los separatistas Tuareg o c\u00e9lulas itinerarias del Estado Isl\u00e1mico. <\/p>\n\n\n\n<p>La Junta Militar era maliense se hab\u00eda comprometido a devolver el poder a los civiles a m\u00e1s tardar en marzo de 2024, pero no se ha cumplido.En julio de 2025, el r\u00e9gimen militar otorg\u00f3 a Goita un mandato presidencial de cinco a\u00f1os, renovable tanta veces sea necesario.<\/p>\n\n\n\n<p>Los problemas de seguridad persisten a pesar del apoyo de fuerzas vinculadas a Rusia que reemplazaron a las tropas francesas, lo que pone de manifiesto la fragilidad del panorama mundial, donde potencias como Estados Unidos, China y Rusia disputan por esta influencia.<\/p>\n","protected":false},"excerpt":{"rendered":"<p>Por Jesus Rivero, Rosario , Argentina. Mal\u00ed confirm\u00f3 que grupos armados han lanzado una ofensiva en varios frentes contra las fuerzas militares malienses en &#8230; <\/p>\n<p class=\"read-more-container\"><a title=\"Primera alianza entre el FLA (grupo tuareg) y el JNIM (grupos yihadistas) contra el actual Estado de Mal\u00ed\" class=\"read-more button\" href=\"https:\/\/xn--tuvozdiasporaespaola-k7b.com\/page\/2\/primera-alianza-entre-el-fla-grupo-tuareg-y-el-jnim-grupos-yihadistas-contra-el-actual-estado-de-mali\/#more-13314\" aria-label=\"M\u00e1s en Primera alianza entre el FLA (grupo tuareg) y el JNIM (grupos yihadistas) contra el actual Estado de Mal\u00ed\">Leer m\u00e1s<\/a><\/p>\n","protected":false},"author":222560522,"featured_media":13316,"comment_status":"closed","ping_status":"open","sticky":false,"template":"","format":"standard","meta":{"footnotes":""},"categories":[121869],"tags":[],"class_list":["post-13314","post","type-post","status-publish","format-standard","has-post-thumbnail","hentry","category-internaciones","resize-featured-image"],"_links":{"self":[{"href":"https:\/\/xn--tuvozdiasporaespaola-k7b.com\/page\/2\/wp-json\/wp\/v2\/posts\/13314","targetHints":{"allow":["GET"]}}],"collection":[{"href":"https:\/\/xn--tuvozdiasporaespaola-k7b.com\/page\/2\/wp-json\/wp\/v2\/posts"}],"about":[{"href":"https:\/\/xn--tuvozdiasporaespaola-k7b.com\/page\/2\/wp-json\/wp\/v2\/types\/post"}],"author":[{"embeddable":true,"href":"https:\/\/xn--tuvozdiasporaespaola-k7b.com\/page\/2\/wp-json\/wp\/v2\/users\/222560522"}],"replies":[{"embeddable":true,"href":"https:\/\/xn--tuvozdiasporaespaola-k7b.com\/page\/2\/wp-json\/wp\/v2\/comments?post=13314"}],"version-history":[{"count":1,"href":"https:\/\/xn--tuvozdiasporaespaola-k7b.com\/page\/2\/wp-json\/wp\/v2\/posts\/13314\/revisions"}],"predecessor-version":[{"id":13315,"href":"https:\/\/xn--tuvozdiasporaespaola-k7b.com\/page\/2\/wp-json\/wp\/v2\/posts\/13314\/revisions\/13315"}],"wp:featuredmedia":[{"embeddable":true,"href":"https:\/\/xn--tuvozdiasporaespaola-k7b.com\/page\/2\/wp-json\/wp\/v2\/media\/13316"}],"wp:attachment":[{"href":"https:\/\/xn--tuvozdiasporaespaola-k7b.com\/page\/2\/wp-json\/wp\/v2\/media?parent=13314"}],"wp:term":[{"taxonomy":"category","embeddable":true,"href":"https:\/\/xn--tuvozdiasporaespaola-k7b.com\/page\/2\/wp-json\/wp\/v2\/categories?post=13314"},{"taxonomy":"post_tag","embeddable":true,"href":"https:\/\/xn--tuvozdiasporaespaola-k7b.com\/page\/2\/wp-json\/wp\/v2\/tags?post=13314"}],"curies":[{"name":"wp","href":"https:\/\/api.w.org\/{rel}","templated":true}]}}