{"id":1325,"date":"2023-03-18T18:55:57","date_gmt":"2023-03-18T21:55:57","guid":{"rendered":"https:\/\/xn--tuvozdiasporaespaola-k7b.com\/2023\/03\/18\/una-destacada-representacion-politica-e-institucional-de-podemos-participara-en-el-iii-foro-dmh-2023-y-distintos-encuentros-con-la-emigracion-espanola-en-argentina\/"},"modified":"2023-03-18T23:01:48","modified_gmt":"2023-03-19T02:01:48","slug":"una-destacada-representacion-politica-e-institucional-de-podemos-participara-en-el-iii-foro-dmh-2023-y-distintos-encuentros-con-la-emigracion-espanola-en-argentina","status":"publish","type":"post","link":"https:\/\/xn--tuvozdiasporaespaola-k7b.com\/page\/2\/una-destacada-representacion-politica-e-institucional-de-podemos-participara-en-el-iii-foro-dmh-2023-y-distintos-encuentros-con-la-emigracion-espanola-en-argentina\/","title":{"rendered":"Una destacada representaci\u00f3n pol\u00edtica e institucional de Podemos, participar\u00e1 en el III Foro Mundial de Derechos Humanos y tendr\u00e1n distintos encuentros con la emigraci\u00f3n espa\u00f1ola en Argentina."},"content":{"rendered":"\n<p>La semana pr\u00f3xima una importante delegaci\u00f3n de cargos pol\u00edticos de Podemos y responsables institucionales en el Gobierno de Espa\u00f1a participar\u00e1 en los actos previstos por el III Foro Mundial de Derechos Humanos en Buenos Aires,&nbsp;&nbsp; Argentina, en los que se debatir\u00e1 el impacto de las pol\u00edticas de Memoria en ambos pa\u00edses y el caso ejemplar de reparaci\u00f3n de la justicia, la verdad y la no repetici\u00f3n que supone el modelo argentino y en un encuentro con la Comunidad&nbsp; Espa\u00f1ola.<\/p>\n\n\n\n<p>Concretamente, se ha previsto el mismo d\u00eda 23 de marzo este encuentro con la comunidad de espa\u00f1oles y argentinos con v\u00ednculos familiares en la que abordar\u00e1n las novedades de la llamada \u00abLey de NACIONALIDAD \u00ab, as\u00ed como la derogaci\u00f3n del \u201cvoto rogado\u201d en Espa\u00f1a y las peticiones de mejora de los servicios consulares. Tambi\u00e9n se asistir\u00e1 junto a Podemos-Argentina, a la tradicional Marcha por la Memoria en Buenos Aires.<\/p>\n\n\n\n<p>En el citado Foro, est\u00e1 prevista la presencia el jueves 24 del conocido ide\u00f3logo de Podemos y presidente de la Fundaci\u00f3n \u201cRep\u00fablica y Democracia\u201d, Juan Carlos Monedero, as\u00ed como de la n\u00ba 3 del partido y Secretaria de Estado para la Agenda 2030, Lilith Vestrynge.<\/p>\n\n\n\n<figure class=\"wp-block-image size-large\"><img fetchpriority=\"high\" decoding=\"async\" width=\"2880\" height=\"2880\" src=\"http:\/\/xn--tuvozdiasporaespaola-k7b.com\/wp-content\/uploads\/2023\/03\/20230318_1851051390781438905602205.jpg?w=1024\" alt=\"\" class=\"wp-image-1323\" srcset=\"https:\/\/xn--tuvozdiasporaespaola-k7b.com\/wp-content\/uploads\/2023\/03\/20230318_1851051390781438905602205.jpg 2880w, https:\/\/xn--tuvozdiasporaespaola-k7b.com\/wp-content\/uploads\/2023\/03\/20230318_1851051390781438905602205-300x300.jpg 300w, https:\/\/xn--tuvozdiasporaespaola-k7b.com\/wp-content\/uploads\/2023\/03\/20230318_1851051390781438905602205-1024x1024.jpg 1024w, https:\/\/xn--tuvozdiasporaespaola-k7b.com\/wp-content\/uploads\/2023\/03\/20230318_1851051390781438905602205-150x150.jpg 150w, https:\/\/xn--tuvozdiasporaespaola-k7b.com\/wp-content\/uploads\/2023\/03\/20230318_1851051390781438905602205-768x768.jpg 768w, https:\/\/xn--tuvozdiasporaespaola-k7b.com\/wp-content\/uploads\/2023\/03\/20230318_1851051390781438905602205-1568x1568.jpg 1568w\" sizes=\"(max-width: 2880px) 100vw, 2880px\" \/><figcaption class=\"wp-element-caption\">Lilith Vestrynge y Juan Carlos Monedero <\/figcaption><\/figure>\n\n\n\n<p>En el Debate promovido por la Secretaria Internacional de Podemos titulado \u201c\u00bfMemorias Paralelas? Espa\u00f1a mira a Am\u00e9rica Latina\u201d que tendr\u00e1 lugar el mi\u00e9rcoles 23 en la ExEsma, intervendr\u00e1n Paco Gracia, responsable estatal de Memoria Democr\u00e1tica de Podemos, Manuel Ruiz, portavoz del Colectivo de Olvidados de la Transici\u00f3n y Martina Velarde, diputada de Podemos, portavoz de Memoria en el Congreso y ponente de la Ley de Memoria Democr\u00e1tica de 2022 , junto a referentes en Derechos Humanos de la Rep\u00fablica Argentina.<\/p>\n\n\n\n<p>Por la tarde del d\u00eda 23 a las 18 horas&nbsp; en la sede de la C.T.A AUT\u00d3NOMA situada en la calle BARTOLOME&nbsp; MITRE 474&nbsp; de la Ciudad Aut\u00f3noma Buenos Aires , se celebrar\u00e1 un acto informativo y encuentro con la comunidad espa\u00f1ola y argentina que supondr\u00e1 adem\u00e1s el pistoletazo de salida de la Campa\u00f1a pre-Electoral de Podemos Exterior entre la Di\u00e1spora espa\u00f1ola, estando previstos tambi\u00e9n actos similares en semanas pr\u00f3ximas en M\u00e9xico, Par\u00eds, Berl\u00edn y otras muchas capitales de Am\u00e9rica y Europa de importante emigraci\u00f3n espa\u00f1ola.<\/p>\n\n\n\n<p>En dicho Acto, presentado por los responsables de Podemos en Latinoam\u00e9rica y Podemos en Argentina, Francisco L\u00f3pez y M\u00f3nica Cortizas, participar\u00e1n:<\/p>\n\n\n\n<p>Maria Teresa P\u00e9rez, directora general del Instituto de la Juventud de Espa\u00f1a y a la vez Secretaria de Acci\u00f3n Institucional de Podemos.&nbsp;<\/p>\n\n\n\n<figure class=\"wp-block-image size-large\"><img decoding=\"async\" width=\"1080\" height=\"720\" src=\"http:\/\/xn--tuvozdiasporaespaola-k7b.com\/wp-content\/uploads\/2023\/03\/img_20230315_212218_0336853488028183378135.jpg?w=1024\" alt=\"\" class=\"wp-image-1318\" srcset=\"https:\/\/xn--tuvozdiasporaespaola-k7b.com\/wp-content\/uploads\/2023\/03\/img_20230315_212218_0336853488028183378135.jpg 1080w, https:\/\/xn--tuvozdiasporaespaola-k7b.com\/wp-content\/uploads\/2023\/03\/img_20230315_212218_0336853488028183378135-300x200.jpg 300w, https:\/\/xn--tuvozdiasporaespaola-k7b.com\/wp-content\/uploads\/2023\/03\/img_20230315_212218_0336853488028183378135-1024x683.jpg 1024w, https:\/\/xn--tuvozdiasporaespaola-k7b.com\/wp-content\/uploads\/2023\/03\/img_20230315_212218_0336853488028183378135-768x512.jpg 768w\" sizes=\"(max-width: 1080px) 100vw, 1080px\" \/><figcaption class=\"wp-element-caption\">Maria Teresa Perez<\/figcaption><\/figure>\n\n\n\n<p>Martina Velarde, diputada de Podemos por Adalucia, portavoz de Memoria en el Congreso y ponente de la Ley de Memoria Democr\u00e1tica de 2022.<\/p>\n\n\n\n<figure class=\"wp-block-image size-large\"><img decoding=\"async\" width=\"386\" height=\"298\" src=\"http:\/\/xn--tuvozdiasporaespaola-k7b.com\/wp-content\/uploads\/2023\/03\/maria-martina-velarde-gomez-400x6102200827791249194313-1.jpg?w=386\" alt=\"\" class=\"wp-image-1322\" srcset=\"https:\/\/xn--tuvozdiasporaespaola-k7b.com\/wp-content\/uploads\/2023\/03\/maria-martina-velarde-gomez-400x6102200827791249194313-1.jpg 386w, https:\/\/xn--tuvozdiasporaespaola-k7b.com\/wp-content\/uploads\/2023\/03\/maria-martina-velarde-gomez-400x6102200827791249194313-1-300x232.jpg 300w\" sizes=\"(max-width: 386px) 100vw, 386px\" \/><figcaption class=\"wp-element-caption\">Martina Velarde<\/figcaption><\/figure>\n\n\n\n<p>Paco Gracia, responsable estatal de Memoria Democr\u00e1tica de Podemos.<\/p>\n\n\n\n<figure class=\"wp-block-image size-large\"><img loading=\"lazy\" decoding=\"async\" width=\"396\" height=\"297\" src=\"http:\/\/xn--tuvozdiasporaespaola-k7b.com\/wp-content\/uploads\/2023\/03\/francisco-gracia-villamayor-400x6102957221186342697101-1.jpg?w=396\" alt=\"\" class=\"wp-image-1321\" srcset=\"https:\/\/xn--tuvozdiasporaespaola-k7b.com\/wp-content\/uploads\/2023\/03\/francisco-gracia-villamayor-400x6102957221186342697101-1.jpg 396w, https:\/\/xn--tuvozdiasporaespaola-k7b.com\/wp-content\/uploads\/2023\/03\/francisco-gracia-villamayor-400x6102957221186342697101-1-300x225.jpg 300w\" sizes=\"(max-width: 396px) 100vw, 396px\" \/><figcaption class=\"wp-element-caption\">Paco Gracia<\/figcaption><\/figure>\n\n\n\n<p>Se abordar\u00e1n las repercusiones de la nueva Ley de Memoria Democr\u00e1tica y de la derogaci\u00f3n del Voto Rogado sobre los procesos de adquisici\u00f3n de la nacionalidad espa\u00f1ola y la recuperaci\u00f3n del papel pol\u00edtico de la emigraci\u00f3n en las pr\u00f3ximas elecciones municipales y auton\u00f3micas del 28 de mayo y Generales del diciembre de \u00e9ste mismo a\u00f1o. Finalmente se atender\u00e1n las peticiones de la ciudadan\u00eda sobre mejora de la atenci\u00f3n en los servicios consulares espa\u00f1oles en el pa\u00eds.<\/p>\n\n\n\n<figure class=\"wp-block-image size-large\"><img loading=\"lazy\" decoding=\"async\" width=\"2400\" height=\"3000\" src=\"http:\/\/xn--tuvozdiasporaespaola-k7b.com\/wp-content\/uploads\/2023\/03\/img_20230318_213331_828594546470061460597.jpg?w=819\" alt=\"\" class=\"wp-image-1331\" srcset=\"https:\/\/xn--tuvozdiasporaespaola-k7b.com\/wp-content\/uploads\/2023\/03\/img_20230318_213331_828594546470061460597.jpg 2400w, https:\/\/xn--tuvozdiasporaespaola-k7b.com\/wp-content\/uploads\/2023\/03\/img_20230318_213331_828594546470061460597-240x300.jpg 240w, https:\/\/xn--tuvozdiasporaespaola-k7b.com\/wp-content\/uploads\/2023\/03\/img_20230318_213331_828594546470061460597-819x1024.jpg 819w, https:\/\/xn--tuvozdiasporaespaola-k7b.com\/wp-content\/uploads\/2023\/03\/img_20230318_213331_828594546470061460597-768x960.jpg 768w, https:\/\/xn--tuvozdiasporaespaola-k7b.com\/wp-content\/uploads\/2023\/03\/img_20230318_213331_828594546470061460597-1568x1960.jpg 1568w\" sizes=\"(max-width: 2400px) 100vw, 2400px\" \/><\/figure>\n\n\n\n<p>La estancia en el pa\u00eds de la comitiva de Podemos finalizar\u00e1 con su presencia  en la Marcha por la Memoria&nbsp; del 24 de Marzo que conmemora el D\u00eda Nacional de la Memoria por la Verdad y la Justicia en Argentina , junto a los residentes espa\u00f1oles convocados por Podemos-Argentina, Diaspora Espa\u00f1ola  y fuerzas participantes.<\/p>\n\n\n\n<p>Redacci\u00f3n de TU VOZ , Delegaci\u00f3n  Argentina.<\/p>\n","protected":false},"excerpt":{"rendered":"<p>La semana pr\u00f3xima una importante delegaci\u00f3n de cargos pol\u00edticos de Podemos y responsables institucionales en el Gobierno de Espa\u00f1a participar\u00e1 en los actos previstos &#8230; <\/p>\n<p class=\"read-more-container\"><a title=\"Una destacada representaci\u00f3n pol\u00edtica e institucional de Podemos, participar\u00e1 en el III Foro Mundial de Derechos Humanos y tendr\u00e1n distintos encuentros con la emigraci\u00f3n espa\u00f1ola en Argentina.\" class=\"read-more button\" href=\"https:\/\/xn--tuvozdiasporaespaola-k7b.com\/page\/2\/una-destacada-representacion-politica-e-institucional-de-podemos-participara-en-el-iii-foro-dmh-2023-y-distintos-encuentros-con-la-emigracion-espanola-en-argentina\/#more-1325\" aria-label=\"M\u00e1s en Una destacada representaci\u00f3n pol\u00edtica e institucional de Podemos, participar\u00e1 en el III Foro Mundial de Derechos Humanos y tendr\u00e1n distintos encuentros con la emigraci\u00f3n espa\u00f1ola en Argentina.\">Leer m\u00e1s<\/a><\/p>\n","protected":false},"author":222560522,"featured_media":0,"comment_status":"open","ping_status":"open","sticky":false,"template":"","format":"standard","meta":{"footnotes":""},"categories":[1771],"tags":[],"class_list":["post-1325","post","type-post","status-publish","format-standard","hentry","category-sociales"],"_links":{"self":[{"href":"https:\/\/xn--tuvozdiasporaespaola-k7b.com\/page\/2\/wp-json\/wp\/v2\/posts\/1325","targetHints":{"allow":["GET"]}}],"collection":[{"href":"https:\/\/xn--tuvozdiasporaespaola-k7b.com\/page\/2\/wp-json\/wp\/v2\/posts"}],"about":[{"href":"https:\/\/xn--tuvozdiasporaespaola-k7b.com\/page\/2\/wp-json\/wp\/v2\/types\/post"}],"author":[{"embeddable":true,"href":"https:\/\/xn--tuvozdiasporaespaola-k7b.com\/page\/2\/wp-json\/wp\/v2\/users\/222560522"}],"replies":[{"embeddable":true,"href":"https:\/\/xn--tuvozdiasporaespaola-k7b.com\/page\/2\/wp-json\/wp\/v2\/comments?post=1325"}],"version-history":[{"count":0,"href":"https:\/\/xn--tuvozdiasporaespaola-k7b.com\/page\/2\/wp-json\/wp\/v2\/posts\/1325\/revisions"}],"wp:attachment":[{"href":"https:\/\/xn--tuvozdiasporaespaola-k7b.com\/page\/2\/wp-json\/wp\/v2\/media?parent=1325"}],"wp:term":[{"taxonomy":"category","embeddable":true,"href":"https:\/\/xn--tuvozdiasporaespaola-k7b.com\/page\/2\/wp-json\/wp\/v2\/categories?post=1325"},{"taxonomy":"post_tag","embeddable":true,"href":"https:\/\/xn--tuvozdiasporaespaola-k7b.com\/page\/2\/wp-json\/wp\/v2\/tags?post=1325"}],"curies":[{"name":"wp","href":"https:\/\/api.w.org\/{rel}","templated":true}]}}