{"id":1314,"date":"2023-03-16T18:08:04","date_gmt":"2023-03-16T21:08:04","guid":{"rendered":"https:\/\/xn--tuvozdiasporaespaola-k7b.com\/2023\/03\/16\/cenizas-de-babilonia-diaspora-espanola-y-su-homenaje-a-las-victimas-del-11-m\/"},"modified":"2023-03-16T19:01:34","modified_gmt":"2023-03-16T22:01:34","slug":"cenizas-de-babilonia-diaspora-espanola-y-su-homenaje-a-las-victimas-del-11-m","status":"publish","type":"post","link":"https:\/\/xn--tuvozdiasporaespaola-k7b.com\/page\/2\/cenizas-de-babilonia-diaspora-espanola-y-su-homenaje-a-las-victimas-del-11-m\/","title":{"rendered":"\u201cCENIZAS DE BABILONIA- DI\u00c1SPORA ESPA\u00d1OLA\u201d Y SU HOMENAJE A LAS V\u00cdCTIMAS DEL 11-M"},"content":{"rendered":"\n<p>En una edici\u00f3n especial dedicada a la memoria de las v\u00edctima del atentado terrorista ocurrido en Madrid el 11 de marzo de 2004, Roberto San Mart\u00edn, director y conductor de \u201cCenizas de Babilonia-Di\u00e1spora Espa\u00f1ola\u201d (AM570 Radio Argentina), se refiri\u00f3 en su editorial a los hechos que conmocionaron a Espa\u00f1a y al mundo entero, haciendo hincapi\u00e9 en los entresijos del poder y la pol\u00edtica, y honrando la memoria de las 192 personas fallecidas aquella ma\u00f1ana en la capital espa\u00f1ola, a la que defini\u00f3 como \u201ccentro del dolor\u201d.<\/p>\n\n\n\n<p>En lo que ata\u00f1e al plano de la pol\u00edtica espa\u00f1ola de aquellos d\u00edas, Roberto San Mart\u00edn sostuvo en su columna que \u201cdespu\u00e9s de diecinueve a\u00f1os de esta masacre, todav\u00eda hay quienes ponen en duda la autor\u00eda de la misma. Gente miserable y mezquina del PP como Jos\u00e9 Mar\u00eda Aznar y de su Brunete medi\u00e1tica que, buscando excusas incre\u00edbles, siguen culpando a ETA, levantando sospechas infundadas\u201d. \u201cEstos delincuentes\u2026\u201d, sostuvo San Mart\u00edn en referencia a los miembros del Partido Popular que \u201cbuscaron protagonismos echando basura en otros, sin importarles lo que a esos otros les pudiera pasar\u201d.\u00a0<\/p>\n\n\n\n<p>En el momento del atentado terrorista gobernaba en Espa\u00f1a el PP y las fuerzas de seguridad del Estado depend\u00edan de \u00c1ngel Acebes. \u201cAlgunos siguen con las teor\u00edas conspiranoicas, del queremos saber\u201d, remarca el editorialista de \u201cCenizas de Babilonia-Di\u00e1spora Espa\u00f1ola\u201d.<\/p>\n\n\n\n<p><a href=\"https:\/\/www.youtube.com\/watch?v=t7LrYkP08PQ&amp;t=1428s\">https:\/\/www.youtube.com\/watch?v=t7LrYkP08PQ&amp;t=1428s<\/a><\/p>\n\n\n\n<p>El programa, que se emite los d\u00edas martes por AM 570 Radio Argentina, estuvo dedicado en su primera parte, a homenajear a los fallecidos el 11M. Bajo el denominador de \u201cLas Voces del 11M. In Memoriam\u201d, el espacio se centr\u00f3 en su primer tercio, en la reconstrucci\u00f3n de los hechos que conmocionaron a Espa\u00f1a y al mundo hace diecinueve a\u00f1os atr\u00e1s, cuando en plena hora punta se produjeron diez explosiones casi simult\u00e1neas en cuatro trenes de Madrid. M\u00e1s tarde, y tras un intento de desactivaci\u00f3n, la polic\u00eda deton\u00f3 de forma controlada dos artefactos que no hab\u00edan estallado. Tras ello desactivaron un tercero que permitir\u00eda, debido a su contenido, iniciar las primeras pesquisas que conducir\u00edan a la identificaci\u00f3n de los autores.<\/p>\n\n\n\n<figure class=\"wp-block-image size-large\"><img fetchpriority=\"high\" decoding=\"async\" width=\"824\" height=\"621\" src=\"http:\/\/xn--tuvozdiasporaespaola-k7b.com\/wp-content\/uploads\/2023\/03\/screenshot_20230316_180715_docs1749150378126250195.jpg?w=824\" alt=\"\" class=\"wp-image-1313\" srcset=\"https:\/\/xn--tuvozdiasporaespaola-k7b.com\/wp-content\/uploads\/2023\/03\/screenshot_20230316_180715_docs1749150378126250195.jpg 824w, https:\/\/xn--tuvozdiasporaespaola-k7b.com\/wp-content\/uploads\/2023\/03\/screenshot_20230316_180715_docs1749150378126250195-300x226.jpg 300w, https:\/\/xn--tuvozdiasporaespaola-k7b.com\/wp-content\/uploads\/2023\/03\/screenshot_20230316_180715_docs1749150378126250195-768x579.jpg 768w\" sizes=\"(max-width: 824px) 100vw, 824px\" \/><\/figure>\n\n\n\n<p>Walter Medina Redacci\u00f3n revista TU VOZ. Delegaci\u00f3n de Argentina<\/p>\n","protected":false},"excerpt":{"rendered":"<p>En una edici\u00f3n especial dedicada a la memoria de las v\u00edctima del atentado terrorista ocurrido en Madrid el 11 de marzo de 2004, Roberto &#8230; <\/p>\n<p class=\"read-more-container\"><a title=\"\u201cCENIZAS DE BABILONIA- DI\u00c1SPORA ESPA\u00d1OLA\u201d Y SU HOMENAJE A LAS V\u00cdCTIMAS DEL 11-M\" class=\"read-more button\" href=\"https:\/\/xn--tuvozdiasporaespaola-k7b.com\/page\/2\/cenizas-de-babilonia-diaspora-espanola-y-su-homenaje-a-las-victimas-del-11-m\/#more-1314\" aria-label=\"M\u00e1s en \u201cCENIZAS DE BABILONIA- DI\u00c1SPORA ESPA\u00d1OLA\u201d Y SU HOMENAJE A LAS V\u00cdCTIMAS DEL 11-M\">Leer m\u00e1s<\/a><\/p>\n","protected":false},"author":222560522,"featured_media":0,"comment_status":"open","ping_status":"open","sticky":false,"template":"","format":"standard","meta":{"footnotes":""},"categories":[1771],"tags":[],"class_list":["post-1314","post","type-post","status-publish","format-standard","hentry","category-sociales"],"_links":{"self":[{"href":"https:\/\/xn--tuvozdiasporaespaola-k7b.com\/page\/2\/wp-json\/wp\/v2\/posts\/1314","targetHints":{"allow":["GET"]}}],"collection":[{"href":"https:\/\/xn--tuvozdiasporaespaola-k7b.com\/page\/2\/wp-json\/wp\/v2\/posts"}],"about":[{"href":"https:\/\/xn--tuvozdiasporaespaola-k7b.com\/page\/2\/wp-json\/wp\/v2\/types\/post"}],"author":[{"embeddable":true,"href":"https:\/\/xn--tuvozdiasporaespaola-k7b.com\/page\/2\/wp-json\/wp\/v2\/users\/222560522"}],"replies":[{"embeddable":true,"href":"https:\/\/xn--tuvozdiasporaespaola-k7b.com\/page\/2\/wp-json\/wp\/v2\/comments?post=1314"}],"version-history":[{"count":0,"href":"https:\/\/xn--tuvozdiasporaespaola-k7b.com\/page\/2\/wp-json\/wp\/v2\/posts\/1314\/revisions"}],"wp:attachment":[{"href":"https:\/\/xn--tuvozdiasporaespaola-k7b.com\/page\/2\/wp-json\/wp\/v2\/media?parent=1314"}],"wp:term":[{"taxonomy":"category","embeddable":true,"href":"https:\/\/xn--tuvozdiasporaespaola-k7b.com\/page\/2\/wp-json\/wp\/v2\/categories?post=1314"},{"taxonomy":"post_tag","embeddable":true,"href":"https:\/\/xn--tuvozdiasporaespaola-k7b.com\/page\/2\/wp-json\/wp\/v2\/tags?post=1314"}],"curies":[{"name":"wp","href":"https:\/\/api.w.org\/{rel}","templated":true}]}}