{"id":1311,"date":"2023-03-12T04:58:35","date_gmt":"2023-03-12T07:58:35","guid":{"rendered":"https:\/\/xn--tuvozdiasporaespaola-k7b.com\/?p=1311"},"modified":"2023-08-03T14:34:40","modified_gmt":"2023-08-03T17:34:40","slug":"queremos-centrarnos-en-la-igualdad-y-en-la-incluson","status":"publish","type":"post","link":"https:\/\/xn--tuvozdiasporaespaola-k7b.com\/page\/2\/queremos-centrarnos-en-la-igualdad-y-en-la-incluson\/","title":{"rendered":"\u201cQUEREMOS CENTRARNOS EN LA IGUALDAD Y EN LA INCLUS\u00d3N\u201d"},"content":{"rendered":"\n<p>ENTREVISTA A MAR\u00cdA BALLESTER<\/p>\n\n\n\n<p>Durante una entrevista realizada por Francisco L\u00f3pez para el segmento \u201cTiempos del CRE\u201d, del programa radial \u201cCenizas de Babilonia. Di\u00e1spora Espa\u00f1ola\u201d (AM 570 Radio Argentina), la Presidenta de la Comisi\u00f3n de la Mujer y Juventud del Consejo General de la Ciudadan\u00eda en el Exterior, Mar\u00eda Ballester, se refiri\u00f3 al nuevo protocolo de violencia de g\u00e9nero. <em>\u201cEl protocolo todav\u00eda no ha sido publicado oficialmente pero s\u00ed que tuvimos acceso en la comisi\u00f3n de J\u00f3venes y Mujeres al borrador, a modo de revisi\u00f3n y de compartir nuestras inquietudes, nuestras preguntas y nuestras posibles modificaciones. Es cierto que tiene algunas mejoras pero todav\u00eda vemos carencias, sobre todo en el \u00e1mbito jur\u00eddico; supongo que es un tema mucho m\u00e1s dif\u00edcil de tratar, pero es algo en lo que tendremos que trabajar porque la protecci\u00f3n no es completa con respecto a las mujeres v\u00edctimas de violencia de g\u00e9nero\u201d<\/em>.<\/p>\n\n\n\n<figure class=\"wp-block-image size-large\"><img fetchpriority=\"high\" decoding=\"async\" width=\"590\" height=\"700\" src=\"http:\/\/xn--tuvozdiasporaespaola-k7b.com\/wp-content\/uploads\/2023\/03\/screenshot_20230312_085108_twitter7645563387119904901.jpg?w=590\" alt=\"\" class=\"wp-image-1309\" srcset=\"https:\/\/xn--tuvozdiasporaespaola-k7b.com\/wp-content\/uploads\/2023\/03\/screenshot_20230312_085108_twitter7645563387119904901.jpg 590w, https:\/\/xn--tuvozdiasporaespaola-k7b.com\/wp-content\/uploads\/2023\/03\/screenshot_20230312_085108_twitter7645563387119904901-253x300.jpg 253w\" sizes=\"(max-width: 590px) 100vw, 590px\" \/><\/figure>\n\n\n\n<p><strong>\u00bfQu\u00e9 acciones son las que est\u00e1 llevando en este 2023 la Comisi\u00f3n que presides conjuntamente con los consejeros que la integran?<\/strong><\/p>\n\n\n\n<p><em>Las propuestas que ya te he comentado el a\u00f1o pasado durante nuestra \u00faltima entrevista se han aprobado la semana pasada en un pleno telem\u00e1tico que se celebr\u00f3 durante diez d\u00edas en los que le\u00edmos las propuestas y propusimos enmienda. Y luego pasaron cuarenta y ocho horas para la votaci\u00f3n. De nuestra comisi\u00f3n se han aprobado afortunadamente todas. Los temas que trat\u00e1bamos son la necesidad de que hubiera un lenguaje m\u00e1s inclusivo en el material did\u00e1ctico de las ALCEs (Agrupaci\u00f3n de Lengua y Cultura Espa\u00f1ola), ped\u00edamos tambi\u00e9n m\u00e1s datos sobre la situaci\u00f3n de las mujeres en el extranjero; vamos tambi\u00e9n a elaborar una sobre juventud, de modo que tambi\u00e9n necesitamos datos de la situaci\u00f3n de los j\u00f3venes, qu\u00e9 tipo de movimientos migratorios est\u00e1 habiendo, qu\u00e9 asistencias, qu\u00e9 proyectos hay\u2026 Nos faltan datos para poder seguir trabajando. S\u00ed que existen otros informes, como Juventud en Cifras, en los que no se tiene en cuenta la ciudadan\u00eda que reside en el exterior. Ese es uno de nuestros proyectos. Seguiremos enfoc\u00e1ndonos en el protocolo porque la atenci\u00f3n que se les est\u00e1 dando a las mujeres v\u00edctimas de violencia de g\u00e9nero no es suficiente. Queremos centrarnos en la igualdad, en la inclusi\u00f3n no solo de mujeres y j\u00f3venes, sino tambi\u00e9n de cualquier otro colectivo que pueda estar en una situaci\u00f3n desfavorecida o de discriminaci\u00f3n; personas discapacitadas, el colectivo EGTBI, etc; va m\u00e1s all\u00e1 de j\u00f3venes y mujeres. Tambi\u00e9n estamos intentando contactar con diferentes medios, elaborando campa\u00f1as publicitarias para dar m\u00e1s visibilidad al consejo y a los CRE, porque al fin y al cabo es el \u00fanico \u00f3rgano en el que no est\u00e1n los partidos representados sino que es una participaci\u00f3n civil, ciudadana. Y es un \u00f3rgano que necesita m\u00e1s visibilidad y m\u00e1s recursos.<\/em><\/p>\n\n\n\n<p><strong>Como presidenta del CRE de Z\u00farich, \u00bflos CRE est\u00e1n aportando a estas comisiones para marcar la hoja de ruta o para destacar las necesidades que tienen en sus respectivos pa\u00edses? Porque cada pa\u00eds tiene una problem\u00e1tica diferente.&nbsp;<\/strong><\/p>\n\n\n\n<p><em>Precisamente eso es lo que tenemos en cuenta, que otros pa\u00edses por ejemplo del centro de Europa, es m\u00e1s f\u00e1cil o se tiene m\u00e1s atenci\u00f3n, aunque no es cierto. Yo conozco a compa\u00f1eras de las asociaciones de mujeres en Alemania que lo ven d\u00eda a d\u00eda. Y las leyes en Alemania no son mejores que en otros pa\u00edses. Pero s\u00ed es cierto que comparado con Latinoam\u00e9rica las dificultades son mayores. Los CREs estamos en contacto y en continuo di\u00e1logo, y naces precisamente de ah\u00ed todas estas propuestas y la exposici\u00f3n de las diferentes problem\u00e1ticas nace de los CREs. Nosotros representamos en primer lugar a la ciudadan\u00eda, pero en segundo lugar los que nos han elegido y de donde hemos salido son los CRE. De hecho aqu\u00ed en Suiza nos ha llegado un caso de una chica que estaba sufriendo abusos por parte de su pareja. Y esto est\u00e1 pasando en Suiza. Las leyes y los procedimientos hay que adecuarlos al pa\u00eds, pero estamos pidiendo a las instituciones espa\u00f1olas, que son las que representan nuestros derechos como espa\u00f1oles y espa\u00f1olas.&nbsp;<\/em><\/p>\n\n\n\n<figure class=\"wp-block-image size-large\"><img decoding=\"async\" width=\"935\" height=\"578\" src=\"http:\/\/xn--tuvozdiasporaespaola-k7b.com\/wp-content\/uploads\/2023\/03\/screenshot_20230312_085321_google7591014246821661754.jpg?w=935\" alt=\"\" class=\"wp-image-1310\" srcset=\"https:\/\/xn--tuvozdiasporaespaola-k7b.com\/wp-content\/uploads\/2023\/03\/screenshot_20230312_085321_google7591014246821661754.jpg 935w, https:\/\/xn--tuvozdiasporaespaola-k7b.com\/wp-content\/uploads\/2023\/03\/screenshot_20230312_085321_google7591014246821661754-300x185.jpg 300w, https:\/\/xn--tuvozdiasporaespaola-k7b.com\/wp-content\/uploads\/2023\/03\/screenshot_20230312_085321_google7591014246821661754-768x475.jpg 768w\" sizes=\"(max-width: 935px) 100vw, 935px\" \/><\/figure>\n\n\n\n<p><strong>Hay una laguna en el exterior con respecto al colectivo LGTBI, Trans. Tambi\u00e9n sufren violencia de g\u00e9nero o el negacionismo que seg\u00fan las condiciones de algunos pa\u00edses puede ser muy grave. No veo que haya una pol\u00edtica con respecto a estos colectivos.&nbsp;<\/strong><\/p>\n\n\n\n<p><em>De momento no me consta que exista<\/em> <em>ninguna ley que proteja a estos colectivos de los delitos de odio. Es una de las ideas que propuse. Que nos centremos no solamente en j\u00f3venes&nbsp; mujeres sino en todos estos colectivos, en la inclusi\u00f3n, en la no discriminaci\u00f3n, en que no haya razones por las que personas de determinado colectivo se puedan ver discriminadas por una ley o por un proyecto o medida.<\/em><\/p>\n\n\n\n<p>Walter Medina  Redacci\u00f3n revista TU VOZ. Delegacion Argentina.<\/p>\n","protected":false},"excerpt":{"rendered":"<p>ENTREVISTA A MAR\u00cdA BALLESTER Durante una entrevista realizada por Francisco L\u00f3pez para el segmento \u201cTiempos del CRE\u201d, del programa radial \u201cCenizas de Babilonia. Di\u00e1spora &#8230; <\/p>\n<p class=\"read-more-container\"><a title=\"\u201cQUEREMOS CENTRARNOS EN LA IGUALDAD Y EN LA INCLUS\u00d3N\u201d\" class=\"read-more button\" href=\"https:\/\/xn--tuvozdiasporaespaola-k7b.com\/page\/2\/queremos-centrarnos-en-la-igualdad-y-en-la-incluson\/#more-1311\" aria-label=\"M\u00e1s en \u201cQUEREMOS CENTRARNOS EN LA IGUALDAD Y EN LA INCLUS\u00d3N\u201d\">Leer m\u00e1s<\/a><\/p>\n","protected":false},"author":222560522,"featured_media":3453,"comment_status":"open","ping_status":"open","sticky":false,"template":"","format":"standard","meta":{"footnotes":""},"categories":[121854,121858],"tags":[],"class_list":["post-1311","post","type-post","status-publish","format-standard","has-post-thumbnail","hentry","category-consejo-de-residentes-espanoles","category-genero","resize-featured-image"],"_links":{"self":[{"href":"https:\/\/xn--tuvozdiasporaespaola-k7b.com\/page\/2\/wp-json\/wp\/v2\/posts\/1311","targetHints":{"allow":["GET"]}}],"collection":[{"href":"https:\/\/xn--tuvozdiasporaespaola-k7b.com\/page\/2\/wp-json\/wp\/v2\/posts"}],"about":[{"href":"https:\/\/xn--tuvozdiasporaespaola-k7b.com\/page\/2\/wp-json\/wp\/v2\/types\/post"}],"author":[{"embeddable":true,"href":"https:\/\/xn--tuvozdiasporaespaola-k7b.com\/page\/2\/wp-json\/wp\/v2\/users\/222560522"}],"replies":[{"embeddable":true,"href":"https:\/\/xn--tuvozdiasporaespaola-k7b.com\/page\/2\/wp-json\/wp\/v2\/comments?post=1311"}],"version-history":[{"count":1,"href":"https:\/\/xn--tuvozdiasporaespaola-k7b.com\/page\/2\/wp-json\/wp\/v2\/posts\/1311\/revisions"}],"predecessor-version":[{"id":3501,"href":"https:\/\/xn--tuvozdiasporaespaola-k7b.com\/page\/2\/wp-json\/wp\/v2\/posts\/1311\/revisions\/3501"}],"wp:featuredmedia":[{"embeddable":true,"href":"https:\/\/xn--tuvozdiasporaespaola-k7b.com\/page\/2\/wp-json\/wp\/v2\/media\/3453"}],"wp:attachment":[{"href":"https:\/\/xn--tuvozdiasporaespaola-k7b.com\/page\/2\/wp-json\/wp\/v2\/media?parent=1311"}],"wp:term":[{"taxonomy":"category","embeddable":true,"href":"https:\/\/xn--tuvozdiasporaespaola-k7b.com\/page\/2\/wp-json\/wp\/v2\/categories?post=1311"},{"taxonomy":"post_tag","embeddable":true,"href":"https:\/\/xn--tuvozdiasporaespaola-k7b.com\/page\/2\/wp-json\/wp\/v2\/tags?post=1311"}],"curies":[{"name":"wp","href":"https:\/\/api.w.org\/{rel}","templated":true}]}}