{"id":1307,"date":"2023-03-09T14:28:38","date_gmt":"2023-03-09T17:28:38","guid":{"rendered":"https:\/\/xn--tuvozdiasporaespaola-k7b.com\/2023\/03\/09\/la-identidad-espanola-una-grande-y-variada\/"},"modified":"2023-03-09T14:30:46","modified_gmt":"2023-03-09T17:30:46","slug":"la-identidad-espanola-una-grande-y-variada","status":"publish","type":"post","link":"https:\/\/xn--tuvozdiasporaespaola-k7b.com\/page\/2\/la-identidad-espanola-una-grande-y-variada\/","title":{"rendered":"La identidad espa\u00f1ola: \u00bfuna, grande y variada?"},"content":{"rendered":"\n<p>De los casi 35 millones de votos, el 7% provienen de los espa\u00f1oles que residimos en el exterior siendo la di\u00e1spora la tercera provincia en poblaci\u00f3n en Espa\u00f1a. Cuando incluimos a los menores esta cifra llega a 2.7 millones de ciudadanos espa\u00f1oles que no residimos en Espa\u00f1a.<\/p>\n\n\n\n<p>De la cifra actual gran parte son emigrantes que salen de Espa\u00f1a en busca de un futuro mejor, muchos son hijos de ciudadanos no originarios de Espa\u00f1a que vuelven al pa\u00eds de sus progenitores como ciudadanos espa\u00f1oles, y muchos son beb\u00e9s nacidos en el exterior. Los emigrantes nacidos en Espa\u00f1a son la parte que proporcionalmente baja m\u00e1s anualmente.<\/p>\n\n\n\n<p>La cifra de espa\u00f1oles mayores de edad en el exterior desde 2018 ha subido un 13%, unos 260 mil nuevos emigrantes y la Ley de Memoria Democr\u00e1tica (LMD) va a empujar a que haya un incremento incluso superior, una vez soliciten la nacionalidad aquellos que puedan acogerse a la disposici\u00f3n adicional 8\u00aa de esta ley.<\/p>\n\n\n\n<p>La LMD va a incrementar este n\u00famero de espa\u00f1oles y espa\u00f1olas, y esta semana la amiga Ana, emigrante veterana en Londres, que perdi\u00f3 la nacionalidad por casarse con brit\u00e1nico me comunicaba que su hija y nietos podr\u00e1n tener la nacionalidad espa\u00f1ola tras d\u00e9cadas de ser ninguneada e ignorada, ante la falta de posibilidades que nuestras leyes daban a nuestros descendientes\u2026 hasta la LMD, pero solo por 2 a\u00f1os.<\/p>\n\n\n\n<p>El jueves 2 de marzo el Instituto Cervantes de Leeds organizaba una charla con la ilustre periodista Luc\u00eda Asu\u00e9 Mbomio Rubio, que durante casi 1 hora explic\u00f3 sus experiencias como ciudadana espa\u00f1ola con ascendencia guineana.<\/p>\n\n\n\n<p>Para un emigrante como yo, con m\u00e1s de 25 a\u00f1os en Reino Unido, muchas de sus vivencias, experiencias e historias resonaban y mucho, y adem\u00e1s desde diferentes puntos de vista: desde el espa\u00f1olito con unas preconcepciones, privilegios y cultura que es dif\u00edcil de superar (en sus aspectos negativos) a la del emigrante que busca su futuro en una tierra que no es la suya.<\/p>\n\n\n\n<p>Luc\u00eda hablaba de las mujeres espa\u00f1olas que se casaban con guineanos en plena dictadura, de lo que escribi\u00f3 en \u2018Las que se atrevieron\u2019 (editorial Sial Pigmalion) y de su b\u00fasqueda de un espacio en una Espa\u00f1a en que el ser negro era ex\u00f3tico, y se usaban (y se usan) t\u00f3picos normalmente peyorativos e hipersexualizados.<\/p>\n\n\n\n<p>Estas familias de diferentes or\u00edgenes eran los raros en nuestras ciudades en los \u201980 y \u201990, y la bendita inmigraci\u00f3n ha ayudado a que ahora en nuestras ciudades las nuevas generaciones tengan amigas y amigos de diferentes or\u00edgenes o religiones\u2026 pero a\u00fan hay mucho trabajo por hacer para acallar las voces xen\u00f3fobas, retrogradas, racistas, mis\u00f3ginas y hom\u00f3fobas que tenemos en nuestra sociedad.<\/p>\n\n\n\n<p>No hemos ido de 0 a 100 y pa\u00edses como Reino Unido que desde fuera vemos como muy avanzado aun sigue trabajando en este aspecto, con cuotas, presupuestos en los departamentos de recursos humanos para asegurar la inclusividad, y mucho trabajo en la educaci\u00f3n de nuestras hijas e hijos.<\/p>\n\n\n\n<p>Seguimos en nuestro d\u00eda a d\u00eda con preconcepciones y asunciones que por muy inclusivo y moderno que te creas, seguimos usando.<\/p>\n\n\n\n<figure class=\"wp-block-image size-large\"><img fetchpriority=\"high\" decoding=\"async\" width=\"1960\" height=\"1470\" src=\"http:\/\/xn--tuvozdiasporaespaola-k7b.com\/wp-content\/uploads\/2023\/03\/1490719966_497975_1490769238_noticia_fotograma9091639176600780019.jpg?w=1024\" alt=\"\" class=\"wp-image-1306\" srcset=\"https:\/\/xn--tuvozdiasporaespaola-k7b.com\/wp-content\/uploads\/2023\/03\/1490719966_497975_1490769238_noticia_fotograma9091639176600780019.jpg 1960w, https:\/\/xn--tuvozdiasporaespaola-k7b.com\/wp-content\/uploads\/2023\/03\/1490719966_497975_1490769238_noticia_fotograma9091639176600780019-300x225.jpg 300w, https:\/\/xn--tuvozdiasporaespaola-k7b.com\/wp-content\/uploads\/2023\/03\/1490719966_497975_1490769238_noticia_fotograma9091639176600780019-1024x768.jpg 1024w, https:\/\/xn--tuvozdiasporaespaola-k7b.com\/wp-content\/uploads\/2023\/03\/1490719966_497975_1490769238_noticia_fotograma9091639176600780019-768x576.jpg 768w, https:\/\/xn--tuvozdiasporaespaola-k7b.com\/wp-content\/uploads\/2023\/03\/1490719966_497975_1490769238_noticia_fotograma9091639176600780019-1568x1176.jpg 1568w\" sizes=\"(max-width: 1960px) 100vw, 1960px\" \/><\/figure>\n\n\n\n<p>Luc\u00eda hablaba de la idealizaci\u00f3n del pa\u00eds de origen del padre o la madre, y vemos c\u00f3mo nuestros descendientes siguen con una idea de un pa\u00eds perfecto, que es lo que experimentan cuando van unos d\u00edas de vacaciones y sin ninguna obligaci\u00f3n.<\/p>\n\n\n\n<p>La idea de Espa\u00f1a variar\u00e1 mucho si vives en Reino Unido o si naciste en Cuba o Brasil, y estos espa\u00f1oles y espa\u00f1olas nacidas en el exterior, por desgracia, no ser\u00e1n tratados como ciudadanos plenamente espa\u00f1oles por multitud de razones equivocadas que pasan desde su acento, a su color de piel.<\/p>\n\n\n\n<p>Espa\u00f1a no trata como espa\u00f1ola a Luc\u00eda Mbomio a pesar de ser de M\u00f3stoles y vivir en Alcorc\u00f3n.<\/p>\n\n\n\n<p>Luc\u00eda sufre lo que denomina muy bien la \u201cpregunta con eco\u201d que le hacen cuando conoce a alguien y quieren asegurarse de su procedencia\u2026 \u2018\u00bfde Madrid, Madrid?\u2019\u2026 y as\u00ed toda su vida.<\/p>\n\n\n\n<p>Pero este ejemplo de pregunta sin tacto yo la he hecho y me he sentido rid\u00edculo inmediatamente despu\u00e9s.<\/p>\n\n\n\n<p>Hace unos a\u00f1os el Choj\u00edn, asiduo visitante de Leeds, dio un concierto y al salir me puse a hablar en ingl\u00e9s con un chico negro que yo asum\u00ed que era brit\u00e1nico, y en perfecto \u2018madrile\u00f1o castizo\u2019 me dijo que no entend\u00eda ni papa de ingl\u00e9s\u2026 dando por sentado la espa\u00f1olidad seg\u00fan unas apariencias\u2026 y lo hago yo que tengo una sobrina vallisoletana negra.<\/p>\n\n\n\n<figure class=\"wp-block-image size-large\"><img decoding=\"async\" width=\"414\" height=\"248\" src=\"http:\/\/xn--tuvozdiasporaespaola-k7b.com\/wp-content\/uploads\/2023\/03\/nbdsuoo2q7lbj265yzt52ta2yi28129630950843684575039.jpg?w=414\" alt=\"\" class=\"wp-image-1305\" srcset=\"https:\/\/xn--tuvozdiasporaespaola-k7b.com\/wp-content\/uploads\/2023\/03\/nbdsuoo2q7lbj265yzt52ta2yi28129630950843684575039.jpg 414w, https:\/\/xn--tuvozdiasporaespaola-k7b.com\/wp-content\/uploads\/2023\/03\/nbdsuoo2q7lbj265yzt52ta2yi28129630950843684575039-300x180.jpg 300w\" sizes=\"(max-width: 414px) 100vw, 414px\" \/><\/figure>\n\n\n\n<p>Hay un gran componente de ignorancia hac\u00eda parte de la ciudadan\u00eda espa\u00f1ola y les invisibilizamos, no solo de manera individual sino desde las instituciones. Muchas veces nuestras instituciones permiten que se discrimine a la poblaci\u00f3n, dificultando la interacci\u00f3n, y a los colectivos discriminados de manera habitual, la digitalizaci\u00f3n de los procedimientos est\u00e1 creando asimismo una discriminaci\u00f3n tecnol\u00f3gica con aquellos que no tienen capacidad de usar nuevas tecnolog\u00edas o no tienen los dispositivos y redes para hacer los tr\u00e1mites en sus casas. En vez de reducir la discriminaci\u00f3n, a veces se incrementan.<\/p>\n\n\n\n<p>Es de aplaudir el esfuerzo que realiza el Consulado General de Manchester, con la c\u00f3nsul Laura Garc\u00eda Alfaya a la cabeza, en hacer sentir bienvenidos a ciudadanos espa\u00f1oles que tienen como primera lengua otra diferente al castellano, como es el caso del urdu y facilitando los tr\u00e1mites teniendo en plantilla a trabajadores con los conocimientos en otras lenguas que permiten asistir a los principales colectivos que tenemos en esta demarcaci\u00f3n.<\/p>\n\n\n\n<p>Luc\u00eda Mbomio y sus libros permiten abrir una conversaci\u00f3n sobre la identidad, el sentido de pertenencia y la poca empat\u00eda que a veces tenemos. Curioso c\u00f3mo para unas cosas pedimos \u2018papeles\u2019, y a veces a estos \u2018papeles\u2019 se les quita valor si tu acento, color de piel o apariencia no cumple sus est\u00e1ndares.\u00a0<\/p>\n\n\n\n<p>Las preconcepciones y la cultura en la que hemos nacido influyen y mucho pero hay que evolucionar y evitar errores y generalizaciones. Debemos reconocer nuestros privilegios como ciudadanos por algunas de nuestras caracter\u00edsticas, as\u00ed como necesitamos reconocer y aprender a convivir y defendernos de las discriminaciones que podemos sufrir.<\/p>\n\n\n\n<p>David Casarejos,\u00a0\u00a0 Presidente de la Comisi\u00f3n de Derechos Civiles del CGCE.<\/p>\n","protected":false},"excerpt":{"rendered":"<p>De los casi 35 millones de votos, el 7% provienen de los espa\u00f1oles que residimos en el exterior siendo la di\u00e1spora la tercera provincia &#8230; <\/p>\n<p class=\"read-more-container\"><a title=\"La identidad espa\u00f1ola: \u00bfuna, grande y variada?\" class=\"read-more button\" href=\"https:\/\/xn--tuvozdiasporaespaola-k7b.com\/page\/2\/la-identidad-espanola-una-grande-y-variada\/#more-1307\" aria-label=\"M\u00e1s en La identidad espa\u00f1ola: \u00bfuna, grande y variada?\">Leer m\u00e1s<\/a><\/p>\n","protected":false},"author":222560522,"featured_media":0,"comment_status":"open","ping_status":"open","sticky":false,"template":"","format":"standard","meta":{"footnotes":""},"categories":[1771],"tags":[],"class_list":["post-1307","post","type-post","status-publish","format-standard","hentry","category-sociales"],"_links":{"self":[{"href":"https:\/\/xn--tuvozdiasporaespaola-k7b.com\/page\/2\/wp-json\/wp\/v2\/posts\/1307","targetHints":{"allow":["GET"]}}],"collection":[{"href":"https:\/\/xn--tuvozdiasporaespaola-k7b.com\/page\/2\/wp-json\/wp\/v2\/posts"}],"about":[{"href":"https:\/\/xn--tuvozdiasporaespaola-k7b.com\/page\/2\/wp-json\/wp\/v2\/types\/post"}],"author":[{"embeddable":true,"href":"https:\/\/xn--tuvozdiasporaespaola-k7b.com\/page\/2\/wp-json\/wp\/v2\/users\/222560522"}],"replies":[{"embeddable":true,"href":"https:\/\/xn--tuvozdiasporaespaola-k7b.com\/page\/2\/wp-json\/wp\/v2\/comments?post=1307"}],"version-history":[{"count":0,"href":"https:\/\/xn--tuvozdiasporaespaola-k7b.com\/page\/2\/wp-json\/wp\/v2\/posts\/1307\/revisions"}],"wp:attachment":[{"href":"https:\/\/xn--tuvozdiasporaespaola-k7b.com\/page\/2\/wp-json\/wp\/v2\/media?parent=1307"}],"wp:term":[{"taxonomy":"category","embeddable":true,"href":"https:\/\/xn--tuvozdiasporaespaola-k7b.com\/page\/2\/wp-json\/wp\/v2\/categories?post=1307"},{"taxonomy":"post_tag","embeddable":true,"href":"https:\/\/xn--tuvozdiasporaespaola-k7b.com\/page\/2\/wp-json\/wp\/v2\/tags?post=1307"}],"curies":[{"name":"wp","href":"https:\/\/api.w.org\/{rel}","templated":true}]}}